{"id":7053,"date":"2026-01-27T14:16:16","date_gmt":"2026-01-27T13:16:16","guid":{"rendered":"https:\/\/ccs-fabricframe.de\/?p=7053"},"modified":"2026-04-01T11:49:52","modified_gmt":"2026-04-01T09:49:52","slug":"laerm-im-buero","status":"publish","type":"post","link":"https:\/\/ccs-fabricframe.de\/en\/laerm-im-buero\/","title":{"rendered":"Schall &amp; L\u00e4rm im B\u00fcro: Wie schlechte Raumakustik unsere Arbeit beeinflusst\u00a0und wie moderne Akustikl\u00f6sungen helfen\u00a0"},"content":{"rendered":"<div id=\"wd-7cf7d092\" class=\"wp-block-wd-container wd-dir-col\">\n<p id=\"wd-0c3d7398\" class=\"wp-block-wd-paragraph\">L\u00e4rm ist einer der gr\u00f6\u00dften St\u00f6rfaktoren in modernen B\u00fcros. Gerade offene Arbeitslandschaften&nbsp;in moderner Gestaltung&nbsp;bieten zwar kommunikative Vorteile, erzeugen aber schnell eine unruhige Ger\u00e4uschkulisse, die auf Dauer anstrengend f\u00fcr alle Mitarbeitenden wird.<\/p>\n\n\n\n<p id=\"wd-d6532168\" class=\"wp-block-wd-paragraph\">Gute&nbsp;<strong>Raumakustik<\/strong>&nbsp;ist deshalb kein Detail mehr \u2013 sie ist ein gesundheitlich und wirtschaftlich relevanter Erfolgsfaktor.&nbsp;<br>In diesem Beitrag fasst Markus Gonsch euch zusammen, wie Schall entsteht, warum er im B\u00fcro so belastend wirkt und wie&nbsp;ihr&nbsp;mit&nbsp;<strong>Akustik Absorbern<\/strong>,&nbsp;<strong>Schallschutz&nbsp;an den&nbsp;W\u00e4nden<\/strong>,&nbsp;<strong>Akustik Paneelen<\/strong>&nbsp;und gezielter&nbsp;<strong>Raumgestaltung<\/strong>&nbsp;die&nbsp;<em>Raumakustik verbessern<\/em>&nbsp;k\u00f6nnt.&nbsp;<\/p>\n\n\n\n<p class=\"has-text-align-right has-vivid-red-color has-text-color has-link-color wp-elements-95cfc0bd1ead7683b223239e0dfdf0d3\"><em><strong>von Markus Gonsch<\/strong> | Account &amp; Project Manager<\/em><\/p>\n<\/div>\n\n\n\n<h2 class=\"wp-block-heading\"><strong>Was ist Schall \u2013 und warum macht er uns im B\u00fcro so zu schaffen?<\/strong>&nbsp;<\/h2>\n\n\n\n<p id=\"wd-ef71940f\" class=\"wp-block-wd-paragraph\">Fangen wir mit den Basics an: Wissenschaftlich betrachtet ist&nbsp;Schall eine&nbsp;<strong>mechanische&nbsp;Welle<\/strong>, die sich durch die&nbsp;Luft&nbsp;ausbreitet. Jede Schallquelle,&nbsp;sei es eine sprechende Person, eine vibrierende Maschine oder das Klicken einer Tastatur,&nbsp;versetzt Luftteilchen in Schwingung. Diese Schwingungen breiten sich aus und werden von unseren Ohren als akustische Reize wahrgenommen.&nbsp;<\/p>\n\n\n\n<p id=\"wd-2b780991\" class=\"wp-block-wd-paragraph\">Im B\u00fcro entstehen diese Schallwellen durch eine Vielzahl gleichzeitig aktiver Ger\u00e4uschquellen:&nbsp;<br><strong>Stimmen<\/strong>,&nbsp;<strong>Tastatureingaben<\/strong>,&nbsp;<strong>Bewegungen von St\u00fchlen<\/strong>,&nbsp;<strong>L\u00fcfterger\u00e4usche<\/strong>,&nbsp;<strong>Kopierer<\/strong>,&nbsp;<strong>Kaffeemaschinen<\/strong>&nbsp;oder&nbsp;<strong>Telefone<\/strong>. Entscheidend ist, dass diese Ger\u00e4usche in der Regel&nbsp;<strong>nicht einzeln<\/strong>, sondern&nbsp;<strong>\u00fcberlagert<\/strong>&nbsp;und gleichzeitig auftreten. Dadurch entsteht ein diffuser Ger\u00e4uschpegel, der das Gehirn permanent reizt.&nbsp;<\/p>\n\n\n\n<p id=\"wd-0a3da3cf\" class=\"wp-block-wd-paragraph\">Das eigentliche Problem liegt jedoch&nbsp;<strong>nicht im Schall selbst<\/strong>, sondern in der&nbsp;<strong>Interaktion von Schallwellen mit der Raumarchitektur<\/strong>. Moderne B\u00fcros sind h\u00e4ufig in schicken Neubauten aus Glas, Beton und Metall, haben hohe Decken und offene Raumstrukturen. Das sorgt zwar f\u00fcr eine einladende Raumatmosph\u00e4re und regt den Austausch untereinander an, bietet aber durch den gro\u00dfen Schallraum und die harten, glatten Oberfl\u00e4chen die perfekte Schall-Reflektionsfl\u00e4che. Die Folge ist eine&nbsp;<strong>Verl\u00e4ngerung der Nachhallzeit<\/strong>,&nbsp;also der Zeit, die ein Ger\u00e4usch ben\u00f6tigt, bis es vollst\u00e4ndig abgeklungen ist.&nbsp;<\/p>\n\n\n\n<p id=\"wd-ea8118e3\" class=\"wp-block-wd-paragraph\">Vor allem&nbsp;<strong>Sprachschall<\/strong>&nbsp;wird als besonders st\u00f6rend empfunden. Das liegt daran, dass Sprache evolution\u00e4r hoch relevant ist: Das Gehirn versucht st\u00e4ndig, Worte zu entschl\u00fcsseln \u2013 selbst dann, wenn der Inhalt gar nicht&nbsp;wichtig f\u00fcr uns&nbsp;ist. Diese unbewusste Verarbeitung f\u00fchrt zu einer&nbsp;<strong>dauerhaften kognitiven Belastung<\/strong>, die Konzentration und Produktivit\u00e4t&nbsp;stark&nbsp;reduziert.&nbsp;<\/p>\n\n\n\n<p id=\"wd-cdc794b4\" class=\"wp-block-wd-paragraph\">Kurz gesagt:&nbsp;<br>Moderne Architektur erzeugt R\u00e4ume, die&nbsp;<strong>visuell minimalistisch und anregend<\/strong>, aber&nbsp;<strong>akustisch problematisch<\/strong>&nbsp;sind. Und ohne gezielte Ma\u00dfnahmen wie&nbsp;<strong>Akustik Absorber<\/strong>,&nbsp;<strong>Akustik Paneele<\/strong>&nbsp;oder&nbsp;<strong>Schallschutz an W\u00e4nden<\/strong>&nbsp;kann die Arbeit im B\u00fcro zum akustischen Stressfaktor werden.&nbsp;<\/p>\n\n\n\n<h2 class=\"wp-block-heading\"><strong>Wie L\u00e4rm die Gesundheit und Arbeitsleistung beeinflusst \u2013 wissenschaftlich betrachtet<\/strong>&nbsp;<\/h2>\n\n\n\n<p id=\"wd-a1a6597b\" class=\"wp-block-wd-paragraph\">L\u00e4rm ist nicht nur ein akustisches Ph\u00e4nomen, sondern ein&nbsp;<strong>multisensorischer Stressor<\/strong>, der tief in physiologische und kognitive Prozesse eingreift. Die Wirkung von L\u00e4rm am Arbeitsplatz ist gut dokumentiert: Studien aus der&nbsp;<strong>Psychoakustik<\/strong>,&nbsp;<strong>Arbeitsmedizin<\/strong>,&nbsp;<strong>Neuropsychologie<\/strong>&nbsp;und&nbsp;<strong>Umweltforschung<\/strong>&nbsp;zeigen \u00fcbereinstimmend, dass bereits geringe, aber stetige Ger\u00e4uschpegel die Leistungsf\u00e4higkeit messbar beeintr\u00e4chtigen.&nbsp;<\/p>\n\n\n\n<p id=\"wd-e37773e4\" class=\"wp-block-wd-paragraph\">Im B\u00fcro liegt der typische L\u00e4rmpegel zwischen&nbsp;<strong>50\u201365 dB(A)<\/strong>. Das entspricht der Lautst\u00e4rke eines normalen Gespr\u00e4chs. Schon dieser Pegel ist aber ausreichend, um eine&nbsp;<strong>anhaltende Beanspruchung zu sein<\/strong>. Entscheidender als die Lautst\u00e4rke selbst ist die&nbsp;<strong>Art des Ger\u00e4uschs<\/strong>: Unvorhersehbare, sprach\u00e4hnliche oder impulsartige Ger\u00e4usche wirken am belastendsten. Neben dem permanenten Tippen, Klicken und Rauschen der B\u00fcro-Ger\u00e4te sind es genau diese Ger\u00e4usche, die in offenen B\u00fcros immer wieder auftreten und einen aus der Konzentration rei\u00dfen.&nbsp;<\/p>\n\n\n\n<figure class=\"wp-block-image size-large\"><img loading=\"lazy\" decoding=\"async\" width=\"1232\" height=\"693\" src=\"https:\/\/ccs-fabricframe.de\/wp-content\/uploads\/2026\/02\/CCS_Buerogestaltung_Akustik_im_Buero_05-edited.webp\" alt=\"Viele Menschen in einem Gro\u00dfraumb\u00fcro, KI-generiert\" class=\"wp-image-7331\" srcset=\"https:\/\/ccs-fabricframe.de\/wp-content\/uploads\/2026\/02\/CCS_Buerogestaltung_Akustik_im_Buero_05-edited.webp 1232w, https:\/\/ccs-fabricframe.de\/wp-content\/uploads\/2026\/02\/CCS_Buerogestaltung_Akustik_im_Buero_05-edited-300x169.webp 300w, https:\/\/ccs-fabricframe.de\/wp-content\/uploads\/2026\/02\/CCS_Buerogestaltung_Akustik_im_Buero_05-edited-1024x576.webp 1024w, https:\/\/ccs-fabricframe.de\/wp-content\/uploads\/2026\/02\/CCS_Buerogestaltung_Akustik_im_Buero_05-edited-150x84.webp 150w, https:\/\/ccs-fabricframe.de\/wp-content\/uploads\/2026\/02\/CCS_Buerogestaltung_Akustik_im_Buero_05-edited-768x432.webp 768w, https:\/\/ccs-fabricframe.de\/wp-content\/uploads\/2026\/02\/CCS_Buerogestaltung_Akustik_im_Buero_05-edited-18x10.webp 18w, https:\/\/ccs-fabricframe.de\/wp-content\/uploads\/2026\/02\/CCS_Buerogestaltung_Akustik_im_Buero_05-edited-600x338.webp 600w\" sizes=\"auto, (max-width: 1232px) 100vw, 1232px\" \/><figcaption class=\"wp-element-caption\"><sup>KI-generiertes Beispielbild<\/sup><\/figcaption><\/figure>\n\n\n\n<h3 class=\"wp-block-heading\"><strong>Warum unser Gehirn besonders empfindlich auf Sprache reagiert<\/strong>&nbsp;<\/h3>\n\n\n\n<p id=\"wd-5dd400d0\" class=\"wp-block-wd-paragraph\">Wie schon angerissen, hat Sprache einen besonderen Stellenwert in unserer L\u00e4rmwahrnehmung. Das menschliche Gehirn ist evolution\u00e4r darauf programmiert, Sprache automatisch zu verarbeiten.&nbsp;<br>Selbst&nbsp;wenn wir bewusst versuchen, Gespr\u00e4che auszublenden, werden Wortfragmente&nbsp;in den Hirnregionen f\u00fcr Sprache&nbsp;verarbeitet.&nbsp;<\/p>\n\n\n\n<p id=\"wd-b1f9c7e4\" class=\"wp-block-wd-paragraph\">Dies kann zu einer kognitiven \u00dcberlastung f\u00fchren, weil das Gehirn konstant versucht, diese Reize zu filtern und relevantes von Unwichtigem zu trennen. Dadurch wird zum Beispiel die Leistung des Arbeitsged\u00e4chnisses eingeschr\u00e4nkt, vor Allem, wenn die Aufgabe einen mental tats\u00e4chlich herausfordert. Das Ergebnis: Durch die fragmentierte Aufmerksamkeit entstehen weitaus mehr Fehler als in einem ruhigen, konzentrierten Umgebung.<\/p>\n\n\n\n<p id=\"wd-03cc229c\" class=\"wp-block-wd-paragraph\">Deshalb empfinden Menschen das Mith\u00f6ren von Telefonaten oder Gespr\u00e4chen als besonders st\u00f6rend;&nbsp;nicht wegen der Lautst\u00e4rke, sondern wegen der&nbsp;<strong>semantischen Relevanz<\/strong>&nbsp;des Geh\u00f6rten.&nbsp;<\/p>\n\n\n\n<div data-wp-context=\"{ &quot;autoclose&quot;: false, &quot;accordionItems&quot;: [] }\" data-wp-interactive=\"core\/accordion\" role=\"group\" class=\"wp-block-accordion has-background is-layout-flow wp-block-accordion-is-layout-flow\" style=\"background-color:#f7f7f7\">\n<div data-wp-class--is-open=\"state.isOpen\" data-wp-context=\"{ &quot;id&quot;: &quot;accordion-item-1&quot;, &quot;openByDefault&quot;: false }\" data-wp-init=\"callbacks.initAccordionItems\" data-wp-on-window--hashchange=\"callbacks.hashChange\" class=\"wp-block-accordion-item has-background is-layout-flow wp-block-accordion-item-is-layout-flow\" style=\"background-color:#f7f7f7\">\n<h3 class=\"wp-block-accordion-heading\"><button aria-expanded=\"false\" aria-controls=\"accordion-item-1-panel\" data-wp-bind--aria-expanded=\"state.isOpen\" data-wp-on--click=\"actions.toggle\" data-wp-on--keydown=\"actions.handleKeyDown\" id=\"accordion-item-1\" type=\"button\" class=\"wp-block-accordion-heading__toggle\"><span class=\"wp-block-accordion-heading__toggle-title\">K\u00f6rperliche Stressreaktionen durch L\u00e4rm<\/span><span class=\"wp-block-accordion-heading__toggle-icon\" aria-hidden=\"true\">+<\/span><\/button><\/h3>\n\n\n\n<div inert aria-labelledby=\"accordion-item-1\" data-wp-bind--inert=\"!state.isOpen\" id=\"accordion-item-1-panel\" role=\"region\" class=\"wp-block-accordion-panel is-layout-flow wp-block-accordion-panel-is-layout-flow\">\n<p id=\"wd-0d7c92f6\" class=\"wp-block-wd-paragraph\">L\u00e4rm aktiviert das&nbsp;<strong>sympathische Nervensystem<\/strong>, das f\u00fcr&nbsp;Fight-or-Flight-Reaktionen verantwortlich ist. Dies geschieht selbst dann, wenn der L\u00e4rm subjektiv \u201egar nicht so laut\u201c erscheint.&nbsp;<br>Typische physiologische Reaktionen sind die Aussch\u00fcttung von Stresshormonen, die die Herzfrequenz erh\u00f6hen, den Blutdruck steigen lassen, f\u00fcr Verspannungen sorgen und eine schnellere mentale Erm\u00fcdung ausl\u00f6sen.<br>Langfristig wird diese Reiz\u00fcberflutung zu einem Gesundheitsrisiko. Die&nbsp;<a href=\"https:\/\/www.aerzteblatt.de\/archiv\/auswirkungen-von-laerm-auf-das-herz-kreislauf-system-f247b8d5-98d1-4b96-9ae3-3954b1243150\"><strong>Arbeitsmedizin<\/strong>&nbsp;<\/a>stuft Dauerl\u00e4rm am Arbeitsplatz als klaren Stressfaktor ein, der zu Schlafst\u00f6rungen, Kopfschmerzen und Burnout-Symptomen beitragen kann.<\/p>\n<\/div>\n<\/div>\n\n\n\n<div data-wp-class--is-open=\"state.isOpen\" data-wp-context=\"{ &quot;id&quot;: &quot;accordion-item-2&quot;, &quot;openByDefault&quot;: false }\" data-wp-init=\"callbacks.initAccordionItems\" data-wp-on-window--hashchange=\"callbacks.hashChange\" class=\"wp-block-accordion-item is-layout-flow wp-block-accordion-item-is-layout-flow\">\n<h3 class=\"wp-block-accordion-heading\"><button aria-expanded=\"false\" aria-controls=\"accordion-item-2-panel\" data-wp-bind--aria-expanded=\"state.isOpen\" data-wp-on--click=\"actions.toggle\" data-wp-on--keydown=\"actions.handleKeyDown\" id=\"accordion-item-2\" type=\"button\" class=\"wp-block-accordion-heading__toggle\"><span class=\"wp-block-accordion-heading__toggle-title\">Emotionale und psychologische Auswirkungen<\/span><span class=\"wp-block-accordion-heading__toggle-icon\" aria-hidden=\"true\">+<\/span><\/button><\/h3>\n\n\n\n<div inert aria-labelledby=\"accordion-item-2\" data-wp-bind--inert=\"!state.isOpen\" id=\"accordion-item-2-panel\" role=\"region\" class=\"wp-block-accordion-panel is-layout-flow wp-block-accordion-panel-is-layout-flow\">\n<p id=\"wd-059d02d5\" class=\"wp-block-wd-paragraph\">Neben der physischen Belastung hat L\u00e4rm eine <a href=\"https:\/\/www.umweltbundesamt.de\/publikationen\/einfluss-des-laerms-auf-psychische-erkrankungen-des\">starke emotionale Komponente<\/a>. Ger\u00e4usche erzeugen unterschwellige Reaktionen im&nbsp;<strong>limbischen System<\/strong>, dem Zentrum f\u00fcr Emotionen.&nbsp;Daraus k\u00f6nnen die typischen emotionalen Stressreaktionen entstehen, die wir alle auch aus dem Alltag, zum Beispiel aus dem Warten in einem Verkehrsstau, kennen: Gereiztheit, Ungeduld, verringerte soziale Toleranz und ein mangelndes Zugeh\u00f6rigkeitsgef\u00fchl. Ganz klar: Schon kleine akustische St\u00f6rungen k\u00f6nnen die Teamdynamik&nbsp;besonders in offenen Gro\u00dfraumb\u00fcros&nbsp;beeintr\u00e4chtigen und zu Konflikten und Auseinandersetzungen f\u00fchren.&nbsp;<\/p>\n<\/div>\n<\/div>\n\n\n\n<div data-wp-class--is-open=\"state.isOpen\" data-wp-context=\"{ &quot;id&quot;: &quot;accordion-item-3&quot;, &quot;openByDefault&quot;: false }\" data-wp-init=\"callbacks.initAccordionItems\" data-wp-on-window--hashchange=\"callbacks.hashChange\" class=\"wp-block-accordion-item is-layout-flow wp-block-accordion-item-is-layout-flow\">\n<h3 class=\"wp-block-accordion-heading\"><button aria-expanded=\"false\" aria-controls=\"accordion-item-3-panel\" data-wp-bind--aria-expanded=\"state.isOpen\" data-wp-on--click=\"actions.toggle\" data-wp-on--keydown=\"actions.handleKeyDown\" id=\"accordion-item-3\" type=\"button\" class=\"wp-block-accordion-heading__toggle\"><span class=\"wp-block-accordion-heading__toggle-title\">Einfluss von L\u00e4rm auf kognitive Leistungen am Arbeitsplatz<\/span><span class=\"wp-block-accordion-heading__toggle-icon\" aria-hidden=\"true\">+<\/span><\/button><\/h3>\n\n\n\n<div inert aria-labelledby=\"accordion-item-3\" data-wp-bind--inert=\"!state.isOpen\" id=\"accordion-item-3-panel\" role=\"region\" class=\"wp-block-accordion-panel is-layout-flow wp-block-accordion-panel-is-layout-flow\">\n<p id=\"wd-52677742\" class=\"wp-block-wd-paragraph\">Gerade im B\u00fcro m\u00fcssen Menschen Probleml\u00f6sen, Planen, Schreiben, Entscheiden \u2014 alles T\u00e4tigkeiten mit hoher kognitiver Komplexit\u00e4t.&nbsp;<br>L\u00e4rm wirkt hier wie ein \u201eunsichtbarer Gegner\u201c.&nbsp;<\/p>\n\n\n\n<p id=\"wd-51e43f43\" class=\"wp-block-wd-paragraph\"><a href=\"https:\/\/www.sciencedirect.com\/science\/article\/pii\/S0360132324011041\">Wissenschaftliche Erkenntnisse<\/a> zeigen:&nbsp;Schon&nbsp;<strong>55 dB(A)<\/strong>&nbsp;k\u00f6nnen das Textverstehen um bis zu&nbsp;<strong>38 % reduzieren<\/strong>, die Leistung, kreative T\u00e4tigkeiten zu verrichten, sinkt sogar um bis zu<strong>60%<\/strong>. Au\u00dferdem wird das Multitasking erschwert, da das Gehirn permanent schon zum Teil ausgelastet ist. Aus demselben Grund entstehen sogenannte &#8222;Micro-Mistakes\u201c, die h\u00e4ufig unbemerkt bleiben, aber die Gesamtleistung reduzieren. Grunds\u00e4tzlich gilt aber: Je komplexer eine Aufgabe ist, desto empfindlicher ist sie gegen\u00fcber L\u00e4rm.&nbsp;<\/p>\n\n\n\n<p><\/p>\n<\/div>\n<\/div>\n<\/div>\n\n\n\n<h2 class=\"wp-block-heading\"><strong>Schlechte B\u00fcroakustik: Eine Belastung f\u00fcrs Team und die Wirtschaft?<\/strong><\/h2>\n\n\n\n<p id=\"wd-b2799b78\" class=\"wp-block-wd-paragraph\">Kommunikation ist ein zentraler Bestandteil der betrieblichen Zusammenarbeit.&nbsp;Neben den individuellen Problemen, die durch die erh\u00f6hte Lautst\u00e4rke auftreten, wird auch das Gespr\u00e4ch miteinander erschwert, denn permanente Nachfragen und Missverst\u00e4ndnisse sorgen f\u00fcr ineffektive Meetings und einen frustrierenden Austausch. Umso schlimmer: Die Lautst\u00e4rke schaukelt sich hoch, weil alle intuitiv gegen den Raum und den L\u00e4rmpegel ansprechen.<\/p>\n\n\n\n<p id=\"wd-18e01d68\" class=\"wp-block-wd-paragraph\">Auch f\u00fcr Unternehmen an sich hat dies negative Konsequenzen: Die Produktivit\u00e4t sinkt, mehr Fehler entstehen. Mitarbeitende sind unzufrieden, fallen durch den erh\u00f6hten Stress krankheitsbedingt aus oder verlassen das Unternehmen. Effektiv entstehen also Kosten, die kaum sichtbar gemacht werden k\u00f6nnen, da sie ausschlie\u00dflich durch die Leistungsminderung der Mitarbeitenden entsteht.<\/p>\n\n\n\n<h2 class=\"wp-block-heading\"><strong>Wie man Raumakustik verbessern kann: Die Grundlagen<\/strong>&nbsp;<\/h2>\n\n\n\n<p id=\"wd-5adfebb8\" class=\"wp-block-wd-paragraph\">Gute Akustik entsteht durch das Zusammenspiel verschiedener Elemente. Es geht nicht darum, R\u00e4ume komplett&nbsp;ger\u00e4uschlos&nbsp;zu machen, sondern um&nbsp;<em>kontrollierten Klang<\/em>, der nat\u00fcrliche Ger\u00e4usche angenehm macht und st\u00f6rende reduziert.&nbsp;<\/p>\n\n\n\n<div id=\"wd-7109074b\" class=\"wp-block-wd-row\">\n<div id=\"wd-c24bd181\" class=\"wp-block-wd-column\">\t\t\t<div id=\"wd-5943103e\" class=\"wd-products-element\">\n\t\t\t\n\t\t\n\t\t\t\t\t<div class=\"products wd-products  grid-columns-5 elements-grid wd-grid-g\" data-paged=\"1\" data-atts=\"{&quot;speed&quot;:5000,&quot;slides_per_view&quot;:&quot;5&quot;,&quot;wrap&quot;:&quot;no&quot;,&quot;hide_pagination_control&quot;:&quot;yes&quot;,&quot;hide_pagination_control_tablet&quot;:&quot;no&quot;,&quot;hide_pagination_control_mobile&quot;:&quot;no&quot;,&quot;hide_prev_next_buttons&quot;:&quot;no&quot;,&quot;hide_prev_next_buttons_tablet&quot;:&quot;no&quot;,&quot;hide_prev_next_buttons_mobile&quot;:&quot;no&quot;,&quot;spacing&quot;:&quot;10&quot;,&quot;sync_parent_id&quot;:&quot;wd_1f73009d&quot;,&quot;taxonomies&quot;:&quot;22&quot;,&quot;items_per_page&quot;:&quot;5&quot;,&quot;columns&quot;:5,&quot;products_different_sizes&quot;:&quot;disable&quot;,&quot;el_id&quot;:&quot;wd-5943103e&quot;,&quot;force_not_ajax&quot;:&quot;no&quot;}\" data-source=\"shortcode\" data-columns=\"5\" data-grid-gallery=\"\" style=\"--wd-col-lg:5;--wd-col-md:4;--wd-col-sm:2;--wd-gap-lg:10px;\">\n\t\t\t<div class=\"wd-product wd-hover-button wd-col product-grid-item product type-product post-6062 status-publish instock product_cat-acoustic-frame product_cat-acoustic-frame-produkt product_cat-akustik product_cat-event product_cat-healthcare product_cat-hospitality product_cat-keder product_cat-messebau product_cat-interior product_cat-produkt product_cat-retail-ladenbau product_cat-sublimation product_tag-acoustic-frame product_tag-akustik product_tag-decke product_tag-wandmontiert has-post-thumbnail shipping-taxable product-type-simple\" data-loop=\"1\" data-id=\"6062\">\n\t\n\t\n<div class=\"product-wrapper\">\n\t<div class=\"product-element-top wd-quick-shop\">\n\t\t<a href=\"https:\/\/ccs-fabricframe.de\/en\/product\/acoustic-frame\/\" class=\"product-image-link\">\n\t\t\t<img loading=\"lazy\" decoding=\"async\" width=\"300\" height=\"300\" src=\"https:\/\/ccs-fabricframe.de\/wp-content\/uploads\/2025\/08\/CCS_fabric_frame_produkt_acoustic_frame_5-300x300.webp\" class=\"attachment-woocommerce_thumbnail size-woocommerce_thumbnail\" alt=\"CCS Acoustic Frame als Wandbild in einem Aufenthaltsbereich\" srcset=\"https:\/\/ccs-fabricframe.de\/wp-content\/uploads\/2025\/08\/CCS_fabric_frame_produkt_acoustic_frame_5-300x300.webp 300w, https:\/\/ccs-fabricframe.de\/wp-content\/uploads\/2025\/08\/CCS_fabric_frame_produkt_acoustic_frame_5-150x150.webp 150w, https:\/\/ccs-fabricframe.de\/wp-content\/uploads\/2025\/08\/CCS_fabric_frame_produkt_acoustic_frame_5-768x768.webp 768w, https:\/\/ccs-fabricframe.de\/wp-content\/uploads\/2025\/08\/CCS_fabric_frame_produkt_acoustic_frame_5-12x12.webp 12w, https:\/\/ccs-fabricframe.de\/wp-content\/uploads\/2025\/08\/CCS_fabric_frame_produkt_acoustic_frame_5-600x600.webp 600w, https:\/\/ccs-fabricframe.de\/wp-content\/uploads\/2025\/08\/CCS_fabric_frame_produkt_acoustic_frame_5.webp 800w\" sizes=\"auto, (max-width: 300px) 100vw, 300px\" \/>\t\t<\/a>\n\n\t\t\t\t\t<div class=\"hover-img\">\n\t\t\t\t<a href=\"https:\/\/ccs-fabricframe.de\/en\/product\/acoustic-frame\/\" aria-label=\"Product image\">\n\t\t\t\t\t<img loading=\"lazy\" decoding=\"async\" width=\"300\" height=\"300\" src=\"https:\/\/ccs-fabricframe.de\/wp-content\/uploads\/2025\/08\/CCS_fabric_frame_produkt_acoustic_frame_a-300x300.webp\" class=\"attachment-woocommerce_thumbnail size-woocommerce_thumbnail\" alt=\"CCS Acoustic Frame als Wandbild in einem Caf\u00e9\" srcset=\"https:\/\/ccs-fabricframe.de\/wp-content\/uploads\/2025\/08\/CCS_fabric_frame_produkt_acoustic_frame_a-300x300.webp 300w, https:\/\/ccs-fabricframe.de\/wp-content\/uploads\/2025\/08\/CCS_fabric_frame_produkt_acoustic_frame_a-150x150.webp 150w, https:\/\/ccs-fabricframe.de\/wp-content\/uploads\/2025\/08\/CCS_fabric_frame_produkt_acoustic_frame_a-768x768.webp 768w, https:\/\/ccs-fabricframe.de\/wp-content\/uploads\/2025\/08\/CCS_fabric_frame_produkt_acoustic_frame_a-12x12.webp 12w, https:\/\/ccs-fabricframe.de\/wp-content\/uploads\/2025\/08\/CCS_fabric_frame_produkt_acoustic_frame_a-600x600.webp 600w, https:\/\/ccs-fabricframe.de\/wp-content\/uploads\/2025\/08\/CCS_fabric_frame_produkt_acoustic_frame_a.webp 800w\" sizes=\"auto, (max-width: 300px) 100vw, 300px\" \/>\t\t\t\t<\/a>\n\t\t\t<\/div>\n\t\t\t\n\t\t<div class=\"wd-add-btn wd-add-btn-replace\">\n\t\t\t<a href=\"https:\/\/ccs-fabricframe.de\/en\/product\/acoustic-frame\/\" aria-describedby=\"woocommerce_loop_add_to_cart_link_describedby_6062\" data-quantity=\"1\" class=\"button product_type_simple add-to-cart-loop\" data-product_id=\"6062\" data-product_sku=\"\" aria-label=\"Read more about \u201cAcoustic frame\u201d\" rel=\"nofollow\" data-success_message=\"\" data-no-translation-aria-label=\"\"><span data-no-translation=\"\" data-trp-gettext=\"\">Read more<\/span><\/a>\t<span id=\"woocommerce_loop_add_to_cart_link_describedby_6062\" class=\"screen-reader-text\">\n\t\t\t<\/span>\n\t\t<\/div>\n\n\t\t<div class=\"wd-buttons wd-pos-r-t\">\n\t\t\t\t\t\t\t\t\t\t\t<div class=\"quick-view wd-action-btn wd-style-icon wd-quick-view-icon\">\n\t\t\t<a\n\t\t\t\thref=\"https:\/\/ccs-fabricframe.de\/en\/product\/acoustic-frame\/\"\n\t\t\t\tclass=\"open-quick-view quick-view-button\"\n\t\t\t\trel=\"nofollow\"\n\t\t\t\tdata-id=\"6062\"\n\t\t\t\t>Quick view<\/a>\n\t\t<\/div>\n\t\t\t\t\t\t\t<\/div>\n\t<\/div>\n\t\t\t\t\t<h3 class=\"wd-entities-title\"><a href=\"https:\/\/ccs-fabricframe.de\/en\/product\/acoustic-frame\/\">Acoustic frame<\/a><\/h3>\t\t\t\t\t\t\n\n\t\t\n\t\t\n\t\t\t<\/div>\n<\/div>\n<div class=\"wd-product wd-hover-button wd-col product-grid-item product type-product post-6042 status-publish instock product_cat-acoustic-frame product_cat-acoustic-frame-produkt product_cat-akustik product_cat-healthcare product_cat-hospitality product_cat-keder product_cat-messebau product_cat-interior product_cat-produkt product_cat-retail-ladenbau product_cat-sublimation product_tag-akustik product_tag-decke has-post-thumbnail shipping-taxable product-type-simple\" data-loop=\"2\" data-id=\"6042\">\n\t\n\t\n<div class=\"product-wrapper\">\n\t<div class=\"product-element-top wd-quick-shop\">\n\t\t<a href=\"https:\/\/ccs-fabricframe.de\/en\/product\/akustik-deckensegel\/\" class=\"product-image-link\">\n\t\t\t<img loading=\"lazy\" decoding=\"async\" width=\"300\" height=\"300\" src=\"https:\/\/ccs-fabricframe.de\/wp-content\/uploads\/2025\/08\/CCS_fabric_frame_produkt_akustik_deckensegel_5a-300x300.webp\" class=\"attachment-woocommerce_thumbnail size-woocommerce_thumbnail\" alt=\"Individuelle Textilspannrahmen als Deckensegel mit Akustikwirkung in einem B\u00fcro\" srcset=\"https:\/\/ccs-fabricframe.de\/wp-content\/uploads\/2025\/08\/CCS_fabric_frame_produkt_akustik_deckensegel_5a-300x300.webp 300w, https:\/\/ccs-fabricframe.de\/wp-content\/uploads\/2025\/08\/CCS_fabric_frame_produkt_akustik_deckensegel_5a-150x150.webp 150w, https:\/\/ccs-fabricframe.de\/wp-content\/uploads\/2025\/08\/CCS_fabric_frame_produkt_akustik_deckensegel_5a-768x768.webp 768w, https:\/\/ccs-fabricframe.de\/wp-content\/uploads\/2025\/08\/CCS_fabric_frame_produkt_akustik_deckensegel_5a-12x12.webp 12w, https:\/\/ccs-fabricframe.de\/wp-content\/uploads\/2025\/08\/CCS_fabric_frame_produkt_akustik_deckensegel_5a-600x600.webp 600w, https:\/\/ccs-fabricframe.de\/wp-content\/uploads\/2025\/08\/CCS_fabric_frame_produkt_akustik_deckensegel_5a.webp 800w\" sizes=\"auto, (max-width: 300px) 100vw, 300px\" \/>\t\t<\/a>\n\n\t\t\t\t\t<div class=\"hover-img\">\n\t\t\t\t<a href=\"https:\/\/ccs-fabricframe.de\/en\/product\/akustik-deckensegel\/\" aria-label=\"Product image\">\n\t\t\t\t\t<img loading=\"lazy\" decoding=\"async\" width=\"300\" height=\"300\" src=\"https:\/\/ccs-fabricframe.de\/wp-content\/uploads\/2025\/08\/CCS_fabric_frame_produkt_akustik_deckensegel_1a-300x300.webp\" class=\"attachment-woocommerce_thumbnail size-woocommerce_thumbnail\" alt=\"Individuell geformte Deckensegel mit Akustikwirkung in einem Bekleidungsgesch\u00e4ft\" srcset=\"https:\/\/ccs-fabricframe.de\/wp-content\/uploads\/2025\/08\/CCS_fabric_frame_produkt_akustik_deckensegel_1a-300x300.webp 300w, https:\/\/ccs-fabricframe.de\/wp-content\/uploads\/2025\/08\/CCS_fabric_frame_produkt_akustik_deckensegel_1a-150x150.webp 150w, https:\/\/ccs-fabricframe.de\/wp-content\/uploads\/2025\/08\/CCS_fabric_frame_produkt_akustik_deckensegel_1a-768x768.webp 768w, https:\/\/ccs-fabricframe.de\/wp-content\/uploads\/2025\/08\/CCS_fabric_frame_produkt_akustik_deckensegel_1a-12x12.webp 12w, https:\/\/ccs-fabricframe.de\/wp-content\/uploads\/2025\/08\/CCS_fabric_frame_produkt_akustik_deckensegel_1a-600x600.webp 600w, https:\/\/ccs-fabricframe.de\/wp-content\/uploads\/2025\/08\/CCS_fabric_frame_produkt_akustik_deckensegel_1a.webp 800w\" sizes=\"auto, (max-width: 300px) 100vw, 300px\" \/>\t\t\t\t<\/a>\n\t\t\t<\/div>\n\t\t\t\n\t\t<div class=\"wd-add-btn wd-add-btn-replace\">\n\t\t\t<a href=\"https:\/\/ccs-fabricframe.de\/en\/product\/akustik-deckensegel\/\" aria-describedby=\"woocommerce_loop_add_to_cart_link_describedby_6042\" data-quantity=\"1\" class=\"button product_type_simple add-to-cart-loop\" data-product_id=\"6042\" data-product_sku=\"\" aria-label=\"Read more about \u201cAkustik Deckensegel\u201d\" rel=\"nofollow\" data-success_message=\"\" data-no-translation-aria-label=\"\"><span data-no-translation=\"\" data-trp-gettext=\"\">Read more<\/span><\/a>\t<span id=\"woocommerce_loop_add_to_cart_link_describedby_6042\" class=\"screen-reader-text\">\n\t\t\t<\/span>\n\t\t<\/div>\n\n\t\t<div class=\"wd-buttons wd-pos-r-t\">\n\t\t\t\t\t\t\t\t\t\t\t<div class=\"quick-view wd-action-btn wd-style-icon wd-quick-view-icon\">\n\t\t\t<a\n\t\t\t\thref=\"https:\/\/ccs-fabricframe.de\/en\/product\/akustik-deckensegel\/\"\n\t\t\t\tclass=\"open-quick-view quick-view-button\"\n\t\t\t\trel=\"nofollow\"\n\t\t\t\tdata-id=\"6042\"\n\t\t\t\t>Quick view<\/a>\n\t\t<\/div>\n\t\t\t\t\t\t\t<\/div>\n\t<\/div>\n\t\t\t\t\t<h3 class=\"wd-entities-title\"><a href=\"https:\/\/ccs-fabricframe.de\/en\/product\/akustik-deckensegel\/\">Acoustic Ceiling Panel<\/a><\/h3>\t\t\t\t\t\t\n\n\t\t\n\t\t\n\t\t\t<\/div>\n<\/div>\n<div class=\"wd-product wd-hover-button wd-col product-grid-item product type-product post-6041 status-publish last instock product_cat-acoustic-frame product_cat-acoustic-frame-produkt product_cat-akustik product_cat-healthcare product_cat-hospitality product_cat-keder product_cat-interior product_cat-produkt product_cat-retail-ladenbau product_cat-sublimation product_tag-akustik product_tag-decke product_tag-wandmontiert has-post-thumbnail shipping-taxable product-type-simple\" data-loop=\"3\" data-id=\"6041\">\n\t\n\t\n<div class=\"product-wrapper\">\n\t<div class=\"product-element-top wd-quick-shop\">\n\t\t<a href=\"https:\/\/ccs-fabricframe.de\/en\/product\/akustik-wandbild\/\" class=\"product-image-link\">\n\t\t\t<img loading=\"lazy\" decoding=\"async\" width=\"300\" height=\"300\" src=\"https:\/\/ccs-fabricframe.de\/wp-content\/uploads\/2025\/08\/CCS_fabric_frame_produkt_akustik_wandbild_2a-300x300.webp\" class=\"attachment-woocommerce_thumbnail size-woocommerce_thumbnail\" alt=\"Akustik Wandbild in einem Meetingraum mit grafischem Textildruck\" srcset=\"https:\/\/ccs-fabricframe.de\/wp-content\/uploads\/2025\/08\/CCS_fabric_frame_produkt_akustik_wandbild_2a-300x300.webp 300w, https:\/\/ccs-fabricframe.de\/wp-content\/uploads\/2025\/08\/CCS_fabric_frame_produkt_akustik_wandbild_2a-150x150.webp 150w, https:\/\/ccs-fabricframe.de\/wp-content\/uploads\/2025\/08\/CCS_fabric_frame_produkt_akustik_wandbild_2a-768x768.webp 768w, https:\/\/ccs-fabricframe.de\/wp-content\/uploads\/2025\/08\/CCS_fabric_frame_produkt_akustik_wandbild_2a-12x12.webp 12w, https:\/\/ccs-fabricframe.de\/wp-content\/uploads\/2025\/08\/CCS_fabric_frame_produkt_akustik_wandbild_2a-600x600.webp 600w, https:\/\/ccs-fabricframe.de\/wp-content\/uploads\/2025\/08\/CCS_fabric_frame_produkt_akustik_wandbild_2a.webp 800w\" sizes=\"auto, (max-width: 300px) 100vw, 300px\" \/>\t\t<\/a>\n\n\t\t\t\t\t<div class=\"hover-img\">\n\t\t\t\t<a href=\"https:\/\/ccs-fabricframe.de\/en\/product\/akustik-wandbild\/\" aria-label=\"Product image\">\n\t\t\t\t\t<img loading=\"lazy\" decoding=\"async\" width=\"300\" height=\"300\" src=\"https:\/\/ccs-fabricframe.de\/wp-content\/uploads\/2025\/10\/CCS_fabric_frame_produkt_akustik_wandbild_0a-300x300.webp\" class=\"attachment-woocommerce_thumbnail size-woocommerce_thumbnail\" alt=\"Textilspannrahmen mit Akustikschaum als CCS Akustik Wandbild\" srcset=\"https:\/\/ccs-fabricframe.de\/wp-content\/uploads\/2025\/10\/CCS_fabric_frame_produkt_akustik_wandbild_0a-300x300.webp 300w, https:\/\/ccs-fabricframe.de\/wp-content\/uploads\/2025\/10\/CCS_fabric_frame_produkt_akustik_wandbild_0a-150x150.webp 150w, https:\/\/ccs-fabricframe.de\/wp-content\/uploads\/2025\/10\/CCS_fabric_frame_produkt_akustik_wandbild_0a-768x768.webp 768w, https:\/\/ccs-fabricframe.de\/wp-content\/uploads\/2025\/10\/CCS_fabric_frame_produkt_akustik_wandbild_0a-12x12.webp 12w, https:\/\/ccs-fabricframe.de\/wp-content\/uploads\/2025\/10\/CCS_fabric_frame_produkt_akustik_wandbild_0a-600x600.webp 600w, https:\/\/ccs-fabricframe.de\/wp-content\/uploads\/2025\/10\/CCS_fabric_frame_produkt_akustik_wandbild_0a.webp 800w\" sizes=\"auto, (max-width: 300px) 100vw, 300px\" \/>\t\t\t\t<\/a>\n\t\t\t<\/div>\n\t\t\t\n\t\t<div class=\"wd-add-btn wd-add-btn-replace\">\n\t\t\t<a href=\"https:\/\/ccs-fabricframe.de\/en\/product\/akustik-wandbild\/\" aria-describedby=\"woocommerce_loop_add_to_cart_link_describedby_6041\" data-quantity=\"1\" class=\"button product_type_simple add-to-cart-loop\" data-product_id=\"6041\" data-product_sku=\"\" aria-label=\"Read more about \u201cAkustik Wandbild\u201d\" rel=\"nofollow\" data-success_message=\"\" data-no-translation-aria-label=\"\"><span data-no-translation=\"\" data-trp-gettext=\"\">Read more<\/span><\/a>\t<span id=\"woocommerce_loop_add_to_cart_link_describedby_6041\" class=\"screen-reader-text\">\n\t\t\t<\/span>\n\t\t<\/div>\n\n\t\t<div class=\"wd-buttons wd-pos-r-t\">\n\t\t\t\t\t\t\t\t\t\t\t<div class=\"quick-view wd-action-btn wd-style-icon wd-quick-view-icon\">\n\t\t\t<a\n\t\t\t\thref=\"https:\/\/ccs-fabricframe.de\/en\/product\/akustik-wandbild\/\"\n\t\t\t\tclass=\"open-quick-view quick-view-button\"\n\t\t\t\trel=\"nofollow\"\n\t\t\t\tdata-id=\"6041\"\n\t\t\t\t>Quick view<\/a>\n\t\t<\/div>\n\t\t\t\t\t\t\t<\/div>\n\t<\/div>\n\t\t\t\t\t<h3 class=\"wd-entities-title\"><a href=\"https:\/\/ccs-fabricframe.de\/en\/product\/akustik-wandbild\/\">Akustik Wandbild<\/a><\/h3>\t\t\t\t\t\t\n\n\t\t\n\t\t\n\t\t\t<\/div>\n<\/div>\n<div class=\"wd-product wd-hover-button wd-col product-grid-item product type-product post-6862 status-publish first instock product_cat-acoustic-frame product_cat-acoustic-frame-produkt product_cat-akustik product_cat-healthcare product_cat-hospitality product_cat-keder product_cat-interior product_cat-produkt product_cat-sublimation product_tag-akustik product_tag-stehend has-post-thumbnail shipping-taxable product-type-simple\" data-loop=\"4\" data-id=\"6862\">\n\t\n\t\n<div class=\"product-wrapper\">\n\t<div class=\"product-element-top wd-quick-shop\">\n\t\t<a href=\"https:\/\/ccs-fabricframe.de\/en\/product\/raumtrenner-akustik\/\" class=\"product-image-link\">\n\t\t\t<img loading=\"lazy\" decoding=\"async\" width=\"300\" height=\"300\" src=\"https:\/\/ccs-fabricframe.de\/wp-content\/uploads\/2025\/11\/CCS_fabric_frame_produkt_raumtrenner_akustik_01a-300x300.webp\" class=\"attachment-woocommerce_thumbnail size-woocommerce_thumbnail\" alt=\"\" srcset=\"https:\/\/ccs-fabricframe.de\/wp-content\/uploads\/2025\/11\/CCS_fabric_frame_produkt_raumtrenner_akustik_01a-300x300.webp 300w, https:\/\/ccs-fabricframe.de\/wp-content\/uploads\/2025\/11\/CCS_fabric_frame_produkt_raumtrenner_akustik_01a-150x150.webp 150w, https:\/\/ccs-fabricframe.de\/wp-content\/uploads\/2025\/11\/CCS_fabric_frame_produkt_raumtrenner_akustik_01a-768x768.webp 768w, https:\/\/ccs-fabricframe.de\/wp-content\/uploads\/2025\/11\/CCS_fabric_frame_produkt_raumtrenner_akustik_01a-12x12.webp 12w, https:\/\/ccs-fabricframe.de\/wp-content\/uploads\/2025\/11\/CCS_fabric_frame_produkt_raumtrenner_akustik_01a-600x600.webp 600w, https:\/\/ccs-fabricframe.de\/wp-content\/uploads\/2025\/11\/CCS_fabric_frame_produkt_raumtrenner_akustik_01a.webp 800w\" sizes=\"auto, (max-width: 300px) 100vw, 300px\" \/>\t\t<\/a>\n\n\t\t\t\t\t<div class=\"hover-img\">\n\t\t\t\t<a href=\"https:\/\/ccs-fabricframe.de\/en\/product\/raumtrenner-akustik\/\" aria-label=\"Product image\">\n\t\t\t\t\t<img loading=\"lazy\" decoding=\"async\" width=\"300\" height=\"300\" src=\"https:\/\/ccs-fabricframe.de\/wp-content\/uploads\/2025\/11\/CCS_fabric_frame_produkt_raumtrenner_akustik_0a-300x300.webp\" class=\"attachment-woocommerce_thumbnail size-woocommerce_thumbnail\" alt=\"\" srcset=\"https:\/\/ccs-fabricframe.de\/wp-content\/uploads\/2025\/11\/CCS_fabric_frame_produkt_raumtrenner_akustik_0a-300x300.webp 300w, https:\/\/ccs-fabricframe.de\/wp-content\/uploads\/2025\/11\/CCS_fabric_frame_produkt_raumtrenner_akustik_0a-150x150.webp 150w, https:\/\/ccs-fabricframe.de\/wp-content\/uploads\/2025\/11\/CCS_fabric_frame_produkt_raumtrenner_akustik_0a-768x768.webp 768w, https:\/\/ccs-fabricframe.de\/wp-content\/uploads\/2025\/11\/CCS_fabric_frame_produkt_raumtrenner_akustik_0a-12x12.webp 12w, https:\/\/ccs-fabricframe.de\/wp-content\/uploads\/2025\/11\/CCS_fabric_frame_produkt_raumtrenner_akustik_0a-600x600.webp 600w, https:\/\/ccs-fabricframe.de\/wp-content\/uploads\/2025\/11\/CCS_fabric_frame_produkt_raumtrenner_akustik_0a.webp 800w\" sizes=\"auto, (max-width: 300px) 100vw, 300px\" \/>\t\t\t\t<\/a>\n\t\t\t<\/div>\n\t\t\t\n\t\t<div class=\"wd-add-btn wd-add-btn-replace\">\n\t\t\t<a href=\"https:\/\/ccs-fabricframe.de\/en\/product\/raumtrenner-akustik\/\" aria-describedby=\"woocommerce_loop_add_to_cart_link_describedby_6862\" data-quantity=\"1\" class=\"button product_type_simple add-to-cart-loop\" data-product_id=\"6862\" data-product_sku=\"\" aria-label=\"Read more about \u201cRaumtrenner Akustik\u201d\" rel=\"nofollow\" data-success_message=\"\" data-no-translation-aria-label=\"\"><span data-no-translation=\"\" data-trp-gettext=\"\">Read more<\/span><\/a>\t<span id=\"woocommerce_loop_add_to_cart_link_describedby_6862\" class=\"screen-reader-text\">\n\t\t\t<\/span>\n\t\t<\/div>\n\n\t\t<div class=\"wd-buttons wd-pos-r-t\">\n\t\t\t\t\t\t\t\t\t\t\t<div class=\"quick-view wd-action-btn wd-style-icon wd-quick-view-icon\">\n\t\t\t<a\n\t\t\t\thref=\"https:\/\/ccs-fabricframe.de\/en\/product\/raumtrenner-akustik\/\"\n\t\t\t\tclass=\"open-quick-view quick-view-button\"\n\t\t\t\trel=\"nofollow\"\n\t\t\t\tdata-id=\"6862\"\n\t\t\t\t>Quick view<\/a>\n\t\t<\/div>\n\t\t\t\t\t\t\t<\/div>\n\t<\/div>\n\t\t\t\t\t<h3 class=\"wd-entities-title\"><a href=\"https:\/\/ccs-fabricframe.de\/en\/product\/raumtrenner-akustik\/\">Raumtrenner Akustik<\/a><\/h3>\t\t\t\t\t\t\n\n\t\t\n\t\t\n\t\t\t<\/div>\n<\/div>\n<div class=\"wd-product wd-hover-button wd-col product-grid-item product type-product post-6043 status-publish instock product_cat-acoustic-frame product_cat-acoustic-frame-produkt product_cat-akustik product_cat-classic-frame product_cat-classic-frame-produkt product_cat-healthcare product_cat-hospitality product_cat-keder product_cat-interior product_cat-produkt product_cat-sublimation product_tag-akustik product_tag-stehend has-post-thumbnail shipping-taxable product-type-simple\" data-loop=\"5\" data-id=\"6043\">\n\t\n\t\n<div class=\"product-wrapper\">\n\t<div class=\"product-element-top wd-quick-shop\">\n\t\t<a href=\"https:\/\/ccs-fabricframe.de\/en\/product\/raumtrenner-freistehend\/\" class=\"product-image-link\">\n\t\t\t<img loading=\"lazy\" decoding=\"async\" width=\"300\" height=\"300\" src=\"https:\/\/ccs-fabricframe.de\/wp-content\/uploads\/2025\/08\/CCS_fabric_frame_produkt_raumtrenner_freistehend_03a-300x300.webp\" class=\"attachment-woocommerce_thumbnail size-woocommerce_thumbnail\" alt=\"Textilspannrahmen als freistehender Raumtrenner am Kopfende von Schreibtischen in einem Gro\u00dfraumb\u00fcro\" srcset=\"https:\/\/ccs-fabricframe.de\/wp-content\/uploads\/2025\/08\/CCS_fabric_frame_produkt_raumtrenner_freistehend_03a-300x300.webp 300w, https:\/\/ccs-fabricframe.de\/wp-content\/uploads\/2025\/08\/CCS_fabric_frame_produkt_raumtrenner_freistehend_03a-150x150.webp 150w, https:\/\/ccs-fabricframe.de\/wp-content\/uploads\/2025\/08\/CCS_fabric_frame_produkt_raumtrenner_freistehend_03a-768x768.webp 768w, https:\/\/ccs-fabricframe.de\/wp-content\/uploads\/2025\/08\/CCS_fabric_frame_produkt_raumtrenner_freistehend_03a-12x12.webp 12w, https:\/\/ccs-fabricframe.de\/wp-content\/uploads\/2025\/08\/CCS_fabric_frame_produkt_raumtrenner_freistehend_03a-600x600.webp 600w, https:\/\/ccs-fabricframe.de\/wp-content\/uploads\/2025\/08\/CCS_fabric_frame_produkt_raumtrenner_freistehend_03a.webp 800w\" sizes=\"auto, (max-width: 300px) 100vw, 300px\" \/>\t\t<\/a>\n\n\t\t\t\t\t<div class=\"hover-img\">\n\t\t\t\t<a href=\"https:\/\/ccs-fabricframe.de\/en\/product\/raumtrenner-freistehend\/\" aria-label=\"Product image\">\n\t\t\t\t\t<img loading=\"lazy\" decoding=\"async\" width=\"300\" height=\"300\" src=\"https:\/\/ccs-fabricframe.de\/wp-content\/uploads\/2025\/08\/CCS_fabric_frame_produkt_raumtrenner_freistehend_02a-300x300.webp\" class=\"attachment-woocommerce_thumbnail size-woocommerce_thumbnail\" alt=\"Textilspannrahmen als CCS Raumtrenner freistehend\" srcset=\"https:\/\/ccs-fabricframe.de\/wp-content\/uploads\/2025\/08\/CCS_fabric_frame_produkt_raumtrenner_freistehend_02a-300x300.webp 300w, https:\/\/ccs-fabricframe.de\/wp-content\/uploads\/2025\/08\/CCS_fabric_frame_produkt_raumtrenner_freistehend_02a-150x150.webp 150w, https:\/\/ccs-fabricframe.de\/wp-content\/uploads\/2025\/08\/CCS_fabric_frame_produkt_raumtrenner_freistehend_02a-768x768.webp 768w, https:\/\/ccs-fabricframe.de\/wp-content\/uploads\/2025\/08\/CCS_fabric_frame_produkt_raumtrenner_freistehend_02a-12x12.webp 12w, https:\/\/ccs-fabricframe.de\/wp-content\/uploads\/2025\/08\/CCS_fabric_frame_produkt_raumtrenner_freistehend_02a-600x600.webp 600w, https:\/\/ccs-fabricframe.de\/wp-content\/uploads\/2025\/08\/CCS_fabric_frame_produkt_raumtrenner_freistehend_02a.webp 800w\" sizes=\"auto, (max-width: 300px) 100vw, 300px\" \/>\t\t\t\t<\/a>\n\t\t\t<\/div>\n\t\t\t\n\t\t<div class=\"wd-add-btn wd-add-btn-replace\">\n\t\t\t<a href=\"https:\/\/ccs-fabricframe.de\/en\/product\/raumtrenner-freistehend\/\" aria-describedby=\"woocommerce_loop_add_to_cart_link_describedby_6043\" data-quantity=\"1\" class=\"button product_type_simple add-to-cart-loop\" data-product_id=\"6043\" data-product_sku=\"\" aria-label=\"Read more about \u201cRaumtrenner freistehend\u201d\" rel=\"nofollow\" data-success_message=\"\" data-no-translation-aria-label=\"\"><span data-no-translation=\"\" data-trp-gettext=\"\">Read more<\/span><\/a>\t<span id=\"woocommerce_loop_add_to_cart_link_describedby_6043\" class=\"screen-reader-text\">\n\t\t\t<\/span>\n\t\t<\/div>\n\n\t\t<div class=\"wd-buttons wd-pos-r-t\">\n\t\t\t\t\t\t\t\t\t\t\t<div class=\"quick-view wd-action-btn wd-style-icon wd-quick-view-icon\">\n\t\t\t<a\n\t\t\t\thref=\"https:\/\/ccs-fabricframe.de\/en\/product\/raumtrenner-freistehend\/\"\n\t\t\t\tclass=\"open-quick-view quick-view-button\"\n\t\t\t\trel=\"nofollow\"\n\t\t\t\tdata-id=\"6043\"\n\t\t\t\t>Quick view<\/a>\n\t\t<\/div>\n\t\t\t\t\t\t\t<\/div>\n\t<\/div>\n\t\t\t\t\t<h3 class=\"wd-entities-title\"><a href=\"https:\/\/ccs-fabricframe.de\/en\/product\/raumtrenner-freistehend\/\">Free Standing Room Divider<\/a><\/h3>\t\t\t\t\t\t\n\n\t\t\n\t\t\n\t\t\t<\/div>\n<\/div>\n\t\t\t<\/div>\n\t\t\t<\/div><\/div>\n<\/div>\n\n\n\n<h3 class=\"wp-block-heading\"><strong>Die vier Grundprinzipien guter Raumakustik<\/strong>&nbsp;<\/h3>\n\n\n\n<p id=\"wd-39ea60ae\" class=\"wp-block-wd-paragraph\">Diese Prinzipien lassen sich mit einfachen Mitteln in jede moderne <strong>Raum- und&nbsp;B\u00fcrogestaltung<\/strong>&nbsp;integrieren und helfen bei der Schallreduktion. Auch in bereits fertig gebauten B\u00fcros kann man so noch einiges an Schallschutz rausholen:&nbsp;<\/p>\n\n\n\n<ol start=\"1\" class=\"wp-block-list\">\n<li><strong>Absorption<\/strong><br>Dezidierte Schallabsorber nehmen den Schall aus der Umgebung auf und senken so die Lautst\u00e4rke<\/li>\n\n\n\n<li><strong>D\u00e4mpfung<\/strong><br>Durch weiche Oberfl\u00e4chen im Kontrast zu z.B, Fenstern wird der Nachhall gesenkt<\/li>\n\n\n\n<li><strong>Diffusion<\/strong><br>Eine verwinkelte Raumaufteilung und Platzierung der Arbeitspl\u00e4tze bricht den Schall und verteilt ihn gleichm\u00e4\u00dfig<\/li>\n\n\n\n<li><strong>Zonierung<\/strong><br>Ger\u00e4uschquellen und lautere oder stark frequentierte Bereiche durch Raumtrenner abteilen&nbsp;<\/li>\n<\/ol>\n\n\n\n<div id=\"wd-b361294d\" class=\"wp-block-wd-row wd-align-s-center\">\n<div id=\"wd-8afb140d\" class=\"wp-block-wd-column\">\n<div id=\"wd-4def4d0e\" class=\"wp-block-wd-container wd-dir-col wd-dir-col-md wd-custom-width\">\n<h2 class=\"wp-block-heading\"><strong>Akustik Absorber: Der Schl\u00fcssel zur leisen Arbeitsumgebung<\/strong>&nbsp;<\/h2>\n<\/div>\n\n\n\n<p id=\"wd-78a81b31\" class=\"wp-block-wd-paragraph\">Neben gr\u00f6\u00dferen gestalterischen Ma\u00dfnahmen wie der Verlegung von Teppichb\u00f6den, gepolsterten Ruhem\u00f6beln oder der Nutzung von Gardinen gibt es eine smarte M\u00f6glichkeit, um Design und Funktion in euren B\u00fcros zu vereinen: <\/p>\n\n\n\n<p id=\"wd-76eb1c31\" class=\"wp-block-wd-paragraph\"><strong>Akustik Absorber<\/strong>&nbsp;sind Oberfl\u00e4chen oder Elemente, die Schallwellen &#8222;schlucken&#8220; und verhindern, dass sie im Raum hin- und hergeworfen werden.&nbsp;<br>Unsere Acoustic Frames k\u00f6nnen genau f\u00fcr diesen Zweck flexibel eingesetzt werden. Als Wandbild, Deckenh\u00e4nger oder Raumtrenner mit eurem individuellen Motiv f\u00fcgen sie sich perfekt in eure CI ein, dekorieren eure B\u00fcros und sorgen f\u00fcr angenehme Ruhe, ohne im Weg zu sein. <\/p>\n\n\n\n<p id=\"wd-23be7dcd\" class=\"wp-block-wd-paragraph\">\u00dcbrigens: Dank der verwendeten Keder-Technologie k\u00f6nnt ihr das Motiv jederzeit einfach austauschen und erneuern, solltet ihr mal Lust auf etwas Neues haben. Der Rahmen und die eigentliche Absorptionsfl\u00e4che bleiben davon unber\u00fchrt &#8211; so spart ihr Zeit und Geld.<\/p>\n<\/div>\n\n\n\n<div id=\"wd-c13acad1\" class=\"wp-block-wd-column wd-align-is-lg-center\">\n<div id=\"wd-44f07beb\" class=\"wp-block-wd-carousel wd-carousel-container\"><div class=\"wd-carousel-inner\"><div class=\"wd-carousel wd-grid\" style=\"--wd-col-lg:2;--wd-col-md:2;--wd-col-sm:1;--wd-gap-lg:20px;--wd-gap-sm:10px;\" data-scroll_per_page=\"yes\"><div class=\"wd-carousel-wrap\">\n<div id=\"wd-66af03af\" class=\"wp-block-wd-carousel-item wd-carousel-item\">\n<figure class=\"wp-block-image size-full\"><img loading=\"lazy\" decoding=\"async\" width=\"891\" height=\"1024\" src=\"https:\/\/ccs-fabricframe.de\/wp-content\/uploads\/2025\/07\/CCS_Acoustic-frame_raumakustik_Akustikmessung_02.webp\" alt=\"Curve diagram of an acoustic measurement for an acoustic design with test object on the floor. The test shows really good results.\" class=\"wp-image-4873\" srcset=\"https:\/\/ccs-fabricframe.de\/wp-content\/uploads\/2025\/07\/CCS_Acoustic-frame_raumakustik_Akustikmessung_02.webp 891w, https:\/\/ccs-fabricframe.de\/wp-content\/uploads\/2025\/07\/CCS_Acoustic-frame_raumakustik_Akustikmessung_02-261x300.webp 261w, https:\/\/ccs-fabricframe.de\/wp-content\/uploads\/2025\/07\/CCS_Acoustic-frame_raumakustik_Akustikmessung_02-768x883.webp 768w\" sizes=\"auto, (max-width: 891px) 100vw, 891px\" \/><\/figure>\n<\/div>\n\n\n\n<div id=\"wd-506b3f68\" class=\"wp-block-wd-carousel-item wd-carousel-item\">\n<figure class=\"wp-block-image size-full\"><img loading=\"lazy\" decoding=\"async\" width=\"891\" height=\"1024\" src=\"https:\/\/ccs-fabricframe.de\/wp-content\/uploads\/2025\/07\/CCS_Acoustic-frame_raumakustik_Akustikmessung_01.webp\" alt=\"Curve diagram of an acoustic measurement for an acoustic design with test object on stilts. The test shows really good results.\" class=\"wp-image-4872\" srcset=\"https:\/\/ccs-fabricframe.de\/wp-content\/uploads\/2025\/07\/CCS_Acoustic-frame_raumakustik_Akustikmessung_01.webp 891w, https:\/\/ccs-fabricframe.de\/wp-content\/uploads\/2025\/07\/CCS_Acoustic-frame_raumakustik_Akustikmessung_01-261x300.webp 261w, https:\/\/ccs-fabricframe.de\/wp-content\/uploads\/2025\/07\/CCS_Acoustic-frame_raumakustik_Akustikmessung_01-768x883.webp 768w\" sizes=\"auto, (max-width: 891px) 100vw, 891px\" \/><\/figure>\n<\/div>\n<\/div><\/div><div class=\"wd-nav-arrows wd-pos-sep wd-hover-1 wd-icon-1\"><div class=\"wd-btn-arrow wd-prev\"><div class=\"wd-arrow-inner\"><\/div><\/div><div class=\"wd-btn-arrow wd-next\"><div class=\"wd-arrow-inner\"><\/div><\/div><\/div><\/div><div class=\"wd-nav-pagin-wrap text-center wd-style-shape\"><ul class=\"wd-nav-pagin\"><\/ul><\/div><\/div>\n<\/div>\n<\/div>\n\n\n\n<h2 class=\"wp-block-heading\"><strong>Schallschutz an W\u00e4nden: Warum Wandabsorber unverzichtbar sind<\/strong>&nbsp;<\/h2>\n\n\n\n<p id=\"wd-00f378ea\" class=\"wp-block-wd-paragraph\">Fensterfronten und nackte&nbsp;W\u00e4nde sind die gr\u00f6\u00dften Reflexionsfl\u00e4chen im B\u00fcro. Daher ist&nbsp;<strong>Schallschutz an&nbsp;den&nbsp;W\u00e4nden<\/strong>&nbsp;ein entscheidender Faktor bei der Verbesserung der Raumakustik.&nbsp;Akustik Wandbilder sehen im Grunde genommen genauso aus wie ein normales Bild, in ihrem Kern versteckt sich aber akustisch wirksames Material, zum Beispiel Basotect. So wird die Fl\u00e4che visuell genutzt und zum Highlight in eurer Gestaltung, verbessert aber gleichzeitig das Klangbild und die Ger\u00e4uschkulisse. Wandabsorber sind vom Meetingraum \u00fcbers Gro\u00dfraumb\u00fcro bis hin zum Foyer in verschiedensten R\u00e4umen einsetzbar und helfen euch unauff\u00e4llig, den Klang zu verbessern. Denkbar sind \u00fcbrigens auch vollfl\u00e4chige Wandbespannungen, so k\u00f6nnt ihr die Akustikwirkung hinter einem unauff\u00e4lligen Wanddesign verstecken.<\/p>\n\n\n\n<div id=\"wd-22376f05\" class=\"wp-block-wd-row\">\n<div id=\"wd-ef4f9def\" class=\"wp-block-wd-column wd-align-is-lg-center wd-align\">\t\t\t<div id=\"wd-39a4086e\" class=\"wd-products-element\">\n\t\t\t\n\t\t\n\t\t\t\t\t<div class=\"products wd-products  grid-columns-2 elements-grid wd-grid-g\" data-paged=\"1\" data-atts=\"{&quot;speed&quot;:5000,&quot;slides_per_view&quot;:&quot;5&quot;,&quot;wrap&quot;:&quot;no&quot;,&quot;hide_pagination_control&quot;:&quot;yes&quot;,&quot;hide_pagination_control_tablet&quot;:&quot;no&quot;,&quot;hide_pagination_control_mobile&quot;:&quot;no&quot;,&quot;hide_prev_next_buttons&quot;:&quot;no&quot;,&quot;hide_prev_next_buttons_tablet&quot;:&quot;no&quot;,&quot;hide_prev_next_buttons_mobile&quot;:&quot;no&quot;,&quot;post_type&quot;:&quot;ids&quot;,&quot;spacing&quot;:&quot;10&quot;,&quot;sync_parent_id&quot;:&quot;wd_1f73009d&quot;,&quot;include&quot;:&quot;6049,6041&quot;,&quot;taxonomies&quot;:&quot;22,215&quot;,&quot;items_per_page&quot;:&quot;5&quot;,&quot;columns&quot;:2,&quot;products_different_sizes&quot;:&quot;disable&quot;,&quot;el_id&quot;:&quot;wd-39a4086e&quot;,&quot;force_not_ajax&quot;:&quot;no&quot;}\" data-source=\"shortcode\" data-columns=\"2\" data-grid-gallery=\"\" style=\"--wd-col-lg:2;--wd-col-md:2;--wd-col-sm:2;--wd-gap-lg:10px;\">\n\t\t\t<div class=\"wd-product wd-hover-button wd-col product-grid-item product type-product post-6041 status-publish instock product_cat-acoustic-frame product_cat-acoustic-frame-produkt product_cat-akustik product_cat-healthcare product_cat-hospitality product_cat-keder product_cat-interior product_cat-produkt product_cat-retail-ladenbau product_cat-sublimation product_tag-akustik product_tag-decke product_tag-wandmontiert has-post-thumbnail shipping-taxable product-type-simple\" data-loop=\"1\" data-id=\"6041\">\n\t\n\t\n<div class=\"product-wrapper\">\n\t<div class=\"product-element-top wd-quick-shop\">\n\t\t<a href=\"https:\/\/ccs-fabricframe.de\/en\/product\/akustik-wandbild\/\" class=\"product-image-link\">\n\t\t\t<img loading=\"lazy\" decoding=\"async\" width=\"300\" height=\"300\" src=\"https:\/\/ccs-fabricframe.de\/wp-content\/uploads\/2025\/08\/CCS_fabric_frame_produkt_akustik_wandbild_2a-300x300.webp\" class=\"attachment-woocommerce_thumbnail size-woocommerce_thumbnail\" alt=\"Akustik Wandbild in einem Meetingraum mit grafischem Textildruck\" srcset=\"https:\/\/ccs-fabricframe.de\/wp-content\/uploads\/2025\/08\/CCS_fabric_frame_produkt_akustik_wandbild_2a-300x300.webp 300w, https:\/\/ccs-fabricframe.de\/wp-content\/uploads\/2025\/08\/CCS_fabric_frame_produkt_akustik_wandbild_2a-150x150.webp 150w, https:\/\/ccs-fabricframe.de\/wp-content\/uploads\/2025\/08\/CCS_fabric_frame_produkt_akustik_wandbild_2a-768x768.webp 768w, https:\/\/ccs-fabricframe.de\/wp-content\/uploads\/2025\/08\/CCS_fabric_frame_produkt_akustik_wandbild_2a-12x12.webp 12w, https:\/\/ccs-fabricframe.de\/wp-content\/uploads\/2025\/08\/CCS_fabric_frame_produkt_akustik_wandbild_2a-600x600.webp 600w, https:\/\/ccs-fabricframe.de\/wp-content\/uploads\/2025\/08\/CCS_fabric_frame_produkt_akustik_wandbild_2a.webp 800w\" sizes=\"auto, (max-width: 300px) 100vw, 300px\" \/>\t\t<\/a>\n\n\t\t\t\t\t<div class=\"hover-img\">\n\t\t\t\t<a href=\"https:\/\/ccs-fabricframe.de\/en\/product\/akustik-wandbild\/\" aria-label=\"Product image\">\n\t\t\t\t\t<img loading=\"lazy\" decoding=\"async\" width=\"300\" height=\"300\" src=\"https:\/\/ccs-fabricframe.de\/wp-content\/uploads\/2025\/10\/CCS_fabric_frame_produkt_akustik_wandbild_0a-300x300.webp\" class=\"attachment-woocommerce_thumbnail size-woocommerce_thumbnail\" alt=\"Textilspannrahmen mit Akustikschaum als CCS Akustik Wandbild\" srcset=\"https:\/\/ccs-fabricframe.de\/wp-content\/uploads\/2025\/10\/CCS_fabric_frame_produkt_akustik_wandbild_0a-300x300.webp 300w, https:\/\/ccs-fabricframe.de\/wp-content\/uploads\/2025\/10\/CCS_fabric_frame_produkt_akustik_wandbild_0a-150x150.webp 150w, https:\/\/ccs-fabricframe.de\/wp-content\/uploads\/2025\/10\/CCS_fabric_frame_produkt_akustik_wandbild_0a-768x768.webp 768w, https:\/\/ccs-fabricframe.de\/wp-content\/uploads\/2025\/10\/CCS_fabric_frame_produkt_akustik_wandbild_0a-12x12.webp 12w, https:\/\/ccs-fabricframe.de\/wp-content\/uploads\/2025\/10\/CCS_fabric_frame_produkt_akustik_wandbild_0a-600x600.webp 600w, https:\/\/ccs-fabricframe.de\/wp-content\/uploads\/2025\/10\/CCS_fabric_frame_produkt_akustik_wandbild_0a.webp 800w\" sizes=\"auto, (max-width: 300px) 100vw, 300px\" \/>\t\t\t\t<\/a>\n\t\t\t<\/div>\n\t\t\t\n\t\t<div class=\"wd-add-btn wd-add-btn-replace\">\n\t\t\t<a href=\"https:\/\/ccs-fabricframe.de\/en\/product\/akustik-wandbild\/\" aria-describedby=\"woocommerce_loop_add_to_cart_link_describedby_6041\" data-quantity=\"1\" class=\"button product_type_simple add-to-cart-loop\" data-product_id=\"6041\" data-product_sku=\"\" aria-label=\"Read more about \u201cAkustik Wandbild\u201d\" rel=\"nofollow\" data-success_message=\"\" data-no-translation-aria-label=\"\"><span data-no-translation=\"\" data-trp-gettext=\"\">Read more<\/span><\/a>\t<span id=\"woocommerce_loop_add_to_cart_link_describedby_6041\" class=\"screen-reader-text\">\n\t\t\t<\/span>\n\t\t<\/div>\n\n\t\t<div class=\"wd-buttons wd-pos-r-t\">\n\t\t\t\t\t\t\t\t\t\t\t<div class=\"quick-view wd-action-btn wd-style-icon wd-quick-view-icon\">\n\t\t\t<a\n\t\t\t\thref=\"https:\/\/ccs-fabricframe.de\/en\/product\/akustik-wandbild\/\"\n\t\t\t\tclass=\"open-quick-view quick-view-button\"\n\t\t\t\trel=\"nofollow\"\n\t\t\t\tdata-id=\"6041\"\n\t\t\t\t>Quick view<\/a>\n\t\t<\/div>\n\t\t\t\t\t\t\t<\/div>\n\t<\/div>\n\t\t\t\t\t<h3 class=\"wd-entities-title\"><a href=\"https:\/\/ccs-fabricframe.de\/en\/product\/akustik-wandbild\/\">Akustik Wandbild<\/a><\/h3>\t\t\t\t\t\t\n\n\t\t\n\t\t\n\t\t\t<\/div>\n<\/div>\n<div class=\"wd-product wd-hover-button wd-col product-grid-item product type-product post-6049 status-publish instock product_cat-aufsicht product_cat-classic-frame product_cat-classic-frame-produkt product_cat-healthcare product_cat-hospitality product_cat-keder product_cat-interior product_cat-produkt product_cat-retail-ladenbau product_cat-sublimation product_tag-akustik product_tag-wandmontiert has-post-thumbnail shipping-taxable product-type-simple\" data-loop=\"2\" data-id=\"6049\">\n\t\n\t\n<div class=\"product-wrapper\">\n\t<div class=\"product-element-top wd-quick-shop\">\n\t\t<a href=\"https:\/\/ccs-fabricframe.de\/en\/product\/vollflaechige-wandbespannung\/\" class=\"product-image-link\">\n\t\t\t<img loading=\"lazy\" decoding=\"async\" width=\"300\" height=\"300\" src=\"https:\/\/ccs-fabricframe.de\/wp-content\/uploads\/2025\/08\/CCS_fabric_frame_produkt_vollflaechige_wandbespannung_02a-300x300.webp\" class=\"attachment-woocommerce_thumbnail size-woocommerce_thumbnail\" alt=\"Vollfl\u00e4chige Wandbespannung in einem B\u00fcrogeb\u00e4ude\" srcset=\"https:\/\/ccs-fabricframe.de\/wp-content\/uploads\/2025\/08\/CCS_fabric_frame_produkt_vollflaechige_wandbespannung_02a-300x300.webp 300w, https:\/\/ccs-fabricframe.de\/wp-content\/uploads\/2025\/08\/CCS_fabric_frame_produkt_vollflaechige_wandbespannung_02a-150x150.webp 150w, https:\/\/ccs-fabricframe.de\/wp-content\/uploads\/2025\/08\/CCS_fabric_frame_produkt_vollflaechige_wandbespannung_02a-768x768.webp 768w, https:\/\/ccs-fabricframe.de\/wp-content\/uploads\/2025\/08\/CCS_fabric_frame_produkt_vollflaechige_wandbespannung_02a-12x12.webp 12w, https:\/\/ccs-fabricframe.de\/wp-content\/uploads\/2025\/08\/CCS_fabric_frame_produkt_vollflaechige_wandbespannung_02a-600x600.webp 600w, https:\/\/ccs-fabricframe.de\/wp-content\/uploads\/2025\/08\/CCS_fabric_frame_produkt_vollflaechige_wandbespannung_02a.webp 800w\" sizes=\"auto, (max-width: 300px) 100vw, 300px\" \/>\t\t<\/a>\n\n\t\t\t\t\t<div class=\"hover-img\">\n\t\t\t\t<a href=\"https:\/\/ccs-fabricframe.de\/en\/product\/vollflaechige-wandbespannung\/\" aria-label=\"Product image\">\n\t\t\t\t\t<img loading=\"lazy\" decoding=\"async\" width=\"300\" height=\"300\" src=\"https:\/\/ccs-fabricframe.de\/wp-content\/uploads\/2025\/08\/CCS_fabric_frame_produkt_vollflaechige_wandbespannung_01a-300x300.webp\" class=\"attachment-woocommerce_thumbnail size-woocommerce_thumbnail\" alt=\"Vollfl\u00e4chige Wandbespannung in einem Wohnbereich\" srcset=\"https:\/\/ccs-fabricframe.de\/wp-content\/uploads\/2025\/08\/CCS_fabric_frame_produkt_vollflaechige_wandbespannung_01a-300x300.webp 300w, https:\/\/ccs-fabricframe.de\/wp-content\/uploads\/2025\/08\/CCS_fabric_frame_produkt_vollflaechige_wandbespannung_01a-150x150.webp 150w, https:\/\/ccs-fabricframe.de\/wp-content\/uploads\/2025\/08\/CCS_fabric_frame_produkt_vollflaechige_wandbespannung_01a-768x768.webp 768w, https:\/\/ccs-fabricframe.de\/wp-content\/uploads\/2025\/08\/CCS_fabric_frame_produkt_vollflaechige_wandbespannung_01a-12x12.webp 12w, https:\/\/ccs-fabricframe.de\/wp-content\/uploads\/2025\/08\/CCS_fabric_frame_produkt_vollflaechige_wandbespannung_01a-600x600.webp 600w, https:\/\/ccs-fabricframe.de\/wp-content\/uploads\/2025\/08\/CCS_fabric_frame_produkt_vollflaechige_wandbespannung_01a.webp 800w\" sizes=\"auto, (max-width: 300px) 100vw, 300px\" \/>\t\t\t\t<\/a>\n\t\t\t<\/div>\n\t\t\t\n\t\t<div class=\"wd-add-btn wd-add-btn-replace\">\n\t\t\t<a href=\"https:\/\/ccs-fabricframe.de\/en\/product\/vollflaechige-wandbespannung\/\" aria-describedby=\"woocommerce_loop_add_to_cart_link_describedby_6049\" data-quantity=\"1\" class=\"button product_type_simple add-to-cart-loop\" data-product_id=\"6049\" data-product_sku=\"\" aria-label=\"Read more about \u201cVollfl\u00e4chige Wandbespannung\u201d\" rel=\"nofollow\" data-success_message=\"\" data-no-translation-aria-label=\"\"><span data-no-translation=\"\" data-trp-gettext=\"\">Read more<\/span><\/a>\t<span id=\"woocommerce_loop_add_to_cart_link_describedby_6049\" class=\"screen-reader-text\">\n\t\t\t<\/span>\n\t\t<\/div>\n\n\t\t<div class=\"wd-buttons wd-pos-r-t\">\n\t\t\t\t\t\t\t\t\t\t\t<div class=\"quick-view wd-action-btn wd-style-icon wd-quick-view-icon\">\n\t\t\t<a\n\t\t\t\thref=\"https:\/\/ccs-fabricframe.de\/en\/product\/vollflaechige-wandbespannung\/\"\n\t\t\t\tclass=\"open-quick-view quick-view-button\"\n\t\t\t\trel=\"nofollow\"\n\t\t\t\tdata-id=\"6049\"\n\t\t\t\t>Quick view<\/a>\n\t\t<\/div>\n\t\t\t\t\t\t\t<\/div>\n\t<\/div>\n\t\t\t\t\t<h3 class=\"wd-entities-title\"><a href=\"https:\/\/ccs-fabricframe.de\/en\/product\/vollflaechige-wandbespannung\/\">Full-surface wall covering<\/a><\/h3>\t\t\t\t\t\t\n\n\t\t\n\t\t\n\t\t\t<\/div>\n<\/div>\n\t\t\t<\/div>\n\t\t\t<\/div><\/div>\n<\/div>\n\n\n\n<h2 class=\"wp-block-heading\"><strong>Akustik und Raumgestaltung: Wie beides harmonisch zusammenwirkt<\/strong>&nbsp;<\/h2>\n\n\n\n<p id=\"wd-0a4bd13f\" class=\"wp-block-wd-paragraph\">Akustik ist kein Fremdk\u00f6rper in der Gestaltung \u2013 im Gegenteil: Sie wird zunehmend als gestalterisches Element wahrgenommen und in Designs mitgedacht. Als kleine Inspiration haben wir euch unsere liebsten Elemente f\u00fcr eine ruhige, clevere Raumgestaltung zusammengestellt und pr\u00e4sentieren euch Ki-generierte Gestaltungsideen:&nbsp;<\/p>\n\n\n\n<div id=\"wd-9ffe0de3\" class=\"wp-block-wd-carousel wd-carousel-container\"><div class=\"wd-carousel-inner\"><div class=\"wd-carousel wd-grid\" style=\"--wd-col-lg:3;--wd-col-md:3;--wd-col-sm:1;--wd-gap-lg:20px;--wd-gap-sm:10px;\" data-scroll_per_page=\"yes\" data-wrap=\"yes\"><div class=\"wd-carousel-wrap\">\n<div id=\"wd-c6df8641\" class=\"wp-block-wd-carousel-item wd-carousel-item\">\n<figure class=\"wp-block-image size-large\"><img loading=\"lazy\" decoding=\"async\" width=\"1062\" height=\"708\" src=\"https:\/\/ccs-fabricframe.de\/wp-content\/uploads\/2026\/02\/CCS_Buerogestaltung_Akustik_im_Buero_01-edited.webp\" alt=\"Modernes B\u00fcro mit gro\u00dfen Fenstern und Akustik-Wandbildern\" class=\"wp-image-7337\" srcset=\"https:\/\/ccs-fabricframe.de\/wp-content\/uploads\/2026\/02\/CCS_Buerogestaltung_Akustik_im_Buero_01-edited.webp 1062w, https:\/\/ccs-fabricframe.de\/wp-content\/uploads\/2026\/02\/CCS_Buerogestaltung_Akustik_im_Buero_01-edited-300x200.webp 300w, https:\/\/ccs-fabricframe.de\/wp-content\/uploads\/2026\/02\/CCS_Buerogestaltung_Akustik_im_Buero_01-edited-1024x683.webp 1024w, https:\/\/ccs-fabricframe.de\/wp-content\/uploads\/2026\/02\/CCS_Buerogestaltung_Akustik_im_Buero_01-edited-150x100.webp 150w, https:\/\/ccs-fabricframe.de\/wp-content\/uploads\/2026\/02\/CCS_Buerogestaltung_Akustik_im_Buero_01-edited-768x512.webp 768w, https:\/\/ccs-fabricframe.de\/wp-content\/uploads\/2026\/02\/CCS_Buerogestaltung_Akustik_im_Buero_01-edited-18x12.webp 18w, https:\/\/ccs-fabricframe.de\/wp-content\/uploads\/2026\/02\/CCS_Buerogestaltung_Akustik_im_Buero_01-edited-600x400.webp 600w\" sizes=\"auto, (max-width: 1062px) 100vw, 1062px\" \/><\/figure>\n\n\n\n<p>Farbkonzepte, die Ruhe ausstrahlen&nbsp;<\/p>\n<\/div>\n\n\n\n<div id=\"wd-d961845c\" class=\"wp-block-wd-carousel-item wd-carousel-item\">\n<figure class=\"wp-block-image size-large\"><img loading=\"lazy\" decoding=\"async\" width=\"1024\" height=\"683\" src=\"https:\/\/ccs-fabricframe.de\/wp-content\/uploads\/2026\/01\/CCS_Buerogestaltung_Basotect_01-1024x683.webp\" alt=\"\" class=\"wp-image-7189\" srcset=\"https:\/\/ccs-fabricframe.de\/wp-content\/uploads\/2026\/01\/CCS_Buerogestaltung_Basotect_01-1024x683.webp 1024w, https:\/\/ccs-fabricframe.de\/wp-content\/uploads\/2026\/01\/CCS_Buerogestaltung_Basotect_01-300x200.webp 300w, https:\/\/ccs-fabricframe.de\/wp-content\/uploads\/2026\/01\/CCS_Buerogestaltung_Basotect_01-150x100.webp 150w, https:\/\/ccs-fabricframe.de\/wp-content\/uploads\/2026\/01\/CCS_Buerogestaltung_Basotect_01-768x512.webp 768w, https:\/\/ccs-fabricframe.de\/wp-content\/uploads\/2026\/01\/CCS_Buerogestaltung_Basotect_01-1536x1024.webp 1536w, https:\/\/ccs-fabricframe.de\/wp-content\/uploads\/2026\/01\/CCS_Buerogestaltung_Basotect_01-18x12.webp 18w, https:\/\/ccs-fabricframe.de\/wp-content\/uploads\/2026\/01\/CCS_Buerogestaltung_Basotect_01-600x400.webp 600w, https:\/\/ccs-fabricframe.de\/wp-content\/uploads\/2026\/01\/CCS_Buerogestaltung_Basotect_01.webp 1980w\" sizes=\"auto, (max-width: 1024px) 100vw, 1024px\" \/><\/figure>\n\n\n\n<p>Materialien, die Schall bremsen&nbsp;<\/p>\n<\/div>\n\n\n\n<div id=\"wd-d47bbd2e\" class=\"wp-block-wd-carousel-item wd-carousel-item\">\n<figure class=\"wp-block-image size-large\"><img loading=\"lazy\" decoding=\"async\" width=\"874\" height=\"583\" src=\"https:\/\/ccs-fabricframe.de\/wp-content\/uploads\/2026\/02\/CCS_Buerogestaltung_Akustik_im_Buero_04-edited.webp\" alt=\"Raumtrenner mit Schallschutz als R\u00fcckwand einer Sitzecke\" class=\"wp-image-7335\" srcset=\"https:\/\/ccs-fabricframe.de\/wp-content\/uploads\/2026\/02\/CCS_Buerogestaltung_Akustik_im_Buero_04-edited.webp 874w, https:\/\/ccs-fabricframe.de\/wp-content\/uploads\/2026\/02\/CCS_Buerogestaltung_Akustik_im_Buero_04-edited-300x200.webp 300w, https:\/\/ccs-fabricframe.de\/wp-content\/uploads\/2026\/02\/CCS_Buerogestaltung_Akustik_im_Buero_04-edited-150x100.webp 150w, https:\/\/ccs-fabricframe.de\/wp-content\/uploads\/2026\/02\/CCS_Buerogestaltung_Akustik_im_Buero_04-edited-768x512.webp 768w, https:\/\/ccs-fabricframe.de\/wp-content\/uploads\/2026\/02\/CCS_Buerogestaltung_Akustik_im_Buero_04-edited-18x12.webp 18w, https:\/\/ccs-fabricframe.de\/wp-content\/uploads\/2026\/02\/CCS_Buerogestaltung_Akustik_im_Buero_04-edited-600x400.webp 600w\" sizes=\"auto, (max-width: 874px) 100vw, 874px\" \/><\/figure>\n\n\n\n<p>Zonierung mit Raumtrennern&nbsp;<\/p>\n<\/div>\n\n\n\n<div id=\"wd-58f8d8bb\" class=\"wp-block-wd-carousel-item wd-carousel-item\">\n<figure class=\"wp-block-image size-large\"><img loading=\"lazy\" decoding=\"async\" width=\"805\" height=\"537\" src=\"https:\/\/ccs-fabricframe.de\/wp-content\/uploads\/2026\/02\/CCS_Buerogestaltung_Akustik_im_Buero_02-edited.webp\" alt=\"Moderne Lobby mit gro\u00dfen Akustikwandbildern\" class=\"wp-image-7333\" srcset=\"https:\/\/ccs-fabricframe.de\/wp-content\/uploads\/2026\/02\/CCS_Buerogestaltung_Akustik_im_Buero_02-edited.webp 805w, https:\/\/ccs-fabricframe.de\/wp-content\/uploads\/2026\/02\/CCS_Buerogestaltung_Akustik_im_Buero_02-edited-300x200.webp 300w, https:\/\/ccs-fabricframe.de\/wp-content\/uploads\/2026\/02\/CCS_Buerogestaltung_Akustik_im_Buero_02-edited-150x100.webp 150w, https:\/\/ccs-fabricframe.de\/wp-content\/uploads\/2026\/02\/CCS_Buerogestaltung_Akustik_im_Buero_02-edited-768x512.webp 768w, https:\/\/ccs-fabricframe.de\/wp-content\/uploads\/2026\/02\/CCS_Buerogestaltung_Akustik_im_Buero_02-edited-18x12.webp 18w, https:\/\/ccs-fabricframe.de\/wp-content\/uploads\/2026\/02\/CCS_Buerogestaltung_Akustik_im_Buero_02-edited-600x400.webp 600w\" sizes=\"auto, (max-width: 805px) 100vw, 805px\" \/><\/figure>\n\n\n\n<p>Polsterm\u00f6bel, die zum Verweilen einladen&nbsp;<\/p>\n<\/div>\n\n\n\n<div id=\"wd-e64a8e66\" class=\"wp-block-wd-carousel-item wd-carousel-item\">\n<figure class=\"wp-block-image size-large\"><img loading=\"lazy\" decoding=\"async\" width=\"862\" height=\"575\" src=\"https:\/\/ccs-fabricframe.de\/wp-content\/uploads\/2026\/02\/CCS_Buerogestaltung_Akustik_im_Buero_03-edited-1.webp\" alt=\"B\u00fcro mit gro\u00dfen schwarzen Wandbildern mit Akustikwirkung\" class=\"wp-image-7334\" srcset=\"https:\/\/ccs-fabricframe.de\/wp-content\/uploads\/2026\/02\/CCS_Buerogestaltung_Akustik_im_Buero_03-edited-1.webp 862w, https:\/\/ccs-fabricframe.de\/wp-content\/uploads\/2026\/02\/CCS_Buerogestaltung_Akustik_im_Buero_03-edited-1-300x200.webp 300w, https:\/\/ccs-fabricframe.de\/wp-content\/uploads\/2026\/02\/CCS_Buerogestaltung_Akustik_im_Buero_03-edited-1-150x100.webp 150w, https:\/\/ccs-fabricframe.de\/wp-content\/uploads\/2026\/02\/CCS_Buerogestaltung_Akustik_im_Buero_03-edited-1-768x512.webp 768w, https:\/\/ccs-fabricframe.de\/wp-content\/uploads\/2026\/02\/CCS_Buerogestaltung_Akustik_im_Buero_03-edited-1-18x12.webp 18w, https:\/\/ccs-fabricframe.de\/wp-content\/uploads\/2026\/02\/CCS_Buerogestaltung_Akustik_im_Buero_03-edited-1-600x400.webp 600w\" sizes=\"auto, (max-width: 862px) 100vw, 862px\" \/><\/figure>\n\n\n\n<p>Beleuchtung, die&nbsp;die Raumgestaltung&nbsp;in Szene setzt<\/p>\n<\/div>\n<\/div><\/div><div class=\"wd-nav-arrows wd-pos-sep wd-hover-1 wd-icon-1\"><div class=\"wd-btn-arrow wd-prev\"><div class=\"wd-arrow-inner\"><\/div><\/div><div class=\"wd-btn-arrow wd-next\"><div class=\"wd-arrow-inner\"><\/div><\/div><\/div><\/div><div class=\"wd-nav-pagin-wrap text-center wd-style-shape\"><ul class=\"wd-nav-pagin\"><\/ul><\/div><\/div>\n\n\n\n<div id=\"wd-83fde4f8\" class=\"wp-block-wd-row\">\n<div id=\"wd-b60f2a4c\" class=\"wp-block-wd-column\">\n<h3 class=\"wp-block-heading\"><strong>So gut ist Arbeiten bei verbesserter Raumakustik<\/strong>&nbsp;<\/h3>\n\n\n\n<ol start=\"1\" class=\"wp-block-list\">\n<li>Weniger Konflikte durch weniger Missverst\u00e4ndnisse: Durch die bessere Sprachverst\u00e4ndlichkeit&nbsp;wird Kommunikation erleichtert, vor Allem in internationalen Unternehmen ohne gemeinsame Muttersprache. Auch f\u00fcr Personen mit H\u00f6reinschr\u00e4nkungen wird der Alltag&nbsp;so barrierefreier gestaltet.<\/li>\n\n\n\n<li>H\u00f6here Zufriedenheit der Mitarbeitenden: Entspanntes Arbeiten in entspannter Atmosph\u00e4re sorgt&nbsp;f\u00fcr einen verbesserten Arbeitsalltag. Durch die gesteigerte Produktivit\u00e4t steigt auch das Wertgef\u00fchl der eigenen Arbeit und trotzdem bleibt eine Ersch\u00f6pfung durch \u00dcberreizung aus.&nbsp;<\/li>\n\n\n\n<li>Bessere Ergebnisse in Meetings: Alle werden geh\u00f6rt und k\u00f6nnen sich einbringen. Auch hier entstehen weniger Missverst\u00e4ndnisse und das Strukturieren von Gespr\u00e4chen mit vielen Teilnehmern wird vereinfacht.&nbsp;<\/li>\n\n\n\n<li>Effektivere&nbsp;Arbeitsphasen: Sowohl die Einzel- als auch die Gruppenarbeit wird durch gutes Zoning gest\u00e4rkt. Die Einzelbereiche gehen auf die Bed\u00fcrfnisse der&nbsp;jeweiligen Mitarbeitenden ein und sorgen f\u00fcr abgeschottete Bereiche f\u00fcr Austausch und Stillarbeit.&nbsp;<\/li>\n\n\n\n<li>Weniger Stress und Krankheitstage: Die gesundheitlichen Konsequenzen einer dauerhaften L\u00e4rmbelastung k\u00f6nnen nicht au\u00dfer Acht gelassen werden. Eine gute Raumakustik sorgt f\u00fcr rundum entspanntere Mitarbeitende, die auch f\u00fcr den Rest ihres Alltags noch ausreichend Energie&nbsp;\u00fcbrig haben.&nbsp;<\/li>\n<\/ol>\n<\/div>\n<\/div>\n\n\n\n<h2 class=\"wp-block-heading\"><strong>Fazit: Moderne B\u00fcrogestaltung braucht akustisch&nbsp;mitgedachte Designs<\/strong>&nbsp;<\/h2>\n\n\n\n<p id=\"wd-b05b93ac\" class=\"wp-block-wd-paragraph\">L\u00e4rm ist in B\u00fcroumgebungen unvermeidbar, mit den richtigen Herangehensweisen aber kontrollierbar. Durch ein gutes akustisches Design entstehen weniger Konflikte und Missverst\u00e4ndnisse im Arbeitsalltag, eure Mitarbeitenden werden entlastet und k\u00f6nnen konzentrierter, ges\u00fcnder und effektiver alleine und zusammen arbeiten, ihr schafft Entlastungen f\u00fcr internationale KollegInnen und Menschen mit H\u00f6reinschr\u00e4nkungen. Au\u00dferdem sehen gut eingesetzte Akustikprodukte einfach echt klasse aus, ob als Erg\u00e4nzung oder als Highlights in eurer B\u00fcrogestaltung.<br>Mit hochwertigen&nbsp;<strong>Akustik Absorbern<\/strong>, intelligent platzierten&nbsp;<strong>Akustik Paneelen<\/strong>, wirksamem&nbsp;<strong>Schallschutz an&nbsp;den&nbsp;W\u00e4nden<\/strong>&nbsp;und einer durchdachten&nbsp;<strong>Raumgestaltung<\/strong>&nbsp;l\u00e4sst sich die&nbsp;<em>Raumakustik verbessern<\/em>&nbsp;und ein Arbeitsumfeld schaffen, das Produktivit\u00e4t, Gesundheit und Wohlbefinden f\u00f6rdert.&nbsp;<\/p>\n\n\n\n<div id=\"wd-0fa8da02\" class=\"wp-block-wd-row wd-align-s-center\">\n<div id=\"wd-e51c033e\" class=\"wp-block-wd-column\">\n<div id=\"wd-a81277d3\" class=\"wp-block-wd-container wd-dir-col wd-dir-col-md wd-custom-width\">\n<h2 id=\"wd-a9a02e47\" class=\"wp-block-wd-title title\">Lust, den Unterschied zu h\u00f6ren?<\/h2>\n<\/div>\n\n\n\n<p id=\"wd-08fd0ebe\" class=\"wp-block-wd-paragraph\">Ich freue mich darauf, euch bei euren Projekten rund ums Thema Raumgestaltung und Akustik zu begleiten und gemeinsam mit euch zu erleben, wie wir eure B\u00fcros revolutionieren.<\/p>\n\n\n\n<h2 id=\"wd-f8e3fbc0\" class=\"wp-block-wd-title title\">Markus Gonsch<\/h2>\n\n\n\n<h2 id=\"wd-fc47daf3\" class=\"wp-block-wd-title title\">Account &amp; Project Manager<\/h2>\n\n\n\n<a id=\"wd-33d20de0\" class=\"wp-block-wd-button btn btn-style-default btn-size-default btn-shape-semi-round\" href=\"https:\/\/outlook.office.com\/book\/CCSDavidLitwak@ccs-digital.de\/\"><span>Beratung buchen<\/span><\/a>\n<\/div>\n\n\n\n<div id=\"wd-2e4a6221\" class=\"wp-block-wd-column wd-align-is-lg-flex-end wd-align-s-center\">\n<div id=\"wd-82b4503f\" class=\"wp-block-wd-image wd-block-image\"><img loading=\"lazy\" decoding=\"async\" width=\"800\" height=\"800\" class=\"wp-image-4376\" src=\"https:\/\/ccs-fabricframe.de\/wp-content\/uploads\/2025\/07\/CCS_Team_Vertrieb_Markus_Gonsch.webp\" alt=\"Markus Gonsch\" srcset=\"https:\/\/ccs-fabricframe.de\/wp-content\/uploads\/2025\/07\/CCS_Team_Vertrieb_Markus_Gonsch.webp 800w, https:\/\/ccs-fabricframe.de\/wp-content\/uploads\/2025\/07\/CCS_Team_Vertrieb_Markus_Gonsch-300x300.webp 300w, https:\/\/ccs-fabricframe.de\/wp-content\/uploads\/2025\/07\/CCS_Team_Vertrieb_Markus_Gonsch-150x150.webp 150w, https:\/\/ccs-fabricframe.de\/wp-content\/uploads\/2025\/07\/CCS_Team_Vertrieb_Markus_Gonsch-768x768.webp 768w, https:\/\/ccs-fabricframe.de\/wp-content\/uploads\/2025\/07\/CCS_Team_Vertrieb_Markus_Gonsch-600x600.webp 600w\" sizes=\"auto, (max-width: 800px) 100vw, 800px\" \/><\/div>\n<\/div>\n<\/div>","protected":false},"excerpt":{"rendered":"<p>Was ist Schall \u2013 und warum macht er uns im B\u00fcro so zu schaffen?&nbsp; Wie L\u00e4rm die Gesundheit und Arbeitsleistung<\/p>","protected":false},"author":6,"featured_media":7612,"comment_status":"closed","ping_status":"closed","sticky":false,"template":"","format":"standard","meta":{"footnotes":""},"categories":[216],"tags":[],"class_list":["post-7053","post","type-post","status-publish","format-standard","has-post-thumbnail","hentry","category-bueroakustik"],"yoast_head":"<!-- This site is optimized with the Yoast SEO plugin v27.3 - https:\/\/yoast.com\/product\/yoast-seo-wordpress\/ -->\n<title>B\u00fcroakustik verbessern - CCS Fabric Frame<\/title>\n<meta name=\"description\" content=\"Welche Folgen eine schlechte B\u00fcroakustik hat und was ihr dagegen tut: In diesem Beitrag erfahrt ihr alles rund um Schallschutz im B\u00fcro.\" \/>\n<meta name=\"robots\" content=\"index, follow, max-snippet:-1, max-image-preview:large, max-video-preview:-1\" \/>\n<link rel=\"canonical\" href=\"https:\/\/ccs-fabricframe.de\/en\/laerm-im-buero\/\" \/>\n<meta property=\"og:locale\" content=\"en_US\" \/>\n<meta property=\"og:type\" content=\"article\" \/>\n<meta property=\"og:title\" content=\"B\u00fcroakustik verbessern - CCS Fabric Frame\" \/>\n<meta property=\"og:description\" content=\"Welche Folgen eine schlechte B\u00fcroakustik hat und was ihr dagegen tut: In diesem Beitrag erfahrt ihr alles rund um Schallschutz im B\u00fcro.\" \/>\n<meta property=\"og:url\" content=\"https:\/\/ccs-fabricframe.de\/en\/laerm-im-buero\/\" \/>\n<meta property=\"og:site_name\" content=\"CCS Fabric Frame\" \/>\n<meta property=\"article:published_time\" content=\"2026-01-27T13:16:16+00:00\" \/>\n<meta property=\"article:modified_time\" content=\"2026-04-01T09:49:52+00:00\" \/>\n<meta property=\"og:image\" content=\"https:\/\/ccs-fabricframe.de\/wp-content\/uploads\/2026\/01\/CCS_akustik_post_02.webp\" \/>\n\t<meta property=\"og:image:width\" content=\"2560\" \/>\n\t<meta property=\"og:image:height\" content=\"1707\" \/>\n\t<meta property=\"og:image:type\" content=\"image\/webp\" \/>\n<meta name=\"author\" content=\"Franziska\" \/>\n<meta name=\"twitter:card\" content=\"summary_large_image\" \/>\n<meta name=\"twitter:label1\" content=\"Written by\" \/>\n\t<meta name=\"twitter:data1\" content=\"Franziska\" \/>\n\t<meta name=\"twitter:label2\" content=\"Est. reading time\" \/>\n\t<meta name=\"twitter:data2\" content=\"12 minutes\" \/>\n<script type=\"application\/ld+json\" class=\"yoast-schema-graph\">{\"@context\":\"https:\\\/\\\/schema.org\",\"@graph\":[{\"@type\":\"Article\",\"@id\":\"https:\\\/\\\/ccs-fabricframe.de\\\/laerm-im-buero\\\/#article\",\"isPartOf\":{\"@id\":\"https:\\\/\\\/ccs-fabricframe.de\\\/laerm-im-buero\\\/\"},\"author\":{\"name\":\"Franziska\",\"@id\":\"https:\\\/\\\/ccs-fabricframe.de\\\/#\\\/schema\\\/person\\\/9919b8463e90c461712ee515c3721f79\"},\"headline\":\"Schall &amp; L\u00e4rm im B\u00fcro: Wie schlechte Raumakustik unsere Arbeit beeinflusst\u00a0und wie moderne Akustikl\u00f6sungen helfen\u00a0\",\"datePublished\":\"2026-01-27T13:16:16+00:00\",\"dateModified\":\"2026-04-01T09:49:52+00:00\",\"mainEntityOfPage\":{\"@id\":\"https:\\\/\\\/ccs-fabricframe.de\\\/laerm-im-buero\\\/\"},\"wordCount\":2136,\"publisher\":{\"@id\":\"https:\\\/\\\/ccs-fabricframe.de\\\/#organization\"},\"image\":{\"@id\":\"https:\\\/\\\/ccs-fabricframe.de\\\/laerm-im-buero\\\/#primaryimage\"},\"thumbnailUrl\":\"https:\\\/\\\/ccs-fabricframe.de\\\/wp-content\\\/uploads\\\/2026\\\/01\\\/CCS_akustik_post_02.webp\",\"articleSection\":[\"B\u00fcroakustik\"],\"inLanguage\":\"en-US\"},{\"@type\":\"WebPage\",\"@id\":\"https:\\\/\\\/ccs-fabricframe.de\\\/laerm-im-buero\\\/\",\"url\":\"https:\\\/\\\/ccs-fabricframe.de\\\/laerm-im-buero\\\/\",\"name\":\"B\u00fcroakustik verbessern - CCS Fabric Frame\",\"isPartOf\":{\"@id\":\"https:\\\/\\\/ccs-fabricframe.de\\\/#website\"},\"primaryImageOfPage\":{\"@id\":\"https:\\\/\\\/ccs-fabricframe.de\\\/laerm-im-buero\\\/#primaryimage\"},\"image\":{\"@id\":\"https:\\\/\\\/ccs-fabricframe.de\\\/laerm-im-buero\\\/#primaryimage\"},\"thumbnailUrl\":\"https:\\\/\\\/ccs-fabricframe.de\\\/wp-content\\\/uploads\\\/2026\\\/01\\\/CCS_akustik_post_02.webp\",\"datePublished\":\"2026-01-27T13:16:16+00:00\",\"dateModified\":\"2026-04-01T09:49:52+00:00\",\"description\":\"Welche Folgen eine schlechte B\u00fcroakustik hat und was ihr dagegen tut: In diesem Beitrag erfahrt ihr alles rund um Schallschutz im B\u00fcro.\",\"breadcrumb\":{\"@id\":\"https:\\\/\\\/ccs-fabricframe.de\\\/laerm-im-buero\\\/#breadcrumb\"},\"inLanguage\":\"en-US\",\"potentialAction\":[{\"@type\":\"ReadAction\",\"target\":[\"https:\\\/\\\/ccs-fabricframe.de\\\/laerm-im-buero\\\/\"]}]},{\"@type\":\"ImageObject\",\"inLanguage\":\"en-US\",\"@id\":\"https:\\\/\\\/ccs-fabricframe.de\\\/laerm-im-buero\\\/#primaryimage\",\"url\":\"https:\\\/\\\/ccs-fabricframe.de\\\/wp-content\\\/uploads\\\/2026\\\/01\\\/CCS_akustik_post_02.webp\",\"contentUrl\":\"https:\\\/\\\/ccs-fabricframe.de\\\/wp-content\\\/uploads\\\/2026\\\/01\\\/CCS_akustik_post_02.webp\",\"width\":2560,\"height\":1707},{\"@type\":\"BreadcrumbList\",\"@id\":\"https:\\\/\\\/ccs-fabricframe.de\\\/laerm-im-buero\\\/#breadcrumb\",\"itemListElement\":[{\"@type\":\"ListItem\",\"position\":1,\"name\":\"Startseite\",\"item\":\"https:\\\/\\\/ccs-fabricframe.de\\\/\"},{\"@type\":\"ListItem\",\"position\":2,\"name\":\"Schall &amp; L\u00e4rm im B\u00fcro: Wie schlechte Raumakustik unsere Arbeit beeinflusst\u00a0und wie moderne Akustikl\u00f6sungen helfen\u00a0\"}]},{\"@type\":\"WebSite\",\"@id\":\"https:\\\/\\\/ccs-fabricframe.de\\\/#website\",\"url\":\"https:\\\/\\\/ccs-fabricframe.de\\\/\",\"name\":\"CCS Fabric Frame\",\"description\":\"Print. Shape. Impress.\",\"publisher\":{\"@id\":\"https:\\\/\\\/ccs-fabricframe.de\\\/#organization\"},\"potentialAction\":[{\"@type\":\"SearchAction\",\"target\":{\"@type\":\"EntryPoint\",\"urlTemplate\":\"https:\\\/\\\/ccs-fabricframe.de\\\/?s={search_term_string}\"},\"query-input\":{\"@type\":\"PropertyValueSpecification\",\"valueRequired\":true,\"valueName\":\"search_term_string\"}}],\"inLanguage\":\"en-US\"},{\"@type\":\"Organization\",\"@id\":\"https:\\\/\\\/ccs-fabricframe.de\\\/#organization\",\"name\":\"CCS fabric frame\",\"alternateName\":\"CCS\",\"url\":\"https:\\\/\\\/ccs-fabricframe.de\\\/\",\"logo\":{\"@type\":\"ImageObject\",\"inLanguage\":\"en-US\",\"@id\":\"https:\\\/\\\/ccs-fabricframe.de\\\/#\\\/schema\\\/logo\\\/image\\\/\",\"url\":\"https:\\\/\\\/ccs-fabricframe.de\\\/wp-content\\\/uploads\\\/2025\\\/06\\\/Lg_CCS-Fabfra_RedBlack_rgb_EE2737-1E1E1E-1.svg\",\"contentUrl\":\"https:\\\/\\\/ccs-fabricframe.de\\\/wp-content\\\/uploads\\\/2025\\\/06\\\/Lg_CCS-Fabfra_RedBlack_rgb_EE2737-1E1E1E-1.svg\",\"width\":459,\"height\":255,\"caption\":\"CCS fabric frame\"},\"image\":{\"@id\":\"https:\\\/\\\/ccs-fabricframe.de\\\/#\\\/schema\\\/logo\\\/image\\\/\"},\"sameAs\":[\"https:\\\/\\\/www.instagram.com\\\/ccsfabricframe\\\/\",\"https:\\\/\\\/www.linkedin.com\\\/company\\\/ccs-fabricframe\\\/\"]},{\"@type\":\"Person\",\"@id\":\"https:\\\/\\\/ccs-fabricframe.de\\\/#\\\/schema\\\/person\\\/9919b8463e90c461712ee515c3721f79\",\"name\":\"Franziska\",\"url\":\"https:\\\/\\\/ccs-fabricframe.de\\\/en\\\/author\\\/tssq7kmkhdrb\\\/\"}]}<\/script>\n<!-- \/ Yoast SEO plugin. -->","yoast_head_json":{"title":"B\u00fcroakustik verbessern - CCS Fabric Frame","description":"Welche Folgen eine schlechte B\u00fcroakustik hat und was ihr dagegen tut: In diesem Beitrag erfahrt ihr alles rund um Schallschutz im B\u00fcro.","robots":{"index":"index","follow":"follow","max-snippet":"max-snippet:-1","max-image-preview":"max-image-preview:large","max-video-preview":"max-video-preview:-1"},"canonical":"https:\/\/ccs-fabricframe.de\/en\/laerm-im-buero\/","og_locale":"en_US","og_type":"article","og_title":"B\u00fcroakustik verbessern - CCS Fabric Frame","og_description":"Welche Folgen eine schlechte B\u00fcroakustik hat und was ihr dagegen tut: In diesem Beitrag erfahrt ihr alles rund um Schallschutz im B\u00fcro.","og_url":"https:\/\/ccs-fabricframe.de\/en\/laerm-im-buero\/","og_site_name":"CCS Fabric Frame","article_published_time":"2026-01-27T13:16:16+00:00","article_modified_time":"2026-04-01T09:49:52+00:00","og_image":[{"width":2560,"height":1707,"url":"https:\/\/ccs-fabricframe.de\/wp-content\/uploads\/2026\/01\/CCS_akustik_post_02.webp","type":"image\/webp"}],"author":"Franziska","twitter_card":"summary_large_image","twitter_misc":{"Written by":"Franziska","Est. reading time":"12 minutes"},"schema":{"@context":"https:\/\/schema.org","@graph":[{"@type":"Article","@id":"https:\/\/ccs-fabricframe.de\/laerm-im-buero\/#article","isPartOf":{"@id":"https:\/\/ccs-fabricframe.de\/laerm-im-buero\/"},"author":{"name":"Franziska","@id":"https:\/\/ccs-fabricframe.de\/#\/schema\/person\/9919b8463e90c461712ee515c3721f79"},"headline":"Schall &amp; L\u00e4rm im B\u00fcro: Wie schlechte Raumakustik unsere Arbeit beeinflusst\u00a0und wie moderne Akustikl\u00f6sungen helfen\u00a0","datePublished":"2026-01-27T13:16:16+00:00","dateModified":"2026-04-01T09:49:52+00:00","mainEntityOfPage":{"@id":"https:\/\/ccs-fabricframe.de\/laerm-im-buero\/"},"wordCount":2136,"publisher":{"@id":"https:\/\/ccs-fabricframe.de\/#organization"},"image":{"@id":"https:\/\/ccs-fabricframe.de\/laerm-im-buero\/#primaryimage"},"thumbnailUrl":"https:\/\/ccs-fabricframe.de\/wp-content\/uploads\/2026\/01\/CCS_akustik_post_02.webp","articleSection":["B\u00fcroakustik"],"inLanguage":"en-US"},{"@type":"WebPage","@id":"https:\/\/ccs-fabricframe.de\/laerm-im-buero\/","url":"https:\/\/ccs-fabricframe.de\/laerm-im-buero\/","name":"B\u00fcroakustik verbessern - CCS Fabric Frame","isPartOf":{"@id":"https:\/\/ccs-fabricframe.de\/#website"},"primaryImageOfPage":{"@id":"https:\/\/ccs-fabricframe.de\/laerm-im-buero\/#primaryimage"},"image":{"@id":"https:\/\/ccs-fabricframe.de\/laerm-im-buero\/#primaryimage"},"thumbnailUrl":"https:\/\/ccs-fabricframe.de\/wp-content\/uploads\/2026\/01\/CCS_akustik_post_02.webp","datePublished":"2026-01-27T13:16:16+00:00","dateModified":"2026-04-01T09:49:52+00:00","description":"Welche Folgen eine schlechte B\u00fcroakustik hat und was ihr dagegen tut: In diesem Beitrag erfahrt ihr alles rund um Schallschutz im B\u00fcro.","breadcrumb":{"@id":"https:\/\/ccs-fabricframe.de\/laerm-im-buero\/#breadcrumb"},"inLanguage":"en-US","potentialAction":[{"@type":"ReadAction","target":["https:\/\/ccs-fabricframe.de\/laerm-im-buero\/"]}]},{"@type":"ImageObject","inLanguage":"en-US","@id":"https:\/\/ccs-fabricframe.de\/laerm-im-buero\/#primaryimage","url":"https:\/\/ccs-fabricframe.de\/wp-content\/uploads\/2026\/01\/CCS_akustik_post_02.webp","contentUrl":"https:\/\/ccs-fabricframe.de\/wp-content\/uploads\/2026\/01\/CCS_akustik_post_02.webp","width":2560,"height":1707},{"@type":"BreadcrumbList","@id":"https:\/\/ccs-fabricframe.de\/laerm-im-buero\/#breadcrumb","itemListElement":[{"@type":"ListItem","position":1,"name":"Startseite","item":"https:\/\/ccs-fabricframe.de\/"},{"@type":"ListItem","position":2,"name":"Schall &amp; L\u00e4rm im B\u00fcro: Wie schlechte Raumakustik unsere Arbeit beeinflusst\u00a0und wie moderne Akustikl\u00f6sungen helfen\u00a0"}]},{"@type":"WebSite","@id":"https:\/\/ccs-fabricframe.de\/#website","url":"https:\/\/ccs-fabricframe.de\/","name":"CCS Fabric Frame","description":"Print. Shape. Impress.","publisher":{"@id":"https:\/\/ccs-fabricframe.de\/#organization"},"potentialAction":[{"@type":"SearchAction","target":{"@type":"EntryPoint","urlTemplate":"https:\/\/ccs-fabricframe.de\/?s={search_term_string}"},"query-input":{"@type":"PropertyValueSpecification","valueRequired":true,"valueName":"search_term_string"}}],"inLanguage":"en-US"},{"@type":"Organization","@id":"https:\/\/ccs-fabricframe.de\/#organization","name":"CCS fabric frame","alternateName":"CCS","url":"https:\/\/ccs-fabricframe.de\/","logo":{"@type":"ImageObject","inLanguage":"en-US","@id":"https:\/\/ccs-fabricframe.de\/#\/schema\/logo\/image\/","url":"https:\/\/ccs-fabricframe.de\/wp-content\/uploads\/2025\/06\/Lg_CCS-Fabfra_RedBlack_rgb_EE2737-1E1E1E-1.svg","contentUrl":"https:\/\/ccs-fabricframe.de\/wp-content\/uploads\/2025\/06\/Lg_CCS-Fabfra_RedBlack_rgb_EE2737-1E1E1E-1.svg","width":459,"height":255,"caption":"CCS fabric frame"},"image":{"@id":"https:\/\/ccs-fabricframe.de\/#\/schema\/logo\/image\/"},"sameAs":["https:\/\/www.instagram.com\/ccsfabricframe\/","https:\/\/www.linkedin.com\/company\/ccs-fabricframe\/"]},{"@type":"Person","@id":"https:\/\/ccs-fabricframe.de\/#\/schema\/person\/9919b8463e90c461712ee515c3721f79","name":"Franziska","url":"https:\/\/ccs-fabricframe.de\/en\/author\/tssq7kmkhdrb\/"}]}},"_links":{"self":[{"href":"https:\/\/ccs-fabricframe.de\/en\/wp-json\/wp\/v2\/posts\/7053","targetHints":{"allow":["GET"]}}],"collection":[{"href":"https:\/\/ccs-fabricframe.de\/en\/wp-json\/wp\/v2\/posts"}],"about":[{"href":"https:\/\/ccs-fabricframe.de\/en\/wp-json\/wp\/v2\/types\/post"}],"author":[{"embeddable":true,"href":"https:\/\/ccs-fabricframe.de\/en\/wp-json\/wp\/v2\/users\/6"}],"replies":[{"embeddable":true,"href":"https:\/\/ccs-fabricframe.de\/en\/wp-json\/wp\/v2\/comments?post=7053"}],"version-history":[{"count":26,"href":"https:\/\/ccs-fabricframe.de\/en\/wp-json\/wp\/v2\/posts\/7053\/revisions"}],"predecessor-version":[{"id":7339,"href":"https:\/\/ccs-fabricframe.de\/en\/wp-json\/wp\/v2\/posts\/7053\/revisions\/7339"}],"wp:featuredmedia":[{"embeddable":true,"href":"https:\/\/ccs-fabricframe.de\/en\/wp-json\/wp\/v2\/media\/7612"}],"wp:attachment":[{"href":"https:\/\/ccs-fabricframe.de\/en\/wp-json\/wp\/v2\/media?parent=7053"}],"wp:term":[{"taxonomy":"category","embeddable":true,"href":"https:\/\/ccs-fabricframe.de\/en\/wp-json\/wp\/v2\/categories?post=7053"},{"taxonomy":"post_tag","embeddable":true,"href":"https:\/\/ccs-fabricframe.de\/en\/wp-json\/wp\/v2\/tags?post=7053"}],"curies":[{"name":"wp","href":"https:\/\/api.w.org\/{rel}","templated":true}]}}