{"id":7024,"date":"2026-01-26T13:42:20","date_gmt":"2026-01-26T12:42:20","guid":{"rendered":"https:\/\/ccs-fabricframe.de\/?p=7024"},"modified":"2026-04-01T11:49:19","modified_gmt":"2026-04-01T09:49:19","slug":"buerogestaltung-neu-denken","status":"publish","type":"post","link":"https:\/\/ccs-fabricframe.de\/en\/buerogestaltung-neu-denken\/","title":{"rendered":"B\u00fcrogestaltung neu denken mit CCS:\u00a0So geht modernes Office Design"},"content":{"rendered":"<div id=\"wd-7cf7d092\" class=\"wp-block-wd-container wd-dir-col\">\n<p id=\"wd-df38e21f\" class=\"wp-block-wd-paragraph\">Klicken, Tippen, Reden, Klingeln, Rattern und co. &#8211; alle, die in einem B\u00fcro arbeiten, kennen die allt\u00e4glichen auditiven Belastungen des Alltags.<\/p>\n\n\n\n<p id=\"wd-844433da\" class=\"wp-block-wd-paragraph\">In diesem Artikel erkl\u00e4rt euch David Litwak, wie&nbsp;ihr&nbsp;<strong>die Grundatmosph\u00e4re in eurem B\u00fcro&nbsp;verbessern<\/strong>&nbsp;und&nbsp;<strong>Schallschutz im B\u00fcro<\/strong>&nbsp;effektiv einsetzen&nbsp;k\u00f6nnt, und&nbsp;mit&nbsp;<strong>Akustik Absorbern<\/strong>,&nbsp;<strong>Schallabsorbern an der Decke<\/strong>&nbsp;sowie smarten Rauml\u00f6sungen ein Office erschafft, das sowohl optisch als auch akustisch \u00fcberzeugt.&nbsp;<\/p>\n\n\n\n<p class=\"has-text-align-right has-vivid-red-color has-text-color has-link-color wp-elements-ddd6444fb7d8219d0748b854c67075c2\"><em><strong>von David Litwak<\/strong> | Sales Manager<\/em><\/p>\n<\/div>\n\n\n\n<h2 class=\"wp-block-heading\"><strong>Grundlagen einer guten B\u00fcrogestaltung<\/strong>&nbsp;<\/h2>\n\n\n\n<p id=\"wd-dfe8a4f5\" class=\"wp-block-wd-paragraph\">In unserer heutigen Arbeitswelt hat sich die Bedeutung von&nbsp;<em>B\u00fcroeinrichtung<\/em>&nbsp;und&nbsp;<em>Office Design<\/em>&nbsp;massiv ver\u00e4ndert. Unternehmen investieren mehr denn je in R\u00e4ume, die nicht nur funktional, sondern auch atmosph\u00e4risch \u00fcberzeugend sind. Ein moderner Arbeitsplatz muss inspirieren, sch\u00fctzen, fokussiertes Arbeiten erm\u00f6glichen und gleichzeitig das Wohlbefinden der Mitarbeitenden steigern, um einen Back-to-Office-Ansatz auch mit Benefits zu verkn\u00fcpfen.&nbsp;<\/p>\n\n\n\n<p id=\"wd-3ef43fdc\" class=\"wp-block-wd-paragraph\">Ein Element r\u00fcckt dabei besonders in den Mittelpunkt:&nbsp;<strong>die Akustik<\/strong>.&nbsp;<br>Sie bestimmt, ob ein Raum Stress erzeugt oder Ruhe schafft, ob Teams effizient kommunizieren oder st\u00e4ndig vom Grundrauschen des B\u00fcros&nbsp;abgelenkt werden.&nbsp;<\/p>\n\n\n\n<p id=\"wd-5b7221a8\" class=\"wp-block-wd-paragraph\">Eine wirksame B\u00fcrogestaltung entsteht nicht zuf\u00e4llig. Sie basiert auf funktionalen, ergonomischen und psychologischen Grundlagen, die Mitarbeitenden Wohlbefinden, Klarheit und Struktur bieten. W\u00e4hrend Akustik ein zentrales Element darstellt, spielen auch Raumgr\u00f6\u00dfe, Ergonomie, Luftqualit\u00e4t und Temperatur eine entscheidende Rolle. Ein gut gestaltetes Arbeitsumfeld entsteht erst durch die Summe all dieser Faktoren.&nbsp;<\/p>\n\n\n\n<figure class=\"wp-block-image size-full\"><img decoding=\"async\" src=\"https:\/\/ccs-fabricframe.de\/wp-content\/uploads\/2026\/01\/image-9.png\" alt=\"\" class=\"wp-image-7036\"\/><\/figure>\n\n\n\n<div id=\"wd-5414f369\" class=\"wp-block-wd-container wd-dir-col\">\n<h2 class=\"wp-block-heading\"><strong>Wie viel Platz wird pro Person ben\u00f6tigt<\/strong>?<\/h2>\n\n\n\n<p id=\"wd-da432de9\" class=\"wp-block-wd-paragraph\">Klar, jeder Job ist anders. Jeder Mensch ist anders. Und jede Aufgabe hat ein anderes Raumbed\u00fcrfnis. Dementsprechend m\u00fcsst ihr eure B\u00fcrogr\u00f6\u00dfen individuell auf eure Bed\u00fcrfnisse anpassen. Wir haben jedoch eine Reihe <a href=\"https:\/\/www.komnet.nrw.de\/_sitetools\/dialog\/4231\">Empfehlungen <\/a>f\u00fcr euch:<\/p>\n\n\n\n<ul class=\"wp-block-list\">\n<li><strong>8\u201312 m\u00b2 pro Person<\/strong>&nbsp;in klassischen B\u00fcros&nbsp;<\/li>\n\n\n\n<li><strong>12\u201315 m\u00b2<\/strong>&nbsp;p.P. in Gro\u00dfraumb\u00fcros&nbsp;<\/li>\n\n\n\n<li><strong>Puffer<\/strong>&nbsp;f\u00fcr Wege, Lagerfl\u00e4chen und Technik&nbsp;<\/li>\n\n\n\n<li><strong>Abstandszonen<\/strong>&nbsp;f\u00fcr Telefonate oder spontane Gespr\u00e4che&nbsp;<\/li>\n\n\n\n<li>Anordnung der Arbeitspl\u00e4tze mitdenken: <strong>Visuelle und akustische St\u00f6rungen minimieren<\/strong><\/li>\n<\/ul>\n\n\n\n<p id=\"wd-309cf3e4\" class=\"wp-block-wd-paragraph\">Mehr Platz bedeutet nicht nur&nbsp;erh\u00f6hter Komfort&nbsp;f\u00fcr die Mitarbeitenden,&nbsp;er reduziert&nbsp;auch&nbsp;Hall, verhindert Staupunkte und schafft Zonen, in denen bestimmte Arbeiten konzentriert und fokussiert durchgef\u00fchrt werden k\u00f6nnen.<\/p>\n<\/div>\n\n\n\n<figure class=\"wp-block-image size-full\"><a href=\"https:\/\/ccs-fabricframe.de\/en\/ccs-fabric-frame-das-textilspannrahmen-system\/ccs-akustikrahmen\/\"><img loading=\"lazy\" decoding=\"async\" width=\"1424\" height=\"801\" src=\"https:\/\/ccs-fabricframe.de\/wp-content\/uploads\/2026\/01\/CCS_Buerogestaltung_Wandbild-edited-1.webp\" alt=\"\" class=\"wp-image-7186\" srcset=\"https:\/\/ccs-fabricframe.de\/wp-content\/uploads\/2026\/01\/CCS_Buerogestaltung_Wandbild-edited-1.webp 1424w, https:\/\/ccs-fabricframe.de\/wp-content\/uploads\/2026\/01\/CCS_Buerogestaltung_Wandbild-edited-1-300x169.webp 300w, https:\/\/ccs-fabricframe.de\/wp-content\/uploads\/2026\/01\/CCS_Buerogestaltung_Wandbild-edited-1-1024x576.webp 1024w, https:\/\/ccs-fabricframe.de\/wp-content\/uploads\/2026\/01\/CCS_Buerogestaltung_Wandbild-edited-1-150x84.webp 150w, https:\/\/ccs-fabricframe.de\/wp-content\/uploads\/2026\/01\/CCS_Buerogestaltung_Wandbild-edited-1-768x432.webp 768w, https:\/\/ccs-fabricframe.de\/wp-content\/uploads\/2026\/01\/CCS_Buerogestaltung_Wandbild-edited-1-18x10.webp 18w, https:\/\/ccs-fabricframe.de\/wp-content\/uploads\/2026\/01\/CCS_Buerogestaltung_Wandbild-edited-1-600x338.webp 600w\" sizes=\"auto, (max-width: 1424px) 100vw, 1424px\" \/><\/a><\/figure>\n\n\n\n<h3 class=\"wp-block-heading\"><strong>Ergonomie als Grundlage f\u00fcr Produktivit\u00e4t<\/strong>&nbsp;<\/h3>\n\n\n\n<p id=\"wd-c3285a9e\" class=\"wp-block-wd-paragraph\">Ein <a href=\"https:\/\/www.bgbau.de\/themen\/sicherheit-und-gesundheit\/ergonomisches-arbeiten\/buero-und-bildschirmarbeitsplaetze\">ergonomisches Arbeitsumfeld<\/a> ist mehr als ein bequemer Stuhl. Es ist die Basis gesunden und effizienten Arbeitens. Die wichtigsten Faktoren sind&nbsp;<\/p>\n\n\n\n<ul class=\"wp-block-list\">\n<li>H\u00f6henverstellbare Schreibtische f\u00fcr dynamisches Arbeiten&nbsp;<\/li>\n\n\n\n<li>Ergonomische St\u00fchle mit verstellbarer R\u00fcckenst\u00fctze&nbsp;<\/li>\n\n\n\n<li>Monitore auf Augenh\u00f6he, um Nackenbelastungen zu reduzieren&nbsp;<\/li>\n\n\n\n<li>Ausreichend Bewegungsfreiheit rund um den Arbeitsplatz&nbsp;<\/li>\n\n\n\n<li>Reduktion von Blendung durch passende Lichtgestaltung&nbsp;<\/li>\n<\/ul>\n\n\n\n<div id=\"wd-3966fc6e\" class=\"wp-block-wd-row\">\n<div id=\"wd-d8db8a77\" class=\"wp-block-wd-column\">\n<h3 class=\"wp-block-heading\"><strong>Luft und Raumklima als Wohlf\u00fchlfaktoren<\/strong>&nbsp;<\/h3>\n\n\n\n<p id=\"wd-881f1501\" class=\"wp-block-wd-paragraph wd-align-s-center\">Ein gutes Raumklima tr\u00e4gt genauso zur Arbeitsqualit\u00e4t bei wie leise Arbeitsbereiche. Dass damit irgendwas nicht stimmt, bemerken die Mitarbeitenden eigentlich erst, wenn es aus dem Gleichgewicht ger\u00e4t.&nbsp;<\/p>\n\n\n\n<p id=\"wd-60082081\" class=\"wp-block-wd-paragraph\">Bemerkbar macht sich ein gutes Raumklima zum Beispiel durch frische Luft. Hier kann schon ein regelm\u00e4\u00dfiges L\u00fcften helfen.<br>Auch die passende Luftfeuchtigkeit (zwischen 40-60%) und eine Temperatur zwischen 20-23\u00b0C wirken sich positiv auf die Konzentration aus. <br>Es ist weder zu warm, noch zu kalt und die Humidit\u00e4t entlastet die Atemwege. <br>Hier helfen nat\u00fcrlich Heizung und Klimaanlage, sowie Luftfilter oder Zimmerpflanzen, \u00e4hnlich wie in euren Privatr\u00e4umen auch.<\/p>\n\n\n\n<p id=\"wd-8cf79256\" class=\"wp-block-wd-paragraph\">Allerdings muss im B\u00fcro etwas st\u00e4rker gegen Luftverunreinigungen vorgegangen werden, da die Feinstaubbelastung zum Beispiel durch Drucker weitaus h\u00f6her ist als Zuhause.<\/p>\n<\/div>\n\n\n\n<div id=\"wd-e4fe66a7\" class=\"wp-block-wd-column wd-align-is-lg-center wd-align wd-align-s-center\">\n<figure class=\"wp-block-image size-medium\"><a href=\"https:\/\/ccs-fabricframe.de\/en\/product\/raumtrenner-akustik\/\"><img loading=\"lazy\" decoding=\"async\" width=\"300\" height=\"300\" src=\"https:\/\/ccs-fabricframe.de\/wp-content\/uploads\/2026\/01\/CCS_Buerogestaltung_Aufsteller-300x300.webp\" alt=\"\" class=\"wp-image-7187\" style=\"aspect-ratio:3\/4;object-fit:cover\" srcset=\"https:\/\/ccs-fabricframe.de\/wp-content\/uploads\/2026\/01\/CCS_Buerogestaltung_Aufsteller-300x300.webp 300w, https:\/\/ccs-fabricframe.de\/wp-content\/uploads\/2026\/01\/CCS_Buerogestaltung_Aufsteller-1024x1024.webp 1024w, https:\/\/ccs-fabricframe.de\/wp-content\/uploads\/2026\/01\/CCS_Buerogestaltung_Aufsteller-150x150.webp 150w, https:\/\/ccs-fabricframe.de\/wp-content\/uploads\/2026\/01\/CCS_Buerogestaltung_Aufsteller-768x768.webp 768w, https:\/\/ccs-fabricframe.de\/wp-content\/uploads\/2026\/01\/CCS_Buerogestaltung_Aufsteller-1536x1536.webp 1536w, https:\/\/ccs-fabricframe.de\/wp-content\/uploads\/2026\/01\/CCS_Buerogestaltung_Aufsteller-12x12.webp 12w, https:\/\/ccs-fabricframe.de\/wp-content\/uploads\/2026\/01\/CCS_Buerogestaltung_Aufsteller-600x600.webp 600w, https:\/\/ccs-fabricframe.de\/wp-content\/uploads\/2026\/01\/CCS_Buerogestaltung_Aufsteller.webp 2048w\" sizes=\"auto, (max-width: 300px) 100vw, 300px\" \/><\/a><\/figure>\n<\/div>\n<\/div>\n\n\n\n<figure class=\"wp-block-image size-full\"><img decoding=\"async\" src=\"https:\/\/ccs-fabricframe.de\/wp-content\/uploads\/2026\/01\/image-6.png\" alt=\"\" class=\"wp-image-7032\"\/><\/figure>\n\n\n\n<h3 class=\"wp-block-heading\"><strong>Wie Farben die Arbeitsatmosph\u00e4re beeinflussen<\/strong>&nbsp;<\/h3>\n\n\n\n<p id=\"wd-7fc4d778\" class=\"wp-block-wd-paragraph\">Farben und Dekorationen&nbsp;entscheiden \u00fcber die Stimmung eines Raumes. Sie wirken unbewusst auf Kreativit\u00e4t, Ruhe, Konzentration oder Energie. Daher sollte die Farbgestaltung eng mit der&nbsp;<strong>akustischen Raumgestaltung<\/strong>&nbsp;verbunden sein, denn beide&nbsp;formen&nbsp;das Gesamtbild des B\u00fcros.&nbsp;Farben setzen Signale, die designtechnisch und strategisch eingesetzt werden k\u00f6nnen:&nbsp;<\/p>\n\n\n\n<div id=\"wd-05c40953\" class=\"wp-block-wd-carousel wd-carousel-container\"><div class=\"wd-carousel-inner\"><div class=\"wd-carousel wd-grid\" style=\"--wd-col-lg:4;--wd-col-md:4;--wd-col-sm:1;--wd-gap-lg:20px;--wd-gap-sm:10px;\" data-scroll_per_page=\"yes\" data-wrap=\"yes\"><div class=\"wd-carousel-wrap\">\n<div id=\"wd-e3f4a650\" class=\"wp-block-wd-carousel-item wd-carousel-item\">\n<figure class=\"wp-block-image size-full\"><img loading=\"lazy\" decoding=\"async\" width=\"540\" height=\"540\" src=\"https:\/\/ccs-fabricframe.de\/wp-content\/uploads\/2026\/01\/CCS_Buerogestaltung_Farben_blau01.webp\" alt=\"\" class=\"wp-image-7302\" srcset=\"https:\/\/ccs-fabricframe.de\/wp-content\/uploads\/2026\/01\/CCS_Buerogestaltung_Farben_blau01.webp 540w, https:\/\/ccs-fabricframe.de\/wp-content\/uploads\/2026\/01\/CCS_Buerogestaltung_Farben_blau01-300x300.webp 300w, https:\/\/ccs-fabricframe.de\/wp-content\/uploads\/2026\/01\/CCS_Buerogestaltung_Farben_blau01-150x150.webp 150w, https:\/\/ccs-fabricframe.de\/wp-content\/uploads\/2026\/01\/CCS_Buerogestaltung_Farben_blau01-12x12.webp 12w\" sizes=\"auto, (max-width: 540px) 100vw, 540px\" \/><\/figure>\n\n\n\n<p><strong>Blau<\/strong>&nbsp;f\u00f6rdert Ruhe und Konzentration&nbsp;<\/p>\n<\/div>\n\n\n\n<div id=\"wd-bf8799ca\" class=\"wp-block-wd-carousel-item wd-carousel-item\">\n<figure class=\"wp-block-image size-full\"><img loading=\"lazy\" decoding=\"async\" width=\"540\" height=\"540\" src=\"https:\/\/ccs-fabricframe.de\/wp-content\/uploads\/2026\/01\/CCS_Buerogestaltung_Farben_beige.webp\" alt=\"\" class=\"wp-image-7172\" srcset=\"https:\/\/ccs-fabricframe.de\/wp-content\/uploads\/2026\/01\/CCS_Buerogestaltung_Farben_beige.webp 540w, https:\/\/ccs-fabricframe.de\/wp-content\/uploads\/2026\/01\/CCS_Buerogestaltung_Farben_beige-300x300.webp 300w, https:\/\/ccs-fabricframe.de\/wp-content\/uploads\/2026\/01\/CCS_Buerogestaltung_Farben_beige-150x150.webp 150w, https:\/\/ccs-fabricframe.de\/wp-content\/uploads\/2026\/01\/CCS_Buerogestaltung_Farben_beige-12x12.webp 12w\" sizes=\"auto, (max-width: 540px) 100vw, 540px\" \/><\/figure>\n\n\n\n<p><strong>Beige- und Sandt\u00f6ne<\/strong>&nbsp;schaffen W\u00e4rme und Geborgenheit&nbsp;<\/p>\n<\/div>\n\n\n\n<div id=\"wd-4c30f6c4\" class=\"wp-block-wd-carousel-item wd-carousel-item\">\n<figure class=\"wp-block-image size-full\"><img loading=\"lazy\" decoding=\"async\" width=\"540\" height=\"540\" src=\"https:\/\/ccs-fabricframe.de\/wp-content\/uploads\/2026\/01\/CCS_Buerogestaltung_Farben_gruen.webp\" alt=\"\" class=\"wp-image-7170\" srcset=\"https:\/\/ccs-fabricframe.de\/wp-content\/uploads\/2026\/01\/CCS_Buerogestaltung_Farben_gruen.webp 540w, https:\/\/ccs-fabricframe.de\/wp-content\/uploads\/2026\/01\/CCS_Buerogestaltung_Farben_gruen-300x300.webp 300w, https:\/\/ccs-fabricframe.de\/wp-content\/uploads\/2026\/01\/CCS_Buerogestaltung_Farben_gruen-150x150.webp 150w, https:\/\/ccs-fabricframe.de\/wp-content\/uploads\/2026\/01\/CCS_Buerogestaltung_Farben_gruen-12x12.webp 12w\" sizes=\"auto, (max-width: 540px) 100vw, 540px\" \/><\/figure>\n\n\n\n<p><strong>Gr\u00fcn<\/strong>&nbsp;wirkt ausgleichend und stressreduzierend&nbsp;<\/p>\n<\/div>\n\n\n\n<div id=\"wd-01ae476e\" class=\"wp-block-wd-carousel-item wd-carousel-item\">\n<figure class=\"wp-block-image size-full\"><img loading=\"lazy\" decoding=\"async\" width=\"540\" height=\"540\" src=\"https:\/\/ccs-fabricframe.de\/wp-content\/uploads\/2026\/01\/CCS_Buerogestaltung_Farben_grau.webp\" alt=\"\" class=\"wp-image-7173\" srcset=\"https:\/\/ccs-fabricframe.de\/wp-content\/uploads\/2026\/01\/CCS_Buerogestaltung_Farben_grau.webp 540w, https:\/\/ccs-fabricframe.de\/wp-content\/uploads\/2026\/01\/CCS_Buerogestaltung_Farben_grau-300x300.webp 300w, https:\/\/ccs-fabricframe.de\/wp-content\/uploads\/2026\/01\/CCS_Buerogestaltung_Farben_grau-150x150.webp 150w, https:\/\/ccs-fabricframe.de\/wp-content\/uploads\/2026\/01\/CCS_Buerogestaltung_Farben_grau-12x12.webp 12w\" sizes=\"auto, (max-width: 540px) 100vw, 540px\" \/><\/figure>\n\n\n\n<p><strong>Grau<\/strong>&nbsp;vermittelt Seriosit\u00e4t<\/p>\n<\/div>\n\n\n\n<div id=\"wd-5a937317\" class=\"wp-block-wd-carousel-item wd-carousel-item\">\n<figure class=\"wp-block-image size-full\"><img loading=\"lazy\" decoding=\"async\" width=\"540\" height=\"540\" src=\"https:\/\/ccs-fabricframe.de\/wp-content\/uploads\/2026\/01\/CCS_Buerogestaltung_Farben_rot.webp\" alt=\"\" class=\"wp-image-7169\" srcset=\"https:\/\/ccs-fabricframe.de\/wp-content\/uploads\/2026\/01\/CCS_Buerogestaltung_Farben_rot.webp 540w, https:\/\/ccs-fabricframe.de\/wp-content\/uploads\/2026\/01\/CCS_Buerogestaltung_Farben_rot-300x300.webp 300w, https:\/\/ccs-fabricframe.de\/wp-content\/uploads\/2026\/01\/CCS_Buerogestaltung_Farben_rot-150x150.webp 150w, https:\/\/ccs-fabricframe.de\/wp-content\/uploads\/2026\/01\/CCS_Buerogestaltung_Farben_rot-12x12.webp 12w\" sizes=\"auto, (max-width: 540px) 100vw, 540px\" \/><\/figure>\n\n\n\n<p><strong>Akzentfarben wie Gelb, Rot oder Petrol<\/strong>&nbsp;bringen Energie und Struktur&nbsp;<\/p>\n<\/div>\n<\/div><\/div><div class=\"wd-nav-arrows wd-pos-sep wd-hover-1 wd-icon-1\"><div class=\"wd-btn-arrow wd-prev\"><div class=\"wd-arrow-inner\"><\/div><\/div><div class=\"wd-btn-arrow wd-next\"><div class=\"wd-arrow-inner\"><\/div><\/div><\/div><\/div><div class=\"wd-nav-pagin-wrap text-center wd-style-shape\"><ul class=\"wd-nav-pagin\"><\/ul><\/div><\/div>\n\n\n\n<p id=\"wd-c93debca\" class=\"wp-block-wd-paragraph\">Dank der individuell bedruckten Bez\u00fcge sind die CCS Akustikpaneele und Wandabsorber in nahezu allen Farbt\u00f6nen&nbsp;und Designs&nbsp;gestaltbar und werden so ganz organisch zum Teil des&nbsp;Interior-Designs, ohne ihre technische Funktion sofort offenzulegen.&nbsp;<\/p>\n\n\n\n<figure class=\"wp-block-image size-full\"><img decoding=\"async\" src=\"https:\/\/ccs-fabricframe.de\/wp-content\/uploads\/2026\/01\/image-5.png\" alt=\"\" class=\"wp-image-7031\"\/><\/figure>\n\n\n\n<h3 class=\"wp-block-heading\"><strong>Dekorative Elemente als funktionale Akustikhelfer<\/strong>&nbsp;<\/h3>\n\n\n\n<p id=\"wd-b82f437c\" class=\"wp-block-wd-paragraph\">Moderne B\u00fcros nutzen Deko nicht nur f\u00fcr \u00c4sthetik,&nbsp;sondern&nbsp;auch f\u00fcr eine&nbsp;akustisch wirksame Gestaltung:&nbsp;<\/p>\n\n\n\n<ul class=\"wp-block-list\">\n<li><strong>Akustikbilder<\/strong>&nbsp;ersetzen klassische Wandkunst&nbsp;<\/li>\n\n\n\n<li><strong>Gro\u00dfformatige Textil-Prints<\/strong>&nbsp;verbinden Branding mit Schallschutz&nbsp;<\/li>\n\n\n\n<li><strong>Pflanzeninseln<\/strong>&nbsp;wirken schalld\u00e4mpfend und verbessern das Raumklima&nbsp;<\/li>\n\n\n\n<li><strong>Strukturelemente an&nbsp;den&nbsp;W\u00e4nden<\/strong>&nbsp;brechen Schall und schaffen Tiefe&nbsp;<\/li>\n\n\n\n<li><strong>Deckensegel mit Stoff-Bez\u00fcgen<\/strong>&nbsp;werden zu Kunstobjekten, die Echo reduzieren&nbsp;<\/li>\n<\/ul>\n\n\n\n<p id=\"wd-022024dc\" class=\"wp-block-wd-paragraph\">Dekoration&nbsp;wird so zum&nbsp;Werkzeug f\u00fcr&nbsp;Raumwirkung und ist mehr als zierendes Beiwerk.&nbsp;<\/p>\n\n\n\n<h2 class=\"wp-block-heading\"><strong>Warum Akustik f\u00fcr moderne B\u00fcrogestaltung so wichtig ist<\/strong>&nbsp;<\/h2>\n\n\n\n<p id=\"wd-7c4c0e3d\" class=\"wp-block-wd-paragraph\">Obwohl&nbsp;M\u00f6bel, Farben und Licht&nbsp;das Grundger\u00fcst jeder B\u00fcroeinrichtung darstellen, sollte auch ein anderer Aspekt nicht vernachl\u00e4ssigt werden: Die akustische Raumwirkung. Dabei zeigen Studien, dass L\u00e4rm einer der gr\u00f6\u00dften Produktivit\u00e4tskiller im B\u00fcro ist. Gespr\u00e4che von KollegInnen, klingelnde Telefone oder der Drucker im Hintergrund f\u00fchren zu Stress, Ersch\u00f6pfung und Konzentrationsverlust.&nbsp;<\/p>\n\n\n\n<p id=\"wd-d93d43bb\" class=\"wp-block-wd-paragraph\">Mit&nbsp;einer&nbsp;richtigen Akustikplanung entsteht ein B\u00fcro, in dem Menschen gerne arbeiten.&nbsp;Grundlage daf\u00fcr ist das&nbsp;Verst\u00e4ndnis daf\u00fcr,&nbsp;<strong>wie stark sich&nbsp;eine dauerhafte Ger\u00e4uschkulisse&nbsp;auf unser Wohlbefinden auswirkt<\/strong>.&nbsp;<\/p>\n\n\n\n<h3 class=\"wp-block-heading\"><strong>Typische Probleme in modernen B\u00fcros<\/strong>&nbsp;<\/h3>\n\n\n\n<p>Wir alle kennen es: Klickende Tastaturen und M\u00e4use, wichtige Telefonate, das fr\u00f6hliche Plappern der Kollegen am Montagmorgen und der beherzte Biss in die Karotte. Wenn dann auch noch der Drucker, die Klimaanlage und die Lieblingskollegin aus der anderen Abteilung gleichzeitig loslegen, ist das Ger\u00e4usche-Wirrwarr komplett. Gerade in modernen offenen B\u00fcros wird genau dieser L\u00e4rm noch verst\u00e4rkt: Beton, Stahl und Glas sind die perfekten Reflektionsfl\u00e4chen f\u00fcr Schallwellen. Darunter leidet nat\u00fcrlich die Sprachverst\u00e4ndlichkeit, Missverst\u00e4ndnisse entstehen und sorgen f\u00fcr Frust. Durch die permanente Belastung durch Lautst\u00e4rke entsteht dar\u00fcber hinaus jede Menge Unruhe &#8211; von Ablenkungen nat\u00fcrlich ganz zu schweigen. So kann niemand l\u00e4ngerfristig konzentriert arbeiten.<\/p>\n\n\n\n<p>Eine durchdachte Kombination aus Materialien, Zonierung, Raumtrennern und absorbierenden Elementen schafft Ruhe und Struktur. Moderne Akustikl\u00f6sungen sind mittlerweile nicht nur funktional, sondern auch zentraler Bestandteil des&nbsp;<em>Office Designs<\/em>.&nbsp;<\/p>\n\n\n\n<figure class=\"wp-block-image size-full\"><img decoding=\"async\" src=\"https:\/\/ccs-fabricframe.de\/wp-content\/uploads\/2026\/01\/image-8.png\" alt=\"\" class=\"wp-image-7035\"\/><\/figure>\n\n\n\n<h2 class=\"wp-block-heading\"><strong>So wird Raumakustik effektiv verbessert<\/strong>&nbsp;<\/h2>\n\n\n\n<p id=\"wd-cb24e523\" class=\"wp-block-wd-paragraph\">Damit akustische Ma\u00dfnahmen wirken, braucht es ein Verst\u00e4ndnis f\u00fcr die wichtigsten Prinzipien. Die folgenden sechs Bausteine sind die Grundlage jeder professionellen Akustikplanung.&nbsp;<\/p>\n\n\n\n<div id=\"wd-4da224e0\" class=\"wp-block-wd-carousel wd-carousel-container\"><div class=\"wd-carousel-inner\"><div class=\"wd-carousel wd-grid\" style=\"--wd-col-lg:3;--wd-col-md:3;--wd-col-sm:1;--wd-gap-lg:20px;--wd-gap-sm:10px;\" data-scroll_per_page=\"yes\" data-wrap=\"yes\"><div class=\"wd-carousel-wrap\">\n<div id=\"wd-8409bcef\" class=\"wp-block-wd-carousel-item wd-carousel-item\">\n<div id=\"wd-4c312ad7\" class=\"wp-block-wd-container wd-dir-col\">\n<figure class=\"wp-block-image size-full\"><a href=\"https:\/\/ccs-fabricframe.de\/en\/product\/akustik-deckensegel\/\"><img loading=\"lazy\" decoding=\"async\" width=\"1024\" height=\"683\" src=\"https:\/\/ccs-fabricframe.de\/wp-content\/uploads\/2026\/01\/CCS_Acoustic-frame_raumakustik_deckensegel-edited.webp\" alt=\"Round ceiling panels in an open-plan office to improve room acoustics\" class=\"wp-image-7192\" srcset=\"https:\/\/ccs-fabricframe.de\/wp-content\/uploads\/2026\/01\/CCS_Acoustic-frame_raumakustik_deckensegel-edited.webp 1024w, https:\/\/ccs-fabricframe.de\/wp-content\/uploads\/2026\/01\/CCS_Acoustic-frame_raumakustik_deckensegel-edited-300x200.webp 300w, https:\/\/ccs-fabricframe.de\/wp-content\/uploads\/2026\/01\/CCS_Acoustic-frame_raumakustik_deckensegel-edited-150x100.webp 150w, https:\/\/ccs-fabricframe.de\/wp-content\/uploads\/2026\/01\/CCS_Acoustic-frame_raumakustik_deckensegel-edited-768x512.webp 768w, https:\/\/ccs-fabricframe.de\/wp-content\/uploads\/2026\/01\/CCS_Acoustic-frame_raumakustik_deckensegel-edited-18x12.webp 18w, https:\/\/ccs-fabricframe.de\/wp-content\/uploads\/2026\/01\/CCS_Acoustic-frame_raumakustik_deckensegel-edited-600x400.webp 600w\" sizes=\"auto, (max-width: 1024px) 100vw, 1024px\" \/><\/a><\/figure>\n\n\n\n<h2 id=\"wd-49229b1e\" class=\"wp-block-wd-title title wd-align\">Schallabsorber an der Decke<\/h2>\n\n\n\n<p id=\"wd-a15fe983\" class=\"wp-block-wd-paragraph wd-align\">Deckenfl\u00e4chen bieten die gr\u00f6\u00dfte Fl\u00e4che im Raum&nbsp;und damit enormes Potenzial f\u00fcr guten Schallschutz,&nbsp;ohne wertvollen Bewegungs- und Stellraum wegzunehmen.&nbsp;Schon eine eingezogene Decke kann vieles an Hall bereits reduzieren, noch besser wird es aber mit akustisch wirksamen Deckenh\u00e4ngern \u2013&nbsp;am&nbsp;Besten&nbsp;noch im individuell passenden Design.<\/p>\n\n\n\n<p id=\"wd-763def71\" class=\"wp-block-wd-paragraph\">Warum&nbsp;<em>Schallabsorber&nbsp;an der&nbsp;Decke<\/em>&nbsp;so&nbsp;n\u00fctzlich&nbsp;sind:&nbsp;<\/p>\n\n\n\n<ul class=\"wp-block-list\">\n<li>Sie reduzieren den Hall im gesamten Raum&nbsp;<\/li>\n\n\n\n<li>Sie wirken breitbandig gegen viele St\u00f6rfrequenzen&nbsp;<\/li>\n\n\n\n<li>Sie sind unauff\u00e4llig integrierbar&nbsp;<\/li>\n\n\n\n<li>Sie optimieren die Akustik gro\u00dfer Open Spaces&nbsp;<\/li>\n\n\n\n<li>Sie verbessern die Sprachverst\u00e4ndlichkeit&nbsp;<\/li>\n<\/ul>\n\n\n\n<p id=\"wd-a5a5966f\" class=\"wp-block-wd-paragraph\">Ob&nbsp;als&nbsp;Deckensegel&nbsp;oder&nbsp;Baffel: Deckenabsorber sind eine der wirksamsten Ma\u00dfnahmen zur Verbesserung der Raumakustik.&nbsp;<\/p>\n<\/div>\n<\/div>\n\n\n\n<div id=\"wd-14f94e91\" class=\"wp-block-wd-carousel-item wd-carousel-item\">\n<div id=\"wd-bfd8d7be\" class=\"wp-block-wd-container wd-dir-col\">\n<figure class=\"wp-block-image size-full\"><a href=\"https:\/\/ccs-fabricframe.de\/en\/product\/akustik-wandbild\/\"><img loading=\"lazy\" decoding=\"async\" width=\"800\" height=\"600\" src=\"https:\/\/ccs-fabricframe.de\/wp-content\/uploads\/2026\/01\/CCS_fabric_frame_produkt_akustik_wandbild_2a-edited.webp\" alt=\"Akustik Wandbild in einem Meetingraum mit grafischem Textildruck\" class=\"wp-image-7191\" style=\"aspect-ratio:3\/2;object-fit:cover\" srcset=\"https:\/\/ccs-fabricframe.de\/wp-content\/uploads\/2026\/01\/CCS_fabric_frame_produkt_akustik_wandbild_2a-edited.webp 800w, https:\/\/ccs-fabricframe.de\/wp-content\/uploads\/2026\/01\/CCS_fabric_frame_produkt_akustik_wandbild_2a-edited-300x225.webp 300w, https:\/\/ccs-fabricframe.de\/wp-content\/uploads\/2026\/01\/CCS_fabric_frame_produkt_akustik_wandbild_2a-edited-150x113.webp 150w, https:\/\/ccs-fabricframe.de\/wp-content\/uploads\/2026\/01\/CCS_fabric_frame_produkt_akustik_wandbild_2a-edited-768x576.webp 768w, https:\/\/ccs-fabricframe.de\/wp-content\/uploads\/2026\/01\/CCS_fabric_frame_produkt_akustik_wandbild_2a-edited-16x12.webp 16w, https:\/\/ccs-fabricframe.de\/wp-content\/uploads\/2026\/01\/CCS_fabric_frame_produkt_akustik_wandbild_2a-edited-600x450.webp 600w\" sizes=\"auto, (max-width: 800px) 100vw, 800px\" \/><\/a><\/figure>\n\n\n\n<h2 id=\"wd-11314fec\" class=\"wp-block-wd-title title wd-align\">Wandfl\u00e4chen akustisch nutzen<\/h2>\n\n\n\n<p id=\"wd-0c9a451b\" class=\"wp-block-wd-paragraph\">Gro\u00dfe Fensterfronten und W\u00e4nde aus glattem Beton sind zwar schick und modern, aber&nbsp;reflektieren&nbsp;den&nbsp;Schall stark. Abhilfe schaffen Akustik&nbsp;<strong>Absorber<\/strong>&nbsp;an den W\u00e4nden, um den Raum sofort ruhiger wirken zu lassen.&nbsp;Gro\u00dfe Bilder absorbieren gro\u00dfe Mengen an Schall, aber auch eine&nbsp;collagierte Anordnung aus mehreren Rahmen f\u00fchrt dank&nbsp;<em>Kanteneffekt<\/em>&nbsp;zu einer&nbsp;herausragenden Schallabsorption.&nbsp;<br>Zu den beliebtesten L\u00f6sungen geh\u00f6ren:&nbsp;<\/p>\n\n\n\n<ul class=\"wp-block-list\">\n<li>Akustik-Wandbilder&nbsp;<\/li>\n\n\n\n<li>Modulare&nbsp;Paneelsysteme&nbsp;<\/li>\n\n\n\n<li>Gro\u00dfformatige Schallabsorber&nbsp;<\/li>\n<\/ul>\n\n\n\n<p id=\"wd-383ad203\" class=\"wp-block-wd-paragraph\">Diese L\u00f6sungen verbinden&nbsp;dank individueller Bez\u00fcge&nbsp;Design mit Funktion und lassen sich perfekt in jedes&nbsp;<em>Office Design<\/em>&nbsp;integrieren.&nbsp;<\/p>\n<\/div>\n<\/div>\n\n\n\n<div id=\"wd-62b0e7c5\" class=\"wp-block-wd-carousel-item wd-carousel-item\">\n<div id=\"wd-4055b8ce\" class=\"wp-block-wd-container wd-dir-col\">\n<figure class=\"wp-block-image size-full\"><a href=\"https:\/\/ccs-fabricframe.de\/en\/product\/raumtrenner-mobil\/\"><img loading=\"lazy\" decoding=\"async\" width=\"800\" height=\"533\" src=\"https:\/\/ccs-fabricframe.de\/wp-content\/uploads\/2026\/01\/CCS_fabric_frame_produkt_raumtrenner_akustik_0a-edited-1.webp\" alt=\"\" class=\"wp-image-7194\" srcset=\"https:\/\/ccs-fabricframe.de\/wp-content\/uploads\/2026\/01\/CCS_fabric_frame_produkt_raumtrenner_akustik_0a-edited-1.webp 800w, https:\/\/ccs-fabricframe.de\/wp-content\/uploads\/2026\/01\/CCS_fabric_frame_produkt_raumtrenner_akustik_0a-edited-1-300x200.webp 300w, https:\/\/ccs-fabricframe.de\/wp-content\/uploads\/2026\/01\/CCS_fabric_frame_produkt_raumtrenner_akustik_0a-edited-1-150x100.webp 150w, https:\/\/ccs-fabricframe.de\/wp-content\/uploads\/2026\/01\/CCS_fabric_frame_produkt_raumtrenner_akustik_0a-edited-1-768x512.webp 768w, https:\/\/ccs-fabricframe.de\/wp-content\/uploads\/2026\/01\/CCS_fabric_frame_produkt_raumtrenner_akustik_0a-edited-1-18x12.webp 18w, https:\/\/ccs-fabricframe.de\/wp-content\/uploads\/2026\/01\/CCS_fabric_frame_produkt_raumtrenner_akustik_0a-edited-1-600x400.webp 600w\" sizes=\"auto, (max-width: 800px) 100vw, 800px\" \/><\/a><\/figure>\n\n\n\n<h2 id=\"wd-c8956497\" class=\"wp-block-wd-title title wd-align\">Zonierung durch Raumtrenner<\/h2>\n\n\n\n<p>Akustische Raumtrenner \u2013 mobil oder freistehend \u2013 erf\u00fcllen zwei Aufgaben:&nbsp;<br>Sie strukturieren R\u00e4ume&nbsp;<strong>und<\/strong>&nbsp;absorbieren Schall.&nbsp;<\/p>\n\n\n\n<p id=\"wd-5788028f\" class=\"wp-block-wd-paragraph\">Vorteile:&nbsp;<\/p>\n\n\n\n<ul class=\"wp-block-list\">\n<li>Flexible Zonierung&nbsp;<\/li>\n\n\n\n<li>Bessere Privatsph\u00e4re&nbsp;<\/li>\n\n\n\n<li>Reduktion von St\u00f6rger\u00e4uschen&nbsp;<\/li>\n\n\n\n<li>Ideal f\u00fcr Open Spaces&nbsp;<\/li>\n<\/ul>\n\n\n\n<p id=\"wd-7a2e01c9\" class=\"wp-block-wd-paragraph\">Damit lassen sich Ruhebereiche, Teamfl\u00e4chen oder Meetingzonen ganz einfach definieren, auch wenn keine&nbsp;bauliche Ma\u00dfnahmen&nbsp;anstehen oder m\u00f6glich sind.&nbsp;<\/p>\n<\/div>\n<\/div>\n\n\n\n<div id=\"wd-80f44e21\" class=\"wp-block-wd-carousel-item wd-carousel-item\">\n<div id=\"wd-84929ed9\" class=\"wp-block-wd-container wd-dir-col\">\n<figure class=\"wp-block-image size-large\"><a href=\"https:\/\/ccs-fabricframe.de\/en\/product\/acoustic-frame\/\"><img loading=\"lazy\" decoding=\"async\" width=\"1024\" height=\"683\" src=\"https:\/\/ccs-fabricframe.de\/wp-content\/uploads\/2025\/07\/CCS-Acoustic-Elements_akustik-design_header-1024x683.webp\" alt=\"Akustik Design aus drei Wandbildern hinter einer Sitzm\u00f6glichkeit in einem Cafe\" class=\"wp-image-4641\" srcset=\"https:\/\/ccs-fabricframe.de\/wp-content\/uploads\/2025\/07\/CCS-Acoustic-Elements_akustik-design_header-1024x683.webp 1024w, https:\/\/ccs-fabricframe.de\/wp-content\/uploads\/2025\/07\/CCS-Acoustic-Elements_akustik-design_header-300x200.webp 300w, https:\/\/ccs-fabricframe.de\/wp-content\/uploads\/2025\/07\/CCS-Acoustic-Elements_akustik-design_header-768x512.webp 768w, https:\/\/ccs-fabricframe.de\/wp-content\/uploads\/2025\/07\/CCS-Acoustic-Elements_akustik-design_header-1536x1024.webp 1536w, https:\/\/ccs-fabricframe.de\/wp-content\/uploads\/2025\/07\/CCS-Acoustic-Elements_akustik-design_header-2048x1366.webp 2048w\" sizes=\"auto, (max-width: 1024px) 100vw, 1024px\" \/><\/a><\/figure>\n\n\n\n<h2 id=\"wd-d781d20f\" class=\"wp-block-wd-title title wd-align\">M\u00f6bel und Textilien nutzen<\/h2>\n\n\n\n<p id=\"wd-4e3e106e\" class=\"wp-block-wd-paragraph\">Nicht nur Akustikpaneele verbessern R\u00e4ume,&nbsp;sondern&nbsp;auch&nbsp;gew\u00f6hnliche Einrichtungsgegenst\u00e4nde haben eine akustische Wirkung.&nbsp;<\/p>\n\n\n\n<p id=\"wd-f06f13e6\" class=\"wp-block-wd-paragraph\">Beispiele:&nbsp;<\/p>\n\n\n\n<ul class=\"wp-block-list\">\n<li>Teppiche reduzieren Trittschall&nbsp;<\/li>\n\n\n\n<li>Vorh\u00e4nge d\u00e4mpfen hohe Frequenzen&nbsp;<\/li>\n\n\n\n<li>Polsterm\u00f6bel absorbieren Stimmen&nbsp;<\/li>\n\n\n\n<li>Buch- und Aktenregale brechen Schall&nbsp;<\/li>\n<\/ul>\n\n\n\n<p id=\"wd-6d8785e1\" class=\"wp-block-wd-paragraph\">Die Kombination aus technischen und textilen Elementen schafft ein harmonisches Gesamtbild, sorgt f\u00fcr ein angemessenes Ma\u00df aus Gem\u00fctlichkeit und&nbsp;leistet auch akustisch gute Arbeit.&nbsp;<\/p>\n<\/div>\n<\/div>\n\n\n\n<div id=\"wd-dd3dcbbe\" class=\"wp-block-wd-carousel-item wd-carousel-item\">\n<div id=\"wd-1e604bfd\" class=\"wp-block-wd-container wd-dir-col\">\n<figure class=\"wp-block-image size-large\"><img loading=\"lazy\" decoding=\"async\" width=\"1024\" height=\"683\" src=\"https:\/\/ccs-fabricframe.de\/wp-content\/uploads\/2025\/10\/CCS_Project_Office-Solutions_Utz-Group_05-1024x683.webp\" alt=\"Akustikbaffel im Utz-Group-Headquarter\" class=\"wp-image-6754\" srcset=\"https:\/\/ccs-fabricframe.de\/wp-content\/uploads\/2025\/10\/CCS_Project_Office-Solutions_Utz-Group_05-1024x683.webp 1024w, https:\/\/ccs-fabricframe.de\/wp-content\/uploads\/2025\/10\/CCS_Project_Office-Solutions_Utz-Group_05-300x200.webp 300w, https:\/\/ccs-fabricframe.de\/wp-content\/uploads\/2025\/10\/CCS_Project_Office-Solutions_Utz-Group_05-150x100.webp 150w, https:\/\/ccs-fabricframe.de\/wp-content\/uploads\/2025\/10\/CCS_Project_Office-Solutions_Utz-Group_05-768x512.webp 768w, https:\/\/ccs-fabricframe.de\/wp-content\/uploads\/2025\/10\/CCS_Project_Office-Solutions_Utz-Group_05-1536x1024.webp 1536w, https:\/\/ccs-fabricframe.de\/wp-content\/uploads\/2025\/10\/CCS_Project_Office-Solutions_Utz-Group_05-2048x1365.webp 2048w, https:\/\/ccs-fabricframe.de\/wp-content\/uploads\/2025\/10\/CCS_Project_Office-Solutions_Utz-Group_05-18x12.webp 18w, https:\/\/ccs-fabricframe.de\/wp-content\/uploads\/2025\/10\/CCS_Project_Office-Solutions_Utz-Group_05-600x400.webp 600w\" sizes=\"auto, (max-width: 1024px) 100vw, 1024px\" \/><\/figure>\n\n\n\n<h2 id=\"wd-7dab180f\" class=\"wp-block-wd-title title wd-align\">Akustik f\u00fcr hybride Arbeit <\/h2>\n\n\n\n<p>Hybride Arbeitspl\u00e4tze, Remote Work und die zugeh\u00f6rigen&nbsp;Videokonferenzen haben die Anforderungen an Akustik ver\u00e4ndert.&nbsp;<br>Dazu geh\u00f6rt, dass man die Arbeitsumgebung f\u00fcr folgende Bedingungen optimiert:<\/p>\n\n\n\n<ul class=\"wp-block-list\">\n<li>Bessere Sprachverst\u00e4ndlichkeit&nbsp;<\/li>\n\n\n\n<li>Akustisch optimierte Meetingr\u00e4ume&nbsp;<\/li>\n\n\n\n<li>Weniger Echo&nbsp;<\/li>\n\n\n\n<li>Passende Ausstattung der Einzelb\u00fcros&nbsp;<\/li>\n<\/ul>\n\n\n\n<p id=\"wd-788312a6\" class=\"wp-block-wd-paragraph\">Eine gute Akustik tr\u00e4gt zur Professionalit\u00e4t digitaler Kommunikation bei, reduziert die Fehlerquote durch Missverst\u00e4ndnisse und&nbsp;steigert die&nbsp;Qualit\u00e4t aller Gespr\u00e4che.&nbsp;<\/p>\n<\/div>\n<\/div>\n\n\n\n<div id=\"wd-df09409a\" class=\"wp-block-wd-carousel-item wd-carousel-item\">\n<div id=\"wd-2a5f6f65\" class=\"wp-block-wd-container wd-dir-col\">\n<figure class=\"wp-block-image size-full\"><img loading=\"lazy\" decoding=\"async\" width=\"710\" height=\"473\" src=\"https:\/\/ccs-fabricframe.de\/wp-content\/uploads\/2026\/01\/CCS_Interior-Services_Konzept_Timeline_Konzeption-edited.webp\" alt=\"Drawings, notes, and tools for creating a concept\" class=\"wp-image-7195\" srcset=\"https:\/\/ccs-fabricframe.de\/wp-content\/uploads\/2026\/01\/CCS_Interior-Services_Konzept_Timeline_Konzeption-edited.webp 710w, https:\/\/ccs-fabricframe.de\/wp-content\/uploads\/2026\/01\/CCS_Interior-Services_Konzept_Timeline_Konzeption-edited-300x200.webp 300w, https:\/\/ccs-fabricframe.de\/wp-content\/uploads\/2026\/01\/CCS_Interior-Services_Konzept_Timeline_Konzeption-edited-150x100.webp 150w, https:\/\/ccs-fabricframe.de\/wp-content\/uploads\/2026\/01\/CCS_Interior-Services_Konzept_Timeline_Konzeption-edited-18x12.webp 18w, https:\/\/ccs-fabricframe.de\/wp-content\/uploads\/2026\/01\/CCS_Interior-Services_Konzept_Timeline_Konzeption-edited-600x400.webp 600w\" sizes=\"auto, (max-width: 710px) 100vw, 710px\" \/><\/figure>\n\n\n\n<h2 id=\"wd-c4a4dae7\" class=\"wp-block-wd-title title wd-align\">R\u00e4ume individuell analysieren<\/h2>\n\n\n\n<p id=\"wd-b0c0a56d\" class=\"wp-block-wd-paragraph\"><br>Jeder Raum ist anders. Deshalb&nbsp;sollten&nbsp;auch&nbsp;die L\u00f6sungen ma\u00dfgeschneidert&nbsp;und einzigartig&nbsp;sein.&nbsp;<\/p>\n\n\n\n<p id=\"wd-c465c2fb\" class=\"wp-block-wd-paragraph\">Damit die Individualit\u00e4t in die Akustikplanung eingeflochten werden kann, gilt es folgende Punkte zu beachen:&nbsp;<\/p>\n\n\n\n<ul class=\"wp-block-list\">\n<li>Akustikmessung&nbsp;der Ist-Situation&nbsp;<\/li>\n\n\n\n<li>Analyse&nbsp;und Definition&nbsp;der Nutzungszonen&nbsp;<\/li>\n\n\n\n<li>Erstellung eines&nbsp;Anforderungsprofils&nbsp;<\/li>\n\n\n\n<li>Anfertigung&nbsp;und Umsetzung&nbsp;eines ma\u00dfgeschneiderten Akustikplans&nbsp;<\/li>\n<\/ul>\n\n\n\n<p id=\"wd-58a1c067\" class=\"wp-block-wd-paragraph\">Gerne helfen auch wir euch dabei, die richtige Balance zwischen Design und Funktion zu finden, sowie die richtigen Akustikl\u00f6sungen f\u00fcr eure R\u00e4ume auszuw\u00e4hlen.&nbsp;<\/p>\n<\/div>\n<\/div>\n<\/div><\/div><div class=\"wd-nav-arrows wd-pos-sep wd-hover-1 wd-icon-1\"><div class=\"wd-btn-arrow wd-prev\"><div class=\"wd-arrow-inner\"><\/div><\/div><div class=\"wd-btn-arrow wd-next\"><div class=\"wd-arrow-inner\"><\/div><\/div><\/div><\/div><div class=\"wd-nav-pagin-wrap text-center wd-style-shape\"><ul class=\"wd-nav-pagin\"><\/ul><\/div><\/div>\n\n\n\n<h2 class=\"wp-block-heading\"><strong>B\u00fcroeinrichtung: Das richtige Zusammenspiel aus Design und Akustik<\/strong>&nbsp;<\/h2>\n\n\n\n<p id=\"wd-f4b89ab5\" class=\"wp-block-wd-paragraph\">Um&nbsp;<em>B\u00fcroeinrichtung<\/em>&nbsp;sinnvoll zu planen, braucht es einen ganzheitlichen Ansatz. Gute Akustik entsteht nicht durch ein einzelnes Produkt,&nbsp;sondern durch die Kombination aus Materialien, M\u00f6blierung,&nbsp;Raumstruktur&nbsp;und der richtigen Wahl an Hilfsmitteln.&nbsp;<\/p>\n\n\n\n<h3 class=\"wp-block-heading\">Checkliste f\u00fcr gutes Office Design<\/h3>\n\n\n\n<ol start=\"1\" class=\"wp-block-list\">\n<li><strong>Flexibilit\u00e4t:<\/strong>&nbsp;R\u00e4ume m\u00fcssen sich an Teams anpassen, nicht umgekehrt.&nbsp;<\/li>\n\n\n\n<li><strong>\u00c4sthetik:<\/strong>&nbsp;Farben, Materialien und Formen beeinflussen das Wohlbefinden.&nbsp;<\/li>\n\n\n\n<li><strong>Akustik:<\/strong>&nbsp;Schallschutz im B\u00fcro ist kein Nice-to-have, sondern essenziell.&nbsp;<\/li>\n\n\n\n<li><strong>Licht:<\/strong>&nbsp;Nat\u00fcrliches Licht f\u00f6rdert Produktivit\u00e4t und Konzentration.&nbsp;<\/li>\n\n\n\n<li><strong>Ergonomie:<\/strong>&nbsp;Arbeitspl\u00e4tze m\u00fcssen gesundes Arbeiten erm\u00f6glichen.&nbsp;<\/li>\n<\/ol>\n\n\n\n<p id=\"wd-fa47abcd\" class=\"wp-block-wd-paragraph\">Diese Elemente verbinden sich zu einem Gesamtkonzept, das motiviert, inspiriert und sch\u00fctzt.&nbsp;<\/p>\n\n\n\n<h3 class=\"wp-block-heading\"><strong>Schallschutz im B\u00fcro: Welche L\u00f6sungen wirklich wirken<\/strong><\/h3>\n\n\n\n<p id=\"wd-e92aa7d9\" class=\"wp-block-wd-paragraph\">Eine smarte Kombination dieser Komponenten macht R\u00e4ume effizient, ruhig und angenehm &#8211; und das ganz ohne gro\u00dfe Umbau-Ma\u00dfnahmen. Entdecke unsere Akustikprodukte wie Schallabsorber an der Decke, Wandabsorber, mobile Raumtrenner oder Baffel, mit denen dein B\u00fcro im Handumdrehen neue akustische Dimensionen erreicht.<\/p>\n\n\n\n<div id=\"wd-968fdb71\" class=\"wp-block-wd-section\">\n<div id=\"wd-7109074b\" class=\"wp-block-wd-row\">\n<div id=\"wd-c24bd181\" class=\"wp-block-wd-column\">\t\t\t<div id=\"wd-5943103e\" class=\"wd-products-element\">\n\t\t\t\n\t\t\n\t\t\t\t\t<div class=\"products wd-products  grid-columns-5 elements-grid wd-grid-g\" data-paged=\"1\" data-atts=\"{&quot;speed&quot;:5000,&quot;slides_per_view&quot;:&quot;5&quot;,&quot;wrap&quot;:&quot;no&quot;,&quot;hide_pagination_control&quot;:&quot;yes&quot;,&quot;hide_pagination_control_tablet&quot;:&quot;no&quot;,&quot;hide_pagination_control_mobile&quot;:&quot;no&quot;,&quot;hide_prev_next_buttons&quot;:&quot;no&quot;,&quot;hide_prev_next_buttons_tablet&quot;:&quot;no&quot;,&quot;hide_prev_next_buttons_mobile&quot;:&quot;no&quot;,&quot;spacing&quot;:&quot;10&quot;,&quot;sync_parent_id&quot;:&quot;wd_1f73009d&quot;,&quot;taxonomies&quot;:&quot;145&quot;,&quot;items_per_page&quot;:&quot;5&quot;,&quot;columns&quot;:5,&quot;products_different_sizes&quot;:&quot;disable&quot;,&quot;el_id&quot;:&quot;wd-5943103e&quot;,&quot;force_not_ajax&quot;:&quot;no&quot;}\" data-source=\"shortcode\" data-columns=\"5\" data-grid-gallery=\"\" style=\"--wd-col-lg:5;--wd-col-md:4;--wd-col-sm:2;--wd-gap-lg:10px;\">\n\t\t\t<div class=\"wd-product wd-hover-button wd-col product-grid-item product type-product post-6062 status-publish instock product_cat-acoustic-frame product_cat-acoustic-frame-produkt product_cat-akustik product_cat-event product_cat-healthcare product_cat-hospitality product_cat-keder product_cat-messebau product_cat-interior product_cat-produkt product_cat-retail-ladenbau product_cat-sublimation product_tag-acoustic-frame product_tag-akustik product_tag-decke product_tag-wandmontiert has-post-thumbnail shipping-taxable product-type-simple\" data-loop=\"1\" data-id=\"6062\">\n\t\n\t\n<div class=\"product-wrapper\">\n\t<div class=\"product-element-top wd-quick-shop\">\n\t\t<a href=\"https:\/\/ccs-fabricframe.de\/en\/product\/acoustic-frame\/\" class=\"product-image-link\">\n\t\t\t<img loading=\"lazy\" decoding=\"async\" width=\"300\" height=\"300\" src=\"https:\/\/ccs-fabricframe.de\/wp-content\/uploads\/2025\/08\/CCS_fabric_frame_produkt_acoustic_frame_5-300x300.webp\" class=\"attachment-woocommerce_thumbnail size-woocommerce_thumbnail\" alt=\"CCS Acoustic Frame als Wandbild in einem Aufenthaltsbereich\" srcset=\"https:\/\/ccs-fabricframe.de\/wp-content\/uploads\/2025\/08\/CCS_fabric_frame_produkt_acoustic_frame_5-300x300.webp 300w, https:\/\/ccs-fabricframe.de\/wp-content\/uploads\/2025\/08\/CCS_fabric_frame_produkt_acoustic_frame_5-150x150.webp 150w, https:\/\/ccs-fabricframe.de\/wp-content\/uploads\/2025\/08\/CCS_fabric_frame_produkt_acoustic_frame_5-768x768.webp 768w, https:\/\/ccs-fabricframe.de\/wp-content\/uploads\/2025\/08\/CCS_fabric_frame_produkt_acoustic_frame_5-12x12.webp 12w, https:\/\/ccs-fabricframe.de\/wp-content\/uploads\/2025\/08\/CCS_fabric_frame_produkt_acoustic_frame_5-600x600.webp 600w, https:\/\/ccs-fabricframe.de\/wp-content\/uploads\/2025\/08\/CCS_fabric_frame_produkt_acoustic_frame_5.webp 800w\" sizes=\"auto, (max-width: 300px) 100vw, 300px\" \/>\t\t<\/a>\n\n\t\t\t\t\t<div class=\"hover-img\">\n\t\t\t\t<a href=\"https:\/\/ccs-fabricframe.de\/en\/product\/acoustic-frame\/\" aria-label=\"Product image\">\n\t\t\t\t\t<img loading=\"lazy\" decoding=\"async\" width=\"300\" height=\"300\" src=\"https:\/\/ccs-fabricframe.de\/wp-content\/uploads\/2025\/08\/CCS_fabric_frame_produkt_acoustic_frame_a-300x300.webp\" class=\"attachment-woocommerce_thumbnail size-woocommerce_thumbnail\" alt=\"CCS Acoustic Frame als Wandbild in einem Caf\u00e9\" srcset=\"https:\/\/ccs-fabricframe.de\/wp-content\/uploads\/2025\/08\/CCS_fabric_frame_produkt_acoustic_frame_a-300x300.webp 300w, https:\/\/ccs-fabricframe.de\/wp-content\/uploads\/2025\/08\/CCS_fabric_frame_produkt_acoustic_frame_a-150x150.webp 150w, https:\/\/ccs-fabricframe.de\/wp-content\/uploads\/2025\/08\/CCS_fabric_frame_produkt_acoustic_frame_a-768x768.webp 768w, https:\/\/ccs-fabricframe.de\/wp-content\/uploads\/2025\/08\/CCS_fabric_frame_produkt_acoustic_frame_a-12x12.webp 12w, https:\/\/ccs-fabricframe.de\/wp-content\/uploads\/2025\/08\/CCS_fabric_frame_produkt_acoustic_frame_a-600x600.webp 600w, https:\/\/ccs-fabricframe.de\/wp-content\/uploads\/2025\/08\/CCS_fabric_frame_produkt_acoustic_frame_a.webp 800w\" sizes=\"auto, (max-width: 300px) 100vw, 300px\" \/>\t\t\t\t<\/a>\n\t\t\t<\/div>\n\t\t\t\n\t\t<div class=\"wd-add-btn wd-add-btn-replace\">\n\t\t\t<a href=\"https:\/\/ccs-fabricframe.de\/en\/product\/acoustic-frame\/\" aria-describedby=\"woocommerce_loop_add_to_cart_link_describedby_6062\" data-quantity=\"1\" class=\"button product_type_simple add-to-cart-loop\" data-product_id=\"6062\" data-product_sku=\"\" aria-label=\"Read more about \u201cAcoustic frame\u201d\" rel=\"nofollow\" data-success_message=\"\" data-no-translation-aria-label=\"\"><span data-no-translation=\"\" data-trp-gettext=\"\">Read more<\/span><\/a>\t<span id=\"woocommerce_loop_add_to_cart_link_describedby_6062\" class=\"screen-reader-text\">\n\t\t\t<\/span>\n\t\t<\/div>\n\n\t\t<div class=\"wd-buttons wd-pos-r-t\">\n\t\t\t\t\t\t\t\t\t\t\t<div class=\"quick-view wd-action-btn wd-style-icon wd-quick-view-icon\">\n\t\t\t<a\n\t\t\t\thref=\"https:\/\/ccs-fabricframe.de\/en\/product\/acoustic-frame\/\"\n\t\t\t\tclass=\"open-quick-view quick-view-button\"\n\t\t\t\trel=\"nofollow\"\n\t\t\t\tdata-id=\"6062\"\n\t\t\t\t>Quick view<\/a>\n\t\t<\/div>\n\t\t\t\t\t\t\t<\/div>\n\t<\/div>\n\t\t\t\t\t<h3 class=\"wd-entities-title\"><a href=\"https:\/\/ccs-fabricframe.de\/en\/product\/acoustic-frame\/\">Acoustic frame<\/a><\/h3>\t\t\t\t\t\t\n\n\t\t\n\t\t\n\t\t\t<\/div>\n<\/div>\n<div class=\"wd-product wd-hover-button wd-col product-grid-item product type-product post-6042 status-publish instock product_cat-acoustic-frame product_cat-acoustic-frame-produkt product_cat-akustik product_cat-healthcare product_cat-hospitality product_cat-keder product_cat-messebau product_cat-interior product_cat-produkt product_cat-retail-ladenbau product_cat-sublimation product_tag-akustik product_tag-decke has-post-thumbnail shipping-taxable product-type-simple\" data-loop=\"2\" data-id=\"6042\">\n\t\n\t\n<div class=\"product-wrapper\">\n\t<div class=\"product-element-top wd-quick-shop\">\n\t\t<a href=\"https:\/\/ccs-fabricframe.de\/en\/product\/akustik-deckensegel\/\" class=\"product-image-link\">\n\t\t\t<img loading=\"lazy\" decoding=\"async\" width=\"300\" height=\"300\" src=\"https:\/\/ccs-fabricframe.de\/wp-content\/uploads\/2025\/08\/CCS_fabric_frame_produkt_akustik_deckensegel_5a-300x300.webp\" class=\"attachment-woocommerce_thumbnail size-woocommerce_thumbnail\" alt=\"Individuelle Textilspannrahmen als Deckensegel mit Akustikwirkung in einem B\u00fcro\" srcset=\"https:\/\/ccs-fabricframe.de\/wp-content\/uploads\/2025\/08\/CCS_fabric_frame_produkt_akustik_deckensegel_5a-300x300.webp 300w, https:\/\/ccs-fabricframe.de\/wp-content\/uploads\/2025\/08\/CCS_fabric_frame_produkt_akustik_deckensegel_5a-150x150.webp 150w, https:\/\/ccs-fabricframe.de\/wp-content\/uploads\/2025\/08\/CCS_fabric_frame_produkt_akustik_deckensegel_5a-768x768.webp 768w, https:\/\/ccs-fabricframe.de\/wp-content\/uploads\/2025\/08\/CCS_fabric_frame_produkt_akustik_deckensegel_5a-12x12.webp 12w, https:\/\/ccs-fabricframe.de\/wp-content\/uploads\/2025\/08\/CCS_fabric_frame_produkt_akustik_deckensegel_5a-600x600.webp 600w, https:\/\/ccs-fabricframe.de\/wp-content\/uploads\/2025\/08\/CCS_fabric_frame_produkt_akustik_deckensegel_5a.webp 800w\" sizes=\"auto, (max-width: 300px) 100vw, 300px\" \/>\t\t<\/a>\n\n\t\t\t\t\t<div class=\"hover-img\">\n\t\t\t\t<a href=\"https:\/\/ccs-fabricframe.de\/en\/product\/akustik-deckensegel\/\" aria-label=\"Product image\">\n\t\t\t\t\t<img loading=\"lazy\" decoding=\"async\" width=\"300\" height=\"300\" src=\"https:\/\/ccs-fabricframe.de\/wp-content\/uploads\/2025\/08\/CCS_fabric_frame_produkt_akustik_deckensegel_1a-300x300.webp\" class=\"attachment-woocommerce_thumbnail size-woocommerce_thumbnail\" alt=\"Individuell geformte Deckensegel mit Akustikwirkung in einem Bekleidungsgesch\u00e4ft\" srcset=\"https:\/\/ccs-fabricframe.de\/wp-content\/uploads\/2025\/08\/CCS_fabric_frame_produkt_akustik_deckensegel_1a-300x300.webp 300w, https:\/\/ccs-fabricframe.de\/wp-content\/uploads\/2025\/08\/CCS_fabric_frame_produkt_akustik_deckensegel_1a-150x150.webp 150w, https:\/\/ccs-fabricframe.de\/wp-content\/uploads\/2025\/08\/CCS_fabric_frame_produkt_akustik_deckensegel_1a-768x768.webp 768w, https:\/\/ccs-fabricframe.de\/wp-content\/uploads\/2025\/08\/CCS_fabric_frame_produkt_akustik_deckensegel_1a-12x12.webp 12w, https:\/\/ccs-fabricframe.de\/wp-content\/uploads\/2025\/08\/CCS_fabric_frame_produkt_akustik_deckensegel_1a-600x600.webp 600w, https:\/\/ccs-fabricframe.de\/wp-content\/uploads\/2025\/08\/CCS_fabric_frame_produkt_akustik_deckensegel_1a.webp 800w\" sizes=\"auto, (max-width: 300px) 100vw, 300px\" \/>\t\t\t\t<\/a>\n\t\t\t<\/div>\n\t\t\t\n\t\t<div class=\"wd-add-btn wd-add-btn-replace\">\n\t\t\t<a href=\"https:\/\/ccs-fabricframe.de\/en\/product\/akustik-deckensegel\/\" aria-describedby=\"woocommerce_loop_add_to_cart_link_describedby_6042\" data-quantity=\"1\" class=\"button product_type_simple add-to-cart-loop\" data-product_id=\"6042\" data-product_sku=\"\" aria-label=\"Read more about \u201cAkustik Deckensegel\u201d\" rel=\"nofollow\" data-success_message=\"\" data-no-translation-aria-label=\"\"><span data-no-translation=\"\" data-trp-gettext=\"\">Read more<\/span><\/a>\t<span id=\"woocommerce_loop_add_to_cart_link_describedby_6042\" class=\"screen-reader-text\">\n\t\t\t<\/span>\n\t\t<\/div>\n\n\t\t<div class=\"wd-buttons wd-pos-r-t\">\n\t\t\t\t\t\t\t\t\t\t\t<div class=\"quick-view wd-action-btn wd-style-icon wd-quick-view-icon\">\n\t\t\t<a\n\t\t\t\thref=\"https:\/\/ccs-fabricframe.de\/en\/product\/akustik-deckensegel\/\"\n\t\t\t\tclass=\"open-quick-view quick-view-button\"\n\t\t\t\trel=\"nofollow\"\n\t\t\t\tdata-id=\"6042\"\n\t\t\t\t>Quick view<\/a>\n\t\t<\/div>\n\t\t\t\t\t\t\t<\/div>\n\t<\/div>\n\t\t\t\t\t<h3 class=\"wd-entities-title\"><a href=\"https:\/\/ccs-fabricframe.de\/en\/product\/akustik-deckensegel\/\">Acoustic Ceiling Panel<\/a><\/h3>\t\t\t\t\t\t\n\n\t\t\n\t\t\n\t\t\t<\/div>\n<\/div>\n<div class=\"wd-product wd-hover-button wd-col product-grid-item product type-product post-6041 status-publish last instock product_cat-acoustic-frame product_cat-acoustic-frame-produkt product_cat-akustik product_cat-healthcare product_cat-hospitality product_cat-keder product_cat-interior product_cat-produkt product_cat-retail-ladenbau product_cat-sublimation product_tag-akustik product_tag-decke product_tag-wandmontiert has-post-thumbnail shipping-taxable product-type-simple\" data-loop=\"3\" data-id=\"6041\">\n\t\n\t\n<div class=\"product-wrapper\">\n\t<div class=\"product-element-top wd-quick-shop\">\n\t\t<a href=\"https:\/\/ccs-fabricframe.de\/en\/product\/akustik-wandbild\/\" class=\"product-image-link\">\n\t\t\t<img loading=\"lazy\" decoding=\"async\" width=\"300\" height=\"300\" src=\"https:\/\/ccs-fabricframe.de\/wp-content\/uploads\/2025\/08\/CCS_fabric_frame_produkt_akustik_wandbild_2a-300x300.webp\" class=\"attachment-woocommerce_thumbnail size-woocommerce_thumbnail\" alt=\"Akustik Wandbild in einem Meetingraum mit grafischem Textildruck\" srcset=\"https:\/\/ccs-fabricframe.de\/wp-content\/uploads\/2025\/08\/CCS_fabric_frame_produkt_akustik_wandbild_2a-300x300.webp 300w, https:\/\/ccs-fabricframe.de\/wp-content\/uploads\/2025\/08\/CCS_fabric_frame_produkt_akustik_wandbild_2a-150x150.webp 150w, https:\/\/ccs-fabricframe.de\/wp-content\/uploads\/2025\/08\/CCS_fabric_frame_produkt_akustik_wandbild_2a-768x768.webp 768w, https:\/\/ccs-fabricframe.de\/wp-content\/uploads\/2025\/08\/CCS_fabric_frame_produkt_akustik_wandbild_2a-12x12.webp 12w, https:\/\/ccs-fabricframe.de\/wp-content\/uploads\/2025\/08\/CCS_fabric_frame_produkt_akustik_wandbild_2a-600x600.webp 600w, https:\/\/ccs-fabricframe.de\/wp-content\/uploads\/2025\/08\/CCS_fabric_frame_produkt_akustik_wandbild_2a.webp 800w\" sizes=\"auto, (max-width: 300px) 100vw, 300px\" \/>\t\t<\/a>\n\n\t\t\t\t\t<div class=\"hover-img\">\n\t\t\t\t<a href=\"https:\/\/ccs-fabricframe.de\/en\/product\/akustik-wandbild\/\" aria-label=\"Product image\">\n\t\t\t\t\t<img loading=\"lazy\" decoding=\"async\" width=\"300\" height=\"300\" src=\"https:\/\/ccs-fabricframe.de\/wp-content\/uploads\/2025\/10\/CCS_fabric_frame_produkt_akustik_wandbild_0a-300x300.webp\" class=\"attachment-woocommerce_thumbnail size-woocommerce_thumbnail\" alt=\"Textilspannrahmen mit Akustikschaum als CCS Akustik Wandbild\" srcset=\"https:\/\/ccs-fabricframe.de\/wp-content\/uploads\/2025\/10\/CCS_fabric_frame_produkt_akustik_wandbild_0a-300x300.webp 300w, https:\/\/ccs-fabricframe.de\/wp-content\/uploads\/2025\/10\/CCS_fabric_frame_produkt_akustik_wandbild_0a-150x150.webp 150w, https:\/\/ccs-fabricframe.de\/wp-content\/uploads\/2025\/10\/CCS_fabric_frame_produkt_akustik_wandbild_0a-768x768.webp 768w, https:\/\/ccs-fabricframe.de\/wp-content\/uploads\/2025\/10\/CCS_fabric_frame_produkt_akustik_wandbild_0a-12x12.webp 12w, https:\/\/ccs-fabricframe.de\/wp-content\/uploads\/2025\/10\/CCS_fabric_frame_produkt_akustik_wandbild_0a-600x600.webp 600w, https:\/\/ccs-fabricframe.de\/wp-content\/uploads\/2025\/10\/CCS_fabric_frame_produkt_akustik_wandbild_0a.webp 800w\" sizes=\"auto, (max-width: 300px) 100vw, 300px\" \/>\t\t\t\t<\/a>\n\t\t\t<\/div>\n\t\t\t\n\t\t<div class=\"wd-add-btn wd-add-btn-replace\">\n\t\t\t<a href=\"https:\/\/ccs-fabricframe.de\/en\/product\/akustik-wandbild\/\" aria-describedby=\"woocommerce_loop_add_to_cart_link_describedby_6041\" data-quantity=\"1\" class=\"button product_type_simple add-to-cart-loop\" data-product_id=\"6041\" data-product_sku=\"\" aria-label=\"Read more about \u201cAkustik Wandbild\u201d\" rel=\"nofollow\" data-success_message=\"\" data-no-translation-aria-label=\"\"><span data-no-translation=\"\" data-trp-gettext=\"\">Read more<\/span><\/a>\t<span id=\"woocommerce_loop_add_to_cart_link_describedby_6041\" class=\"screen-reader-text\">\n\t\t\t<\/span>\n\t\t<\/div>\n\n\t\t<div class=\"wd-buttons wd-pos-r-t\">\n\t\t\t\t\t\t\t\t\t\t\t<div class=\"quick-view wd-action-btn wd-style-icon wd-quick-view-icon\">\n\t\t\t<a\n\t\t\t\thref=\"https:\/\/ccs-fabricframe.de\/en\/product\/akustik-wandbild\/\"\n\t\t\t\tclass=\"open-quick-view quick-view-button\"\n\t\t\t\trel=\"nofollow\"\n\t\t\t\tdata-id=\"6041\"\n\t\t\t\t>Quick view<\/a>\n\t\t<\/div>\n\t\t\t\t\t\t\t<\/div>\n\t<\/div>\n\t\t\t\t\t<h3 class=\"wd-entities-title\"><a href=\"https:\/\/ccs-fabricframe.de\/en\/product\/akustik-wandbild\/\">Akustik Wandbild<\/a><\/h3>\t\t\t\t\t\t\n\n\t\t\n\t\t\n\t\t\t<\/div>\n<\/div>\n<div class=\"wd-product wd-hover-button wd-col product-grid-item product type-product post-6862 status-publish first instock product_cat-acoustic-frame product_cat-acoustic-frame-produkt product_cat-akustik product_cat-healthcare product_cat-hospitality product_cat-keder product_cat-interior product_cat-produkt product_cat-sublimation product_tag-akustik product_tag-stehend has-post-thumbnail shipping-taxable product-type-simple\" data-loop=\"4\" data-id=\"6862\">\n\t\n\t\n<div class=\"product-wrapper\">\n\t<div class=\"product-element-top wd-quick-shop\">\n\t\t<a href=\"https:\/\/ccs-fabricframe.de\/en\/product\/raumtrenner-akustik\/\" class=\"product-image-link\">\n\t\t\t<img loading=\"lazy\" decoding=\"async\" width=\"300\" height=\"300\" src=\"https:\/\/ccs-fabricframe.de\/wp-content\/uploads\/2025\/11\/CCS_fabric_frame_produkt_raumtrenner_akustik_01a-300x300.webp\" class=\"attachment-woocommerce_thumbnail size-woocommerce_thumbnail\" alt=\"\" srcset=\"https:\/\/ccs-fabricframe.de\/wp-content\/uploads\/2025\/11\/CCS_fabric_frame_produkt_raumtrenner_akustik_01a-300x300.webp 300w, https:\/\/ccs-fabricframe.de\/wp-content\/uploads\/2025\/11\/CCS_fabric_frame_produkt_raumtrenner_akustik_01a-150x150.webp 150w, https:\/\/ccs-fabricframe.de\/wp-content\/uploads\/2025\/11\/CCS_fabric_frame_produkt_raumtrenner_akustik_01a-768x768.webp 768w, https:\/\/ccs-fabricframe.de\/wp-content\/uploads\/2025\/11\/CCS_fabric_frame_produkt_raumtrenner_akustik_01a-12x12.webp 12w, https:\/\/ccs-fabricframe.de\/wp-content\/uploads\/2025\/11\/CCS_fabric_frame_produkt_raumtrenner_akustik_01a-600x600.webp 600w, https:\/\/ccs-fabricframe.de\/wp-content\/uploads\/2025\/11\/CCS_fabric_frame_produkt_raumtrenner_akustik_01a.webp 800w\" sizes=\"auto, (max-width: 300px) 100vw, 300px\" \/>\t\t<\/a>\n\n\t\t\t\t\t<div class=\"hover-img\">\n\t\t\t\t<a href=\"https:\/\/ccs-fabricframe.de\/en\/product\/raumtrenner-akustik\/\" aria-label=\"Product image\">\n\t\t\t\t\t<img loading=\"lazy\" decoding=\"async\" width=\"300\" height=\"300\" src=\"https:\/\/ccs-fabricframe.de\/wp-content\/uploads\/2025\/11\/CCS_fabric_frame_produkt_raumtrenner_akustik_0a-300x300.webp\" class=\"attachment-woocommerce_thumbnail size-woocommerce_thumbnail\" alt=\"\" srcset=\"https:\/\/ccs-fabricframe.de\/wp-content\/uploads\/2025\/11\/CCS_fabric_frame_produkt_raumtrenner_akustik_0a-300x300.webp 300w, https:\/\/ccs-fabricframe.de\/wp-content\/uploads\/2025\/11\/CCS_fabric_frame_produkt_raumtrenner_akustik_0a-150x150.webp 150w, https:\/\/ccs-fabricframe.de\/wp-content\/uploads\/2025\/11\/CCS_fabric_frame_produkt_raumtrenner_akustik_0a-768x768.webp 768w, https:\/\/ccs-fabricframe.de\/wp-content\/uploads\/2025\/11\/CCS_fabric_frame_produkt_raumtrenner_akustik_0a-12x12.webp 12w, https:\/\/ccs-fabricframe.de\/wp-content\/uploads\/2025\/11\/CCS_fabric_frame_produkt_raumtrenner_akustik_0a-600x600.webp 600w, https:\/\/ccs-fabricframe.de\/wp-content\/uploads\/2025\/11\/CCS_fabric_frame_produkt_raumtrenner_akustik_0a.webp 800w\" sizes=\"auto, (max-width: 300px) 100vw, 300px\" \/>\t\t\t\t<\/a>\n\t\t\t<\/div>\n\t\t\t\n\t\t<div class=\"wd-add-btn wd-add-btn-replace\">\n\t\t\t<a href=\"https:\/\/ccs-fabricframe.de\/en\/product\/raumtrenner-akustik\/\" aria-describedby=\"woocommerce_loop_add_to_cart_link_describedby_6862\" data-quantity=\"1\" class=\"button product_type_simple add-to-cart-loop\" data-product_id=\"6862\" data-product_sku=\"\" aria-label=\"Read more about \u201cRaumtrenner Akustik\u201d\" rel=\"nofollow\" data-success_message=\"\" data-no-translation-aria-label=\"\"><span data-no-translation=\"\" data-trp-gettext=\"\">Read more<\/span><\/a>\t<span id=\"woocommerce_loop_add_to_cart_link_describedby_6862\" class=\"screen-reader-text\">\n\t\t\t<\/span>\n\t\t<\/div>\n\n\t\t<div class=\"wd-buttons wd-pos-r-t\">\n\t\t\t\t\t\t\t\t\t\t\t<div class=\"quick-view wd-action-btn wd-style-icon wd-quick-view-icon\">\n\t\t\t<a\n\t\t\t\thref=\"https:\/\/ccs-fabricframe.de\/en\/product\/raumtrenner-akustik\/\"\n\t\t\t\tclass=\"open-quick-view quick-view-button\"\n\t\t\t\trel=\"nofollow\"\n\t\t\t\tdata-id=\"6862\"\n\t\t\t\t>Quick view<\/a>\n\t\t<\/div>\n\t\t\t\t\t\t\t<\/div>\n\t<\/div>\n\t\t\t\t\t<h3 class=\"wd-entities-title\"><a href=\"https:\/\/ccs-fabricframe.de\/en\/product\/raumtrenner-akustik\/\">Raumtrenner Akustik<\/a><\/h3>\t\t\t\t\t\t\n\n\t\t\n\t\t\n\t\t\t<\/div>\n<\/div>\n<div class=\"wd-product wd-hover-button wd-col product-grid-item product type-product post-6043 status-publish instock product_cat-acoustic-frame product_cat-acoustic-frame-produkt product_cat-akustik product_cat-classic-frame product_cat-classic-frame-produkt product_cat-healthcare product_cat-hospitality product_cat-keder product_cat-interior product_cat-produkt product_cat-sublimation product_tag-akustik product_tag-stehend has-post-thumbnail shipping-taxable product-type-simple\" data-loop=\"5\" data-id=\"6043\">\n\t\n\t\n<div class=\"product-wrapper\">\n\t<div class=\"product-element-top wd-quick-shop\">\n\t\t<a href=\"https:\/\/ccs-fabricframe.de\/en\/product\/raumtrenner-freistehend\/\" class=\"product-image-link\">\n\t\t\t<img loading=\"lazy\" decoding=\"async\" width=\"300\" height=\"300\" src=\"https:\/\/ccs-fabricframe.de\/wp-content\/uploads\/2025\/08\/CCS_fabric_frame_produkt_raumtrenner_freistehend_03a-300x300.webp\" class=\"attachment-woocommerce_thumbnail size-woocommerce_thumbnail\" alt=\"Textilspannrahmen als freistehender Raumtrenner am Kopfende von Schreibtischen in einem Gro\u00dfraumb\u00fcro\" srcset=\"https:\/\/ccs-fabricframe.de\/wp-content\/uploads\/2025\/08\/CCS_fabric_frame_produkt_raumtrenner_freistehend_03a-300x300.webp 300w, https:\/\/ccs-fabricframe.de\/wp-content\/uploads\/2025\/08\/CCS_fabric_frame_produkt_raumtrenner_freistehend_03a-150x150.webp 150w, https:\/\/ccs-fabricframe.de\/wp-content\/uploads\/2025\/08\/CCS_fabric_frame_produkt_raumtrenner_freistehend_03a-768x768.webp 768w, https:\/\/ccs-fabricframe.de\/wp-content\/uploads\/2025\/08\/CCS_fabric_frame_produkt_raumtrenner_freistehend_03a-12x12.webp 12w, https:\/\/ccs-fabricframe.de\/wp-content\/uploads\/2025\/08\/CCS_fabric_frame_produkt_raumtrenner_freistehend_03a-600x600.webp 600w, https:\/\/ccs-fabricframe.de\/wp-content\/uploads\/2025\/08\/CCS_fabric_frame_produkt_raumtrenner_freistehend_03a.webp 800w\" sizes=\"auto, (max-width: 300px) 100vw, 300px\" \/>\t\t<\/a>\n\n\t\t\t\t\t<div class=\"hover-img\">\n\t\t\t\t<a href=\"https:\/\/ccs-fabricframe.de\/en\/product\/raumtrenner-freistehend\/\" aria-label=\"Product image\">\n\t\t\t\t\t<img loading=\"lazy\" decoding=\"async\" width=\"300\" height=\"300\" src=\"https:\/\/ccs-fabricframe.de\/wp-content\/uploads\/2025\/08\/CCS_fabric_frame_produkt_raumtrenner_freistehend_02a-300x300.webp\" class=\"attachment-woocommerce_thumbnail size-woocommerce_thumbnail\" alt=\"Textilspannrahmen als CCS Raumtrenner freistehend\" srcset=\"https:\/\/ccs-fabricframe.de\/wp-content\/uploads\/2025\/08\/CCS_fabric_frame_produkt_raumtrenner_freistehend_02a-300x300.webp 300w, https:\/\/ccs-fabricframe.de\/wp-content\/uploads\/2025\/08\/CCS_fabric_frame_produkt_raumtrenner_freistehend_02a-150x150.webp 150w, https:\/\/ccs-fabricframe.de\/wp-content\/uploads\/2025\/08\/CCS_fabric_frame_produkt_raumtrenner_freistehend_02a-768x768.webp 768w, https:\/\/ccs-fabricframe.de\/wp-content\/uploads\/2025\/08\/CCS_fabric_frame_produkt_raumtrenner_freistehend_02a-12x12.webp 12w, https:\/\/ccs-fabricframe.de\/wp-content\/uploads\/2025\/08\/CCS_fabric_frame_produkt_raumtrenner_freistehend_02a-600x600.webp 600w, https:\/\/ccs-fabricframe.de\/wp-content\/uploads\/2025\/08\/CCS_fabric_frame_produkt_raumtrenner_freistehend_02a.webp 800w\" sizes=\"auto, (max-width: 300px) 100vw, 300px\" \/>\t\t\t\t<\/a>\n\t\t\t<\/div>\n\t\t\t\n\t\t<div class=\"wd-add-btn wd-add-btn-replace\">\n\t\t\t<a href=\"https:\/\/ccs-fabricframe.de\/en\/product\/raumtrenner-freistehend\/\" aria-describedby=\"woocommerce_loop_add_to_cart_link_describedby_6043\" data-quantity=\"1\" class=\"button product_type_simple add-to-cart-loop\" data-product_id=\"6043\" data-product_sku=\"\" aria-label=\"Read more about \u201cRaumtrenner freistehend\u201d\" rel=\"nofollow\" data-success_message=\"\" data-no-translation-aria-label=\"\"><span data-no-translation=\"\" data-trp-gettext=\"\">Read more<\/span><\/a>\t<span id=\"woocommerce_loop_add_to_cart_link_describedby_6043\" class=\"screen-reader-text\">\n\t\t\t<\/span>\n\t\t<\/div>\n\n\t\t<div class=\"wd-buttons wd-pos-r-t\">\n\t\t\t\t\t\t\t\t\t\t\t<div class=\"quick-view wd-action-btn wd-style-icon wd-quick-view-icon\">\n\t\t\t<a\n\t\t\t\thref=\"https:\/\/ccs-fabricframe.de\/en\/product\/raumtrenner-freistehend\/\"\n\t\t\t\tclass=\"open-quick-view quick-view-button\"\n\t\t\t\trel=\"nofollow\"\n\t\t\t\tdata-id=\"6043\"\n\t\t\t\t>Quick view<\/a>\n\t\t<\/div>\n\t\t\t\t\t\t\t<\/div>\n\t<\/div>\n\t\t\t\t\t<h3 class=\"wd-entities-title\"><a href=\"https:\/\/ccs-fabricframe.de\/en\/product\/raumtrenner-freistehend\/\">Free Standing Room Divider<\/a><\/h3>\t\t\t\t\t\t\n\n\t\t\n\t\t\n\t\t\t<\/div>\n<\/div>\n\t\t\t<\/div>\n\t\t\t<\/div><\/div>\n<\/div>\n<\/div>\n\n\n\n<h2 class=\"wp-block-heading\"><strong>So ver\u00e4ndert gute Akustik die Unternehmenskultur<\/strong><\/h2>\n\n\n\n<p id=\"wd-032167b8\" class=\"wp-block-wd-paragraph\">Ruhige&nbsp;R\u00e4ume verbessern nicht nur Konzentration \u2013 sie steigern auch Kommunikation, Zusammenarbeit und Wohlbefinden.&nbsp;<\/p>\n\n\n\n<p>Kurz zusammengefasst: <\/p>\n\n\n\n<div id=\"wd-b65655f9\" class=\"wp-block-wd-carousel wd-carousel-container\"><div class=\"wd-carousel-inner\"><div class=\"wd-carousel wd-grid\" style=\"--wd-col-lg:3;--wd-col-md:3;--wd-col-sm:1;--wd-gap-lg:20px;--wd-gap-sm:10px;\" data-scroll_per_page=\"yes\" data-wrap=\"yes\"><div class=\"wd-carousel-wrap\">\n<div id=\"wd-10c9aa92\" class=\"wp-block-wd-carousel-item wd-carousel-item\">\n<div id=\"wd-8b577418\" class=\"wp-block-wd-container wd-dir-col wd-align-is-lg-start\">\n<div id=\"wd-569a46a5\" class=\"wp-block-wd-infobox wd-hover-parent wd-align wd-icon-start\">\n<div id=\"wd-e62a3f96\" class=\"wp-block-wd-icon\"><img loading=\"lazy\" decoding=\"async\" width=\"48\" height=\"48\" class=\"wp-image-652\" src=\"https:\/\/ccs-fabricframe.de\/wp-content\/uploads\/2025\/05\/Icon_Pt1788_Rot_Haltbarkeit.svg\" alt=\"Icon Longevity\"\/><\/div>\n\n\n\n<div id=\"wd-f10c716a\" class=\"wp-block-wd-container wd-dir-col wd-align-is-lg-start\">\n<h2 id=\"wd-22ff9e9b\" class=\"wp-block-wd-title title wd-align\"><strong>Weniger Stress<\/strong>\u00a0durch reduzierte L\u00e4rmbelastung<\/h2>\n<\/div>\n<\/div>\n<\/div>\n<\/div>\n\n\n\n<div id=\"wd-4f6cea21\" class=\"wp-block-wd-carousel-item wd-carousel-item\">\n<div id=\"wd-c15bc6a4\" class=\"wp-block-wd-container wd-dir-col wd-align-is-lg-start\">\n<div id=\"wd-fa55732b\" class=\"wp-block-wd-infobox wd-hover-parent wd-align wd-icon-start\">\n<div id=\"wd-a18a370a\" class=\"wp-block-wd-icon\"><img loading=\"lazy\" decoding=\"async\" width=\"48\" height=\"48\" class=\"wp-image-2914\" src=\"https:\/\/ccs-fabricframe.de\/wp-content\/uploads\/2025\/07\/Icon_Pt1788_Rot_Koordination.svg\" alt=\"Icon Contact\"\/><\/div>\n\n\n\n<div id=\"wd-1311291b\" class=\"wp-block-wd-container wd-dir-col wd-align-is-lg-start\">\n<h2 id=\"wd-418c570b\" class=\"wp-block-wd-title title wd-align\"><strong>Bessere Zusammenarbeit<\/strong>\u00a0dank klarer Kommunikation<\/h2>\n<\/div>\n<\/div>\n<\/div>\n<\/div>\n\n\n\n<div id=\"wd-f814e00e\" class=\"wp-block-wd-carousel-item wd-carousel-item\">\n<div id=\"wd-be33d9a5\" class=\"wp-block-wd-container wd-dir-col wd-align-is-lg-start\">\n<div id=\"wd-0dc356f4\" class=\"wp-block-wd-infobox wd-hover-parent wd-align wd-icon-start\">\n<div id=\"wd-a43f496c\" class=\"wp-block-wd-icon\"><img loading=\"lazy\" decoding=\"async\" width=\"48\" height=\"48\" class=\"wp-image-646\" src=\"https:\/\/ccs-fabricframe.de\/wp-content\/uploads\/2025\/05\/Icon_Pt1788_Rot_Entwicklung.svg\" alt=\"Icon Development\"\/><\/div>\n\n\n\n<div id=\"wd-77e8d274\" class=\"wp-block-wd-container wd-dir-col wd-align-is-lg-start\">\n<h2 id=\"wd-acd2c72f\" class=\"wp-block-wd-title title wd-align\"><strong>H\u00f6here Produktivit\u00e4t<\/strong>\u00a0durch bessere Konzentration<\/h2>\n<\/div>\n<\/div>\n<\/div>\n<\/div>\n\n\n\n<div id=\"wd-6666b096\" class=\"wp-block-wd-carousel-item wd-carousel-item\">\n<div id=\"wd-2a2da175\" class=\"wp-block-wd-container wd-dir-col wd-align-is-lg-start\">\n<div id=\"wd-bf1ad8ae\" class=\"wp-block-wd-infobox wd-hover-parent wd-align wd-icon-start\">\n<div id=\"wd-bef45852\" class=\"wp-block-wd-icon\"><img loading=\"lazy\" decoding=\"async\" width=\"48\" height=\"48\" class=\"wp-image-676\" src=\"https:\/\/ccs-fabricframe.de\/wp-content\/uploads\/2025\/05\/Icon_Pt1788_Rot_Nachhaltig.svg\" alt=\"Icon Sustainability\"\/><\/div>\n\n\n\n<div id=\"wd-7a6fda60\" class=\"wp-block-wd-container wd-dir-col wd-align-is-lg-start\">\n<h2 id=\"wd-a354b41e\" class=\"wp-block-wd-title title wd-align\"><strong>Ges\u00fcnderes Arbeitsumfeld<\/strong>\u00a0mit weniger Ersch\u00f6pfung<\/h2>\n<\/div>\n<\/div>\n<\/div>\n<\/div>\n\n\n\n<div id=\"wd-ab313ea3\" class=\"wp-block-wd-carousel-item wd-carousel-item\">\n<div id=\"wd-eb80be85\" class=\"wp-block-wd-container wd-dir-col wd-align-is-lg-start\">\n<div id=\"wd-01b339af\" class=\"wp-block-wd-infobox wd-hover-parent wd-align wd-icon-start\">\n<div id=\"wd-45018312\" class=\"wp-block-wd-icon\"><img loading=\"lazy\" decoding=\"async\" width=\"48\" height=\"48\" class=\"wp-image-647\" src=\"https:\/\/ccs-fabricframe.de\/wp-content\/uploads\/2025\/05\/Icon_Pt1788_Rot_Expertise.svg\" alt=\"Icon Expertise\"\/><\/div>\n\n\n\n<div id=\"wd-1a18828c\" class=\"wp-block-wd-container wd-dir-col wd-align-is-lg-start\">\n<h2 id=\"wd-8e5402a1\" class=\"wp-block-wd-title title wd-align\"><strong><strong>Positiver erster Eindruck<\/strong><\/strong>\u00a0f\u00fcr Kunden &amp; Bewerber<\/h2>\n<\/div>\n<\/div>\n<\/div>\n<\/div>\n<\/div><\/div><div class=\"wd-nav-arrows wd-pos-sep wd-hover-1 wd-icon-1\"><div class=\"wd-btn-arrow wd-prev\"><div class=\"wd-arrow-inner\"><\/div><\/div><div class=\"wd-btn-arrow wd-next\"><div class=\"wd-arrow-inner\"><\/div><\/div><\/div><\/div><div class=\"wd-nav-pagin-wrap text-center wd-style-shape\"><ul class=\"wd-nav-pagin\"><\/ul><\/div><\/div>\n\n\n\n<figure class=\"wp-block-image size-full\"><img decoding=\"async\" src=\"https:\/\/ccs-fabricframe.de\/wp-content\/uploads\/2026\/01\/image-16.png\" alt=\"\" class=\"wp-image-7043\"\/><\/figure>\n\n\n\n<h3 class=\"wp-block-heading has-text-align-center\"><strong>6 Schritte zur idealen B\u00fcrogestaltung<\/strong>&nbsp;<\/h3>\n\n\n\n<div id=\"wd-9e8e2104\" class=\"wp-block-wd-row wd-align-s-center\">\n<div id=\"wd-0cb18b6b\" class=\"wp-block-wd-column\">\n<p id=\"wd-95012de7\" class=\"wp-block-wd-paragraph\">Damit Akustik und B\u00fcroeinrichtung perfekt zusammenspielen, hilft ein strukturiertes Vorgehen. Dabei k\u00f6nnt ihr euch selber erste Gedanken machen, oder euch direkt von mir und meinen Kollegen beraten lassen.&nbsp;<\/p>\n\n\n\n<p id=\"wd-c78883df\" class=\"wp-block-wd-paragraph\">So entsteht&nbsp;von&nbsp;Grundauf&nbsp;ein B\u00fcro, das funktional, ruhig und inspirierend ist.&nbsp;Nat\u00fcrlich profitieren auch bestehende Offices von einem&nbsp;Make-Over mit akustisch wirksamen Elementen, die auch im Nachhinein ohne Probleme oder Umbauarbeiten platziert werden k\u00f6nnen.&nbsp;<\/p>\n\n\n\n<a id=\"wd-f0a74289\" class=\"wp-block-wd-button btn btn-style-default btn-size-default btn-shape-semi-round wd-align-s-center\"><span>Get advice now<\/span><\/a>\n<\/div>\n\n\n\n<div id=\"wd-a0133f5d\" class=\"wp-block-wd-column wd-align-is-lg-flex-start wd-align-s-center\">\n<ol start=\"1\" class=\"wp-block-list\">\n<li>Ist-Analyse der Akustik&nbsp;<\/li>\n\n\n\n<li>Definition der Arbeitszonen&nbsp;<\/li>\n\n\n\n<li>Farb- und Materialkonzept&nbsp;<\/li>\n\n\n\n<li>Auswahl geeigneter Akustikelemente&nbsp;<\/li>\n\n\n\n<li>M\u00f6blierung &amp; Zonierung&nbsp;<\/li>\n\n\n\n<li>\u00dcberpr\u00fcfung &amp; Feinschliff&nbsp;<\/li>\n<\/ol>\n<\/div>\n<\/div>\n\n\n\n<figure class=\"wp-block-image size-full\"><img decoding=\"async\" src=\"https:\/\/ccs-fabricframe.de\/wp-content\/uploads\/2026\/01\/image-17.png\" alt=\"\" class=\"wp-image-7044\"\/><\/figure>\n\n\n\n<h2 class=\"wp-block-heading\"><strong>Fazit: B\u00fcrogestaltung, die Akustik und Design vereint<\/strong>&nbsp;<\/h2>\n\n\n\n<p id=\"wd-4466dc3f\" class=\"wp-block-wd-paragraph\">Moderne&nbsp;<em>B\u00fcroeinrichtung<\/em>&nbsp;muss nicht nur gut aussehen \u2013 sie muss wirken.&nbsp;<br>Mit der richtigen Kombination&nbsp;aus&nbsp;einer klaren Designstrategie&nbsp;und akustisch wirksamen Helfern&nbsp;entsteht ein Raum, der Produktivit\u00e4t, Gesundheit und Wohlbefinden st\u00e4rkt.&nbsp;<\/p>\n\n\n\n<p id=\"wd-0b7d4afe\" class=\"wp-block-wd-paragraph\">Akustik ist heute kein Nebenthema mehr, denn&nbsp;sie ist die Basis f\u00fcr jedes erfolgreiche&nbsp;<em>Office Design<\/em>.&nbsp;<\/p>\n\n\n\n<p>Ein gut geplanter Raum klingt nicht nur besser \u2013 er arbeitet f\u00fcr uns.&nbsp;<\/p>\n\n\n\n<div id=\"wd-0fa8da02\" class=\"wp-block-wd-row wd-align-s-center\">\n<div id=\"wd-e51c033e\" class=\"wp-block-wd-column\">\n<div id=\"wd-a81277d3\" class=\"wp-block-wd-container wd-dir-col wd-dir-col-md wd-custom-width\">\n<h2 id=\"wd-a9a02e47\" class=\"wp-block-wd-title title\">Lasst uns eure B\u00fcros umgestalten!<\/h2>\n<\/div>\n\n\n\n<p id=\"wd-08fd0ebe\" class=\"wp-block-wd-paragraph\">Gerne berate ich euch zu unseren Produkten und setze eure innovativen Ideen mit unseren L\u00f6sungen in die Realit\u00e4t um! Auf geht&#8217;s in einen neuen Arbeitsalltag!<\/p>\n\n\n\n<h2 id=\"wd-f8e3fbc0\" class=\"wp-block-wd-title title\">David Litwak<\/h2>\n\n\n\n<h2 id=\"wd-fc47daf3\" class=\"wp-block-wd-title title\">Sales Manager<\/h2>\n\n\n\n<a id=\"wd-33d20de0\" class=\"wp-block-wd-button btn btn-style-default btn-size-default btn-shape-semi-round\" href=\"https:\/\/outlook.office.com\/book\/CCSDavidLitwak@ccs-digital.de\/\"><span>Beratung buchen<\/span><\/a>\n<\/div>\n\n\n\n<div id=\"wd-2e4a6221\" class=\"wp-block-wd-column wd-align-is-lg-flex-end wd-align-s-center\">\n<div id=\"wd-82b4503f\" class=\"wp-block-wd-image wd-block-image\"><img loading=\"lazy\" decoding=\"async\" width=\"800\" height=\"800\" class=\"wp-image-4347\" src=\"https:\/\/ccs-fabricframe.de\/wp-content\/uploads\/2025\/07\/CCS_Team_Vertrieb_David_Litwak.webp\" alt=\"David Litwak\" srcset=\"https:\/\/ccs-fabricframe.de\/wp-content\/uploads\/2025\/07\/CCS_Team_Vertrieb_David_Litwak.webp 800w, https:\/\/ccs-fabricframe.de\/wp-content\/uploads\/2025\/07\/CCS_Team_Vertrieb_David_Litwak-300x300.webp 300w, https:\/\/ccs-fabricframe.de\/wp-content\/uploads\/2025\/07\/CCS_Team_Vertrieb_David_Litwak-150x150.webp 150w, https:\/\/ccs-fabricframe.de\/wp-content\/uploads\/2025\/07\/CCS_Team_Vertrieb_David_Litwak-768x768.webp 768w, https:\/\/ccs-fabricframe.de\/wp-content\/uploads\/2025\/07\/CCS_Team_Vertrieb_David_Litwak-600x600.webp 600w\" sizes=\"auto, (max-width: 800px) 100vw, 800px\" \/><\/div>\n<\/div>\n<\/div>","protected":false},"excerpt":{"rendered":"<p>Grundlagen einer guten B\u00fcrogestaltung&nbsp; Ergonomie als Grundlage f\u00fcr Produktivit\u00e4t&nbsp; Wie Farben die Arbeitsatmosph\u00e4re beeinflussen&nbsp; Dekorative Elemente als funktionale Akustikhelfer&nbsp; Warum<\/p>","protected":false},"author":6,"featured_media":7595,"comment_status":"closed","ping_status":"closed","sticky":false,"template":"","format":"standard","meta":{"footnotes":""},"categories":[216],"tags":[],"class_list":["post-7024","post","type-post","status-publish","format-standard","has-post-thumbnail","hentry","category-bueroakustik"],"yoast_head":"<!-- This site is optimized with the Yoast SEO plugin v27.3 - https:\/\/yoast.com\/product\/yoast-seo-wordpress\/ -->\n<title>So geht modernes Office Design - CCS Fabric Frame<\/title>\n<meta name=\"description\" content=\"Wie integriert ihr Farben, Formen und besondere Anforderungen eurer Immobilie in ein harmonisches Office-Design? Wir zeigen es euch!\" \/>\n<meta name=\"robots\" content=\"index, follow, max-snippet:-1, max-image-preview:large, max-video-preview:-1\" \/>\n<link rel=\"canonical\" href=\"https:\/\/ccs-fabricframe.de\/en\/buerogestaltung-neu-denken\/\" \/>\n<meta property=\"og:locale\" content=\"en_US\" \/>\n<meta property=\"og:type\" content=\"article\" \/>\n<meta property=\"og:title\" content=\"So geht modernes Office Design - CCS Fabric Frame\" \/>\n<meta property=\"og:description\" content=\"Wie integriert ihr Farben, Formen und besondere Anforderungen eurer Immobilie in ein harmonisches Office-Design? Wir zeigen es euch!\" \/>\n<meta property=\"og:url\" content=\"https:\/\/ccs-fabricframe.de\/en\/buerogestaltung-neu-denken\/\" \/>\n<meta property=\"og:site_name\" content=\"CCS Fabric Frame\" \/>\n<meta property=\"article:published_time\" content=\"2026-01-26T12:42:20+00:00\" \/>\n<meta property=\"article:modified_time\" content=\"2026-04-01T09:49:19+00:00\" \/>\n<meta property=\"og:image\" content=\"https:\/\/ccs-fabricframe.de\/wp-content\/uploads\/2026\/04\/CCS_akustik_header_02.webp\" \/>\n\t<meta property=\"og:image:width\" content=\"2000\" \/>\n\t<meta property=\"og:image:height\" content=\"1333\" \/>\n\t<meta property=\"og:image:type\" content=\"image\/webp\" \/>\n<meta name=\"author\" content=\"Franziska\" \/>\n<meta name=\"twitter:card\" content=\"summary_large_image\" \/>\n<meta name=\"twitter:label1\" content=\"Written by\" \/>\n\t<meta name=\"twitter:data1\" content=\"Franziska\" \/>\n\t<meta name=\"twitter:label2\" content=\"Est. reading time\" \/>\n\t<meta name=\"twitter:data2\" content=\"15 minutes\" \/>\n<script type=\"application\/ld+json\" class=\"yoast-schema-graph\">{\"@context\":\"https:\\\/\\\/schema.org\",\"@graph\":[{\"@type\":\"Article\",\"@id\":\"https:\\\/\\\/ccs-fabricframe.de\\\/buerogestaltung-neu-denken\\\/#article\",\"isPartOf\":{\"@id\":\"https:\\\/\\\/ccs-fabricframe.de\\\/buerogestaltung-neu-denken\\\/\"},\"author\":{\"name\":\"Franziska\",\"@id\":\"https:\\\/\\\/ccs-fabricframe.de\\\/#\\\/schema\\\/person\\\/9919b8463e90c461712ee515c3721f79\"},\"headline\":\"B\u00fcrogestaltung neu denken mit CCS:\u00a0So geht modernes Office Design\",\"datePublished\":\"2026-01-26T12:42:20+00:00\",\"dateModified\":\"2026-04-01T09:49:19+00:00\",\"mainEntityOfPage\":{\"@id\":\"https:\\\/\\\/ccs-fabricframe.de\\\/buerogestaltung-neu-denken\\\/\"},\"wordCount\":2208,\"publisher\":{\"@id\":\"https:\\\/\\\/ccs-fabricframe.de\\\/#organization\"},\"image\":{\"@id\":\"https:\\\/\\\/ccs-fabricframe.de\\\/buerogestaltung-neu-denken\\\/#primaryimage\"},\"thumbnailUrl\":\"https:\\\/\\\/ccs-fabricframe.de\\\/wp-content\\\/uploads\\\/2026\\\/04\\\/CCS_akustik_header_02.webp\",\"articleSection\":[\"B\u00fcroakustik\"],\"inLanguage\":\"en-US\"},{\"@type\":\"WebPage\",\"@id\":\"https:\\\/\\\/ccs-fabricframe.de\\\/buerogestaltung-neu-denken\\\/\",\"url\":\"https:\\\/\\\/ccs-fabricframe.de\\\/buerogestaltung-neu-denken\\\/\",\"name\":\"So geht modernes Office Design - CCS Fabric Frame\",\"isPartOf\":{\"@id\":\"https:\\\/\\\/ccs-fabricframe.de\\\/#website\"},\"primaryImageOfPage\":{\"@id\":\"https:\\\/\\\/ccs-fabricframe.de\\\/buerogestaltung-neu-denken\\\/#primaryimage\"},\"image\":{\"@id\":\"https:\\\/\\\/ccs-fabricframe.de\\\/buerogestaltung-neu-denken\\\/#primaryimage\"},\"thumbnailUrl\":\"https:\\\/\\\/ccs-fabricframe.de\\\/wp-content\\\/uploads\\\/2026\\\/04\\\/CCS_akustik_header_02.webp\",\"datePublished\":\"2026-01-26T12:42:20+00:00\",\"dateModified\":\"2026-04-01T09:49:19+00:00\",\"description\":\"Wie integriert ihr Farben, Formen und besondere Anforderungen eurer Immobilie in ein harmonisches Office-Design? Wir zeigen es euch!\",\"breadcrumb\":{\"@id\":\"https:\\\/\\\/ccs-fabricframe.de\\\/buerogestaltung-neu-denken\\\/#breadcrumb\"},\"inLanguage\":\"en-US\",\"potentialAction\":[{\"@type\":\"ReadAction\",\"target\":[\"https:\\\/\\\/ccs-fabricframe.de\\\/buerogestaltung-neu-denken\\\/\"]}]},{\"@type\":\"ImageObject\",\"inLanguage\":\"en-US\",\"@id\":\"https:\\\/\\\/ccs-fabricframe.de\\\/buerogestaltung-neu-denken\\\/#primaryimage\",\"url\":\"https:\\\/\\\/ccs-fabricframe.de\\\/wp-content\\\/uploads\\\/2026\\\/04\\\/CCS_akustik_header_02.webp\",\"contentUrl\":\"https:\\\/\\\/ccs-fabricframe.de\\\/wp-content\\\/uploads\\\/2026\\\/04\\\/CCS_akustik_header_02.webp\",\"width\":2000,\"height\":1333},{\"@type\":\"BreadcrumbList\",\"@id\":\"https:\\\/\\\/ccs-fabricframe.de\\\/buerogestaltung-neu-denken\\\/#breadcrumb\",\"itemListElement\":[{\"@type\":\"ListItem\",\"position\":1,\"name\":\"Startseite\",\"item\":\"https:\\\/\\\/ccs-fabricframe.de\\\/\"},{\"@type\":\"ListItem\",\"position\":2,\"name\":\"B\u00fcrogestaltung neu denken mit CCS:\u00a0So geht modernes Office Design\"}]},{\"@type\":\"WebSite\",\"@id\":\"https:\\\/\\\/ccs-fabricframe.de\\\/#website\",\"url\":\"https:\\\/\\\/ccs-fabricframe.de\\\/\",\"name\":\"CCS Fabric Frame\",\"description\":\"Print. Shape. Impress.\",\"publisher\":{\"@id\":\"https:\\\/\\\/ccs-fabricframe.de\\\/#organization\"},\"potentialAction\":[{\"@type\":\"SearchAction\",\"target\":{\"@type\":\"EntryPoint\",\"urlTemplate\":\"https:\\\/\\\/ccs-fabricframe.de\\\/?s={search_term_string}\"},\"query-input\":{\"@type\":\"PropertyValueSpecification\",\"valueRequired\":true,\"valueName\":\"search_term_string\"}}],\"inLanguage\":\"en-US\"},{\"@type\":\"Organization\",\"@id\":\"https:\\\/\\\/ccs-fabricframe.de\\\/#organization\",\"name\":\"CCS fabric frame\",\"alternateName\":\"CCS\",\"url\":\"https:\\\/\\\/ccs-fabricframe.de\\\/\",\"logo\":{\"@type\":\"ImageObject\",\"inLanguage\":\"en-US\",\"@id\":\"https:\\\/\\\/ccs-fabricframe.de\\\/#\\\/schema\\\/logo\\\/image\\\/\",\"url\":\"https:\\\/\\\/ccs-fabricframe.de\\\/wp-content\\\/uploads\\\/2025\\\/06\\\/Lg_CCS-Fabfra_RedBlack_rgb_EE2737-1E1E1E-1.svg\",\"contentUrl\":\"https:\\\/\\\/ccs-fabricframe.de\\\/wp-content\\\/uploads\\\/2025\\\/06\\\/Lg_CCS-Fabfra_RedBlack_rgb_EE2737-1E1E1E-1.svg\",\"width\":459,\"height\":255,\"caption\":\"CCS fabric frame\"},\"image\":{\"@id\":\"https:\\\/\\\/ccs-fabricframe.de\\\/#\\\/schema\\\/logo\\\/image\\\/\"},\"sameAs\":[\"https:\\\/\\\/www.instagram.com\\\/ccsfabricframe\\\/\",\"https:\\\/\\\/www.linkedin.com\\\/company\\\/ccs-fabricframe\\\/\"]},{\"@type\":\"Person\",\"@id\":\"https:\\\/\\\/ccs-fabricframe.de\\\/#\\\/schema\\\/person\\\/9919b8463e90c461712ee515c3721f79\",\"name\":\"Franziska\",\"url\":\"https:\\\/\\\/ccs-fabricframe.de\\\/en\\\/author\\\/tssq7kmkhdrb\\\/\"}]}<\/script>\n<!-- \/ Yoast SEO plugin. -->","yoast_head_json":{"title":"So geht modernes Office Design - CCS Fabric Frame","description":"Wie integriert ihr Farben, Formen und besondere Anforderungen eurer Immobilie in ein harmonisches Office-Design? Wir zeigen es euch!","robots":{"index":"index","follow":"follow","max-snippet":"max-snippet:-1","max-image-preview":"max-image-preview:large","max-video-preview":"max-video-preview:-1"},"canonical":"https:\/\/ccs-fabricframe.de\/en\/buerogestaltung-neu-denken\/","og_locale":"en_US","og_type":"article","og_title":"So geht modernes Office Design - CCS Fabric Frame","og_description":"Wie integriert ihr Farben, Formen und besondere Anforderungen eurer Immobilie in ein harmonisches Office-Design? Wir zeigen es euch!","og_url":"https:\/\/ccs-fabricframe.de\/en\/buerogestaltung-neu-denken\/","og_site_name":"CCS Fabric Frame","article_published_time":"2026-01-26T12:42:20+00:00","article_modified_time":"2026-04-01T09:49:19+00:00","og_image":[{"width":2000,"height":1333,"url":"https:\/\/ccs-fabricframe.de\/wp-content\/uploads\/2026\/04\/CCS_akustik_header_02.webp","type":"image\/webp"}],"author":"Franziska","twitter_card":"summary_large_image","twitter_misc":{"Written by":"Franziska","Est. reading time":"15 minutes"},"schema":{"@context":"https:\/\/schema.org","@graph":[{"@type":"Article","@id":"https:\/\/ccs-fabricframe.de\/buerogestaltung-neu-denken\/#article","isPartOf":{"@id":"https:\/\/ccs-fabricframe.de\/buerogestaltung-neu-denken\/"},"author":{"name":"Franziska","@id":"https:\/\/ccs-fabricframe.de\/#\/schema\/person\/9919b8463e90c461712ee515c3721f79"},"headline":"B\u00fcrogestaltung neu denken mit CCS:\u00a0So geht modernes Office Design","datePublished":"2026-01-26T12:42:20+00:00","dateModified":"2026-04-01T09:49:19+00:00","mainEntityOfPage":{"@id":"https:\/\/ccs-fabricframe.de\/buerogestaltung-neu-denken\/"},"wordCount":2208,"publisher":{"@id":"https:\/\/ccs-fabricframe.de\/#organization"},"image":{"@id":"https:\/\/ccs-fabricframe.de\/buerogestaltung-neu-denken\/#primaryimage"},"thumbnailUrl":"https:\/\/ccs-fabricframe.de\/wp-content\/uploads\/2026\/04\/CCS_akustik_header_02.webp","articleSection":["B\u00fcroakustik"],"inLanguage":"en-US"},{"@type":"WebPage","@id":"https:\/\/ccs-fabricframe.de\/buerogestaltung-neu-denken\/","url":"https:\/\/ccs-fabricframe.de\/buerogestaltung-neu-denken\/","name":"So geht modernes Office Design - CCS Fabric Frame","isPartOf":{"@id":"https:\/\/ccs-fabricframe.de\/#website"},"primaryImageOfPage":{"@id":"https:\/\/ccs-fabricframe.de\/buerogestaltung-neu-denken\/#primaryimage"},"image":{"@id":"https:\/\/ccs-fabricframe.de\/buerogestaltung-neu-denken\/#primaryimage"},"thumbnailUrl":"https:\/\/ccs-fabricframe.de\/wp-content\/uploads\/2026\/04\/CCS_akustik_header_02.webp","datePublished":"2026-01-26T12:42:20+00:00","dateModified":"2026-04-01T09:49:19+00:00","description":"Wie integriert ihr Farben, Formen und besondere Anforderungen eurer Immobilie in ein harmonisches Office-Design? Wir zeigen es euch!","breadcrumb":{"@id":"https:\/\/ccs-fabricframe.de\/buerogestaltung-neu-denken\/#breadcrumb"},"inLanguage":"en-US","potentialAction":[{"@type":"ReadAction","target":["https:\/\/ccs-fabricframe.de\/buerogestaltung-neu-denken\/"]}]},{"@type":"ImageObject","inLanguage":"en-US","@id":"https:\/\/ccs-fabricframe.de\/buerogestaltung-neu-denken\/#primaryimage","url":"https:\/\/ccs-fabricframe.de\/wp-content\/uploads\/2026\/04\/CCS_akustik_header_02.webp","contentUrl":"https:\/\/ccs-fabricframe.de\/wp-content\/uploads\/2026\/04\/CCS_akustik_header_02.webp","width":2000,"height":1333},{"@type":"BreadcrumbList","@id":"https:\/\/ccs-fabricframe.de\/buerogestaltung-neu-denken\/#breadcrumb","itemListElement":[{"@type":"ListItem","position":1,"name":"Startseite","item":"https:\/\/ccs-fabricframe.de\/"},{"@type":"ListItem","position":2,"name":"B\u00fcrogestaltung neu denken mit CCS:\u00a0So geht modernes Office Design"}]},{"@type":"WebSite","@id":"https:\/\/ccs-fabricframe.de\/#website","url":"https:\/\/ccs-fabricframe.de\/","name":"CCS Fabric Frame","description":"Print. Shape. Impress.","publisher":{"@id":"https:\/\/ccs-fabricframe.de\/#organization"},"potentialAction":[{"@type":"SearchAction","target":{"@type":"EntryPoint","urlTemplate":"https:\/\/ccs-fabricframe.de\/?s={search_term_string}"},"query-input":{"@type":"PropertyValueSpecification","valueRequired":true,"valueName":"search_term_string"}}],"inLanguage":"en-US"},{"@type":"Organization","@id":"https:\/\/ccs-fabricframe.de\/#organization","name":"CCS fabric frame","alternateName":"CCS","url":"https:\/\/ccs-fabricframe.de\/","logo":{"@type":"ImageObject","inLanguage":"en-US","@id":"https:\/\/ccs-fabricframe.de\/#\/schema\/logo\/image\/","url":"https:\/\/ccs-fabricframe.de\/wp-content\/uploads\/2025\/06\/Lg_CCS-Fabfra_RedBlack_rgb_EE2737-1E1E1E-1.svg","contentUrl":"https:\/\/ccs-fabricframe.de\/wp-content\/uploads\/2025\/06\/Lg_CCS-Fabfra_RedBlack_rgb_EE2737-1E1E1E-1.svg","width":459,"height":255,"caption":"CCS fabric frame"},"image":{"@id":"https:\/\/ccs-fabricframe.de\/#\/schema\/logo\/image\/"},"sameAs":["https:\/\/www.instagram.com\/ccsfabricframe\/","https:\/\/www.linkedin.com\/company\/ccs-fabricframe\/"]},{"@type":"Person","@id":"https:\/\/ccs-fabricframe.de\/#\/schema\/person\/9919b8463e90c461712ee515c3721f79","name":"Franziska","url":"https:\/\/ccs-fabricframe.de\/en\/author\/tssq7kmkhdrb\/"}]}},"_links":{"self":[{"href":"https:\/\/ccs-fabricframe.de\/en\/wp-json\/wp\/v2\/posts\/7024","targetHints":{"allow":["GET"]}}],"collection":[{"href":"https:\/\/ccs-fabricframe.de\/en\/wp-json\/wp\/v2\/posts"}],"about":[{"href":"https:\/\/ccs-fabricframe.de\/en\/wp-json\/wp\/v2\/types\/post"}],"author":[{"embeddable":true,"href":"https:\/\/ccs-fabricframe.de\/en\/wp-json\/wp\/v2\/users\/6"}],"replies":[{"embeddable":true,"href":"https:\/\/ccs-fabricframe.de\/en\/wp-json\/wp\/v2\/comments?post=7024"}],"version-history":[{"count":24,"href":"https:\/\/ccs-fabricframe.de\/en\/wp-json\/wp\/v2\/posts\/7024\/revisions"}],"predecessor-version":[{"id":7322,"href":"https:\/\/ccs-fabricframe.de\/en\/wp-json\/wp\/v2\/posts\/7024\/revisions\/7322"}],"wp:featuredmedia":[{"embeddable":true,"href":"https:\/\/ccs-fabricframe.de\/en\/wp-json\/wp\/v2\/media\/7595"}],"wp:attachment":[{"href":"https:\/\/ccs-fabricframe.de\/en\/wp-json\/wp\/v2\/media?parent=7024"}],"wp:term":[{"taxonomy":"category","embeddable":true,"href":"https:\/\/ccs-fabricframe.de\/en\/wp-json\/wp\/v2\/categories?post=7024"},{"taxonomy":"post_tag","embeddable":true,"href":"https:\/\/ccs-fabricframe.de\/en\/wp-json\/wp\/v2\/tags?post=7024"}],"curies":[{"name":"wp","href":"https:\/\/api.w.org\/{rel}","templated":true}]}}