{"id":6713,"date":"2025-10-17T09:28:55","date_gmt":"2025-10-17T07:28:55","guid":{"rendered":"https:\/\/ccs-fabricframe.de\/?p=6713"},"modified":"2025-11-07T12:07:35","modified_gmt":"2025-11-07T11:07:35","slug":"6-trends-im-visual-merchandising-fuer-2026","status":"publish","type":"post","link":"https:\/\/ccs-fabricframe.de\/en\/6-trends-im-visual-merchandising-fuer-2026\/","title":{"rendered":"6 Trends in Visual Merchandising for 2026"},"content":{"rendered":"<div id=\"wd-7cf7d092\" class=\"wp-block-wd-container wd-dir-col\">\n<p id=\"wd-dfe8a4f5\" class=\"wp-block-wd-paragraph\">Der Retail-Markt wandelt sich rasant. Um mit den Online-Gesch\u00e4ften mithalten zu k\u00f6nnen, m\u00fcssen auch im n\u00e4chsten Jahr Wege gefunden werden, um die Kunden nach wie vor zu begeistern, denn: &nbsp;Kunden erwarten nicht mehr nur Produkte, sondern Erlebnisse. Visual Merchandising wird 2026 noch zentraler daf\u00fcr, wie Marken sich am POS pr\u00e4sentieren und wie Retail-Spaces gestaltet werden. Textildrucke und Rahmenl\u00f6sungen bieten dabei eine flexible Basis, die bei einer konstanten Anpassung an neue Bed\u00fcrfnisse immer ganz vorne mit dabei sind. In diesem Artikel pr\u00e4sentieren wir euch sechs Trends, die Retailer im Blick haben sollten \u2013 und wie man sie umsetzen kann.<\/p>\n\n\n\n<p class=\"has-text-align-right has-vivid-red-color has-text-color has-link-color wp-elements-d6fe0a7d7fe0c72054987efa0ef99bd8\"><em><strong>von Christina Dramburg<\/strong> | Account &amp; Project Manager<\/em><\/p>\n<\/div>\n\n\n\n<div id=\"wd-cd98e575\" class=\"wp-block-wd-container wd-dir-col\">\n<h2 class=\"wp-block-heading\">1. Immersive Erlebniswelten &amp; Storytelling am POS<\/h2>\n\n\n\n<p id=\"wd-7dfd1d11\" class=\"wp-block-wd-paragraph\">Was bedeutet das?<\/p>\n\n\n\n<p id=\"wd-b68914d0\" class=\"wp-block-wd-paragraph\">Retail-Stores werden zunehmend zu B\u00fchnen f\u00fcr gelebte Geschichten. Statt isolierter Produktdisplays geht es nun darum, immersive Erlebniszonen zu schaffen: Thematische Sets mit dekorativen Szenografien, die multisensorische Elemente enthalten, die die Kunden zus\u00e4tzlich mit Klang, Licht und Geruch begeistern. POS-Fl\u00e4chen und Retail-Schaufenster dienen nicht mehr nur der reinen Produktpr\u00e4sentation, sondern erz\u00e4hlen Markenwerte und Lifestyle.<\/p>\n\n\n\n<p id=\"wd-a24f6fb5\" class=\"wp-block-wd-paragraph\">Gro\u00dffl\u00e4chige Textilspannrahmen mit hochwertigen Textildrucken erm\u00f6glichen flie\u00dfende R\u00fcckw\u00e4nde, Deckenabh\u00e4ngungen oder Tunnel \u00fcber den Gang, die Teil der Erlebniswelt sind. Durch integrierte Akustikd\u00e4mmungen wird auch f\u00fcr die Ohren eine besondere Atmosph\u00e4re geschaffen.<\/p>\n\n\n\n<p id=\"wd-ee510edd\" class=\"wp-block-wd-paragraph\">Drucke mit echten Bildern, Illustrationen oder Mixed-Media Designs bringen Atmosph\u00e4re und setzten mit Naturmotiven, urbanen Looks oder abstrakter Kunst das passende Setting f\u00fcr euren Store. Eine vollfl\u00e4chige Wandbespannung erm\u00f6glicht etwa nahtlose \u00dcberg\u00e4nge zwischen den W\u00e4nden und farblich perfekt abgestimmte Displays.<\/p>\n\n\n\n<p id=\"wd-5f24f842\" class=\"wp-block-wd-paragraph\">Alternativ hebt <a href=\"https:\/\/ccs-fabricframe.de\/en\/ccs-fabric-frame-das-textilspannrahmen-system\/ccs-led-frame\/\">LED-Beleuchtung<\/a> in den Textilrahmen die Ducke hervor und sorgt f\u00fcr Tiefe und eine realistische Wirkung, die gerade bei besonderen Events f\u00fcr eine hervorragende Immersion in die Produktwelt sorgt.<\/p>\n\n\n\n<p id=\"wd-bc180aeb\" class=\"wp-block-wd-paragraph\">Durch die Nutzung dieser Effekte entsteht f\u00fcr die Kunden ein emotional st\u00e4rkeres Einkaufserlebnis, was sie zu einer h\u00f6heren Verweildauer einl\u00e4dt. Indem ihr eure Markenidentit\u00e4t auch am Point of Sale kommuniziert und pr\u00e4sentiert, differenziert ihr euch&nbsp;vom Wettbewerb. Euer Store verwandelt sich von der reinen Verkaufsstelle zu einer beeindruckenden Markenb\u00fchne.<\/p>\n<\/div>\n\n\n\n<div id=\"wd-780eeadc\" class=\"wp-block-wd-container wd-dir-col\">\n<h2 class=\"wp-block-heading\">2. Personalisierung &amp; lokale Anpassung<\/h2>\n\n\n\n<p id=\"wd-b3652adc\" class=\"wp-block-wd-paragraph\">Warum gewinnt das an Bedeutung?<\/p>\n\n\n\n<p id=\"wd-f7613c4c\" class=\"wp-block-wd-paragraph\">Kunden wollen zunehmend, dass ihre Einkaufserfahrung noch n\u00e4her an ihnen als Personen ist \u2014 nicht so, als bef\u00e4nden sie sich in einem Einzelhandelsgesch\u00e4ft, sondern in einem Umfeld, das ihre kulturellen Bez\u00fcge, Vorlieben oder sogar lokale Besonderheiten ber\u00fccksichtigt. Eine lebhafte Gestaltung mit lokalpatriotischem Touch sorgt auch in tourismusstarken Gegenden f\u00fcr virale Verbreitung: <a>Wie w\u00e4re es also mit einem freundlichen \u201eMoin\u201c im Eingangsbereich, einem \u201eKiekste, wa?\u201c an der Scheibe oder einem \u201eEt h\u00e4tt noch immer jott jegange\u201c im Kassenbereich?<\/a><\/p>\n\n\n\n<p id=\"wd-1b6a3a9f\" class=\"wp-block-wd-paragraph\">Textilspannrahmensysteme erm\u00f6glichen euch eine einheitliche Ausstattung in allen Filialen, die ihr je nach Standort \u00fcber die unterschiedlichen Drucke variieren k\u00f6nnt: Bildmotive und Ansprache k\u00f6nnen so ganz einfach je nach Stadt oder Zielgruppe variiert werden. Noch besser: Durch die schnelle Austauschbarkeit ohne gro\u00dfen Aufwand lassen sich lokale Events und saisonale Besonderheiten wie zum Beispiel Eventdrucke f\u00fcrs Oktoberfest oder Weihnachten im Handumdrehen auch am POS widerspiegeln.<\/p>\n<\/div>\n\n\n\n<figure class=\"wp-block-image size-full\"><img loading=\"lazy\" decoding=\"async\" width=\"1024\" height=\"1024\" src=\"https:\/\/ccs-fabricframe.de\/wp-content\/uploads\/2025\/10\/CCS_blog_retail_POS_Trends_01.webp\" alt=\"Textildruck als Vorhang im Schaufenster einer Boutique als Teil des Visual Merchandising\" class=\"wp-image-6784\" srcset=\"https:\/\/ccs-fabricframe.de\/wp-content\/uploads\/2025\/10\/CCS_blog_retail_POS_Trends_01.webp 1024w, https:\/\/ccs-fabricframe.de\/wp-content\/uploads\/2025\/10\/CCS_blog_retail_POS_Trends_01-300x300.webp 300w, https:\/\/ccs-fabricframe.de\/wp-content\/uploads\/2025\/10\/CCS_blog_retail_POS_Trends_01-150x150.webp 150w, https:\/\/ccs-fabricframe.de\/wp-content\/uploads\/2025\/10\/CCS_blog_retail_POS_Trends_01-768x768.webp 768w, https:\/\/ccs-fabricframe.de\/wp-content\/uploads\/2025\/10\/CCS_blog_retail_POS_Trends_01-12x12.webp 12w, https:\/\/ccs-fabricframe.de\/wp-content\/uploads\/2025\/10\/CCS_blog_retail_POS_Trends_01-600x600.webp 600w\" sizes=\"auto, (max-width: 1024px) 100vw, 1024px\" \/><\/figure>\n\n\n\n<div id=\"wd-ad0ca8c1\" class=\"wp-block-wd-container wd-dir-col\">\n<h2 class=\"wp-block-heading\">3. Nachhaltigkeit &amp; Materialien mit Mehrwert<\/h2>\n\n\n\n<p id=\"wd-32cb1124\" class=\"wp-block-wd-paragraph\"><a href=\"https:\/\/ccs-fabricframe.de\/en\/ueber-uns\/nachhaltigkeit\/\">Umweltbewusstsein <\/a>als Trend im Retail<\/p>\n\n\n\n<p id=\"wd-48ef66c4\" class=\"wp-block-wd-paragraph\">Immer mehr Konsumenten bewerten Marken danach, wie nachhaltig und umweltbewusst sie sind. Dies spiegelt sich nicht nur in Produkten wider, sondern auch in der Pr\u00e4sentation im Store: Wie werden die POS-Displays produziert, welche Materialien werden verwendet und wie nachhaltig werden diese produziert beziehungsweise, wie k\u00f6nnen diese wiederverwendet werden?<\/p>\n\n\n\n<p id=\"wd-21601861\" class=\"wp-block-wd-paragraph\">Alle unsere Drucktechniken k\u00f6nnen auf recycelten Textilien in CCS-Qualit\u00e4t angewendet werden. Unsere <a href=\"https:\/\/ccs-fabricframe.de\/en\/ccs-fabric-frame-das-textilspannrahmen-system\/\">Textilspannrahmen <\/a>selbst sind \u00fcber Jahrzehnte wiederverwendbar \u2013 gemacht f\u00fcr die Ewigkeit \u2013 und trotzdem ist das Aluminium mittlerweile ebenfalls recycelbar. Einmal aufgestellt muss nun aber nur noch das Tuch gewechselt werden und schon bietet ihr euren Kunden ein v\u00f6llig neues Einkaufserlebnis oder pr\u00e4sentiert eure aktuelle Kampagne.<\/p>\n\n\n\n<p id=\"wd-43bf0c72\" class=\"wp-block-wd-paragraph\">Unsere Druckverfahren sind ebenfalls m\u00f6glichst nachhaltig: Unsere Tinten enthalten keine L\u00f6semittel und sind somit auch f\u00fcr die Endkunden frei von Ausd\u00fcnstungen.<\/p>\n\n\n\n<p id=\"wd-cb92f2a3\" class=\"wp-block-wd-paragraph\">Und f\u00fcr mehrj\u00e4hrige Displays: Unsere Sublimationsdrucke sind lichtbest\u00e4ndig und waschbar und k\u00f6nnen somit nach einer Maschinenw\u00e4sche in Null-komma-nichts wieder wie neu aussehen.<\/p>\n<\/div>\n\n\n\n<div id=\"wd-968fdb71\" class=\"wp-block-wd-section\">\n<div id=\"wd-7109074b\" class=\"wp-block-wd-row\">\n<div id=\"wd-c24bd181\" class=\"wp-block-wd-column\">\t\t\t<div id=\"wd-5943103e\" class=\"wd-products-element\">\n\t\t\t\n\t\t\n\t\t\t\t\t<div class=\"products wd-products  grid-columns-5 elements-grid wd-grid-g\" data-paged=\"1\" data-atts=\"{&quot;speed&quot;:5000,&quot;slides_per_view&quot;:&quot;5&quot;,&quot;wrap&quot;:&quot;no&quot;,&quot;hide_pagination_control&quot;:&quot;yes&quot;,&quot;hide_pagination_control_tablet&quot;:&quot;no&quot;,&quot;hide_pagination_control_mobile&quot;:&quot;no&quot;,&quot;hide_prev_next_buttons&quot;:&quot;no&quot;,&quot;hide_prev_next_buttons_tablet&quot;:&quot;no&quot;,&quot;hide_prev_next_buttons_mobile&quot;:&quot;no&quot;,&quot;spacing&quot;:&quot;10&quot;,&quot;sync_parent_id&quot;:&quot;wd_1f73009d&quot;,&quot;taxonomies&quot;:&quot;24&quot;,&quot;items_per_page&quot;:&quot;5&quot;,&quot;columns&quot;:5,&quot;products_different_sizes&quot;:&quot;disable&quot;,&quot;el_id&quot;:&quot;wd-5943103e&quot;,&quot;force_not_ajax&quot;:&quot;no&quot;}\" data-source=\"shortcode\" data-columns=\"5\" data-grid-gallery=\"\" style=\"--wd-col-lg:5;--wd-col-md:4;--wd-col-sm:2;--wd-gap-lg:10px;\">\n\t\t\t<div class=\"wd-product wd-hover-button wd-col product-grid-item product type-product post-6062 status-publish instock product_cat-acoustic-frame product_cat-acoustic-frame-produkt product_cat-akustik product_cat-event product_cat-healthcare product_cat-hospitality product_cat-keder product_cat-messebau product_cat-interior product_cat-produkt product_cat-retail-ladenbau product_cat-sublimation product_tag-acoustic-frame product_tag-akustik product_tag-decke product_tag-wandmontiert has-post-thumbnail shipping-taxable product-type-simple\" data-loop=\"1\" data-id=\"6062\">\n\t\n\t\n<div class=\"product-wrapper\">\n\t<div class=\"product-element-top wd-quick-shop\">\n\t\t<a href=\"https:\/\/ccs-fabricframe.de\/en\/product\/acoustic-frame\/\" class=\"product-image-link\">\n\t\t\t<img loading=\"lazy\" decoding=\"async\" width=\"300\" height=\"300\" src=\"https:\/\/ccs-fabricframe.de\/wp-content\/uploads\/2025\/08\/CCS_fabric_frame_produkt_acoustic_frame_5-300x300.webp\" class=\"attachment-woocommerce_thumbnail size-woocommerce_thumbnail\" alt=\"CCS Acoustic Frame als Wandbild in einem Aufenthaltsbereich\" srcset=\"https:\/\/ccs-fabricframe.de\/wp-content\/uploads\/2025\/08\/CCS_fabric_frame_produkt_acoustic_frame_5-300x300.webp 300w, https:\/\/ccs-fabricframe.de\/wp-content\/uploads\/2025\/08\/CCS_fabric_frame_produkt_acoustic_frame_5-150x150.webp 150w, https:\/\/ccs-fabricframe.de\/wp-content\/uploads\/2025\/08\/CCS_fabric_frame_produkt_acoustic_frame_5-768x768.webp 768w, https:\/\/ccs-fabricframe.de\/wp-content\/uploads\/2025\/08\/CCS_fabric_frame_produkt_acoustic_frame_5-12x12.webp 12w, https:\/\/ccs-fabricframe.de\/wp-content\/uploads\/2025\/08\/CCS_fabric_frame_produkt_acoustic_frame_5-600x600.webp 600w, https:\/\/ccs-fabricframe.de\/wp-content\/uploads\/2025\/08\/CCS_fabric_frame_produkt_acoustic_frame_5.webp 800w\" sizes=\"auto, (max-width: 300px) 100vw, 300px\" \/>\t\t<\/a>\n\n\t\t\t\t\t<div class=\"hover-img\">\n\t\t\t\t<a href=\"https:\/\/ccs-fabricframe.de\/en\/product\/acoustic-frame\/\" aria-label=\"Product image\">\n\t\t\t\t\t<img loading=\"lazy\" decoding=\"async\" width=\"300\" height=\"300\" src=\"https:\/\/ccs-fabricframe.de\/wp-content\/uploads\/2025\/08\/CCS_fabric_frame_produkt_acoustic_frame_a-300x300.webp\" class=\"attachment-woocommerce_thumbnail size-woocommerce_thumbnail\" alt=\"CCS Acoustic Frame als Wandbild in einem Caf\u00e9\" srcset=\"https:\/\/ccs-fabricframe.de\/wp-content\/uploads\/2025\/08\/CCS_fabric_frame_produkt_acoustic_frame_a-300x300.webp 300w, https:\/\/ccs-fabricframe.de\/wp-content\/uploads\/2025\/08\/CCS_fabric_frame_produkt_acoustic_frame_a-150x150.webp 150w, https:\/\/ccs-fabricframe.de\/wp-content\/uploads\/2025\/08\/CCS_fabric_frame_produkt_acoustic_frame_a-768x768.webp 768w, https:\/\/ccs-fabricframe.de\/wp-content\/uploads\/2025\/08\/CCS_fabric_frame_produkt_acoustic_frame_a-12x12.webp 12w, https:\/\/ccs-fabricframe.de\/wp-content\/uploads\/2025\/08\/CCS_fabric_frame_produkt_acoustic_frame_a-600x600.webp 600w, https:\/\/ccs-fabricframe.de\/wp-content\/uploads\/2025\/08\/CCS_fabric_frame_produkt_acoustic_frame_a.webp 800w\" sizes=\"auto, (max-width: 300px) 100vw, 300px\" \/>\t\t\t\t<\/a>\n\t\t\t<\/div>\n\t\t\t\n\t\t<div class=\"wd-add-btn wd-add-btn-replace\">\n\t\t\t<a href=\"https:\/\/ccs-fabricframe.de\/en\/product\/acoustic-frame\/\" aria-describedby=\"woocommerce_loop_add_to_cart_link_describedby_6062\" data-quantity=\"1\" class=\"button product_type_simple add-to-cart-loop\" data-product_id=\"6062\" data-product_sku=\"\" aria-label=\"Read more about \u201cAcoustic frame\u201d\" rel=\"nofollow\" data-success_message=\"\" data-no-translation-aria-label=\"\"><span data-no-translation=\"\" data-trp-gettext=\"\">Read more<\/span><\/a>\t<span id=\"woocommerce_loop_add_to_cart_link_describedby_6062\" class=\"screen-reader-text\">\n\t\t\t<\/span>\n\t\t<\/div>\n\n\t\t<div class=\"wd-buttons wd-pos-r-t\">\n\t\t\t\t\t\t\t\t\t\t\t<div class=\"quick-view wd-action-btn wd-style-icon wd-quick-view-icon\">\n\t\t\t<a\n\t\t\t\thref=\"https:\/\/ccs-fabricframe.de\/en\/product\/acoustic-frame\/\"\n\t\t\t\tclass=\"open-quick-view quick-view-button\"\n\t\t\t\trel=\"nofollow\"\n\t\t\t\tdata-id=\"6062\"\n\t\t\t\t>Quick view<\/a>\n\t\t<\/div>\n\t\t\t\t\t\t\t<\/div>\n\t<\/div>\n\t\t\t\t\t<h3 class=\"wd-entities-title\"><a href=\"https:\/\/ccs-fabricframe.de\/en\/product\/acoustic-frame\/\">Acoustic frame<\/a><\/h3>\t\t\t\t\t\t\n\n\t\t\n\t\t\n\t\t\t<\/div>\n<\/div>\n<div class=\"wd-product wd-hover-button wd-col product-grid-item product type-product post-6042 status-publish instock product_cat-acoustic-frame product_cat-acoustic-frame-produkt product_cat-akustik product_cat-healthcare product_cat-hospitality product_cat-keder product_cat-messebau product_cat-interior product_cat-produkt product_cat-retail-ladenbau product_cat-sublimation product_tag-akustik product_tag-decke has-post-thumbnail shipping-taxable product-type-simple\" data-loop=\"2\" data-id=\"6042\">\n\t\n\t\n<div class=\"product-wrapper\">\n\t<div class=\"product-element-top wd-quick-shop\">\n\t\t<a href=\"https:\/\/ccs-fabricframe.de\/en\/product\/akustik-deckensegel\/\" class=\"product-image-link\">\n\t\t\t<img loading=\"lazy\" decoding=\"async\" width=\"300\" height=\"300\" src=\"https:\/\/ccs-fabricframe.de\/wp-content\/uploads\/2025\/08\/CCS_fabric_frame_produkt_akustik_deckensegel_5a-300x300.webp\" class=\"attachment-woocommerce_thumbnail size-woocommerce_thumbnail\" alt=\"Individuelle Textilspannrahmen als Deckensegel mit Akustikwirkung in einem B\u00fcro\" srcset=\"https:\/\/ccs-fabricframe.de\/wp-content\/uploads\/2025\/08\/CCS_fabric_frame_produkt_akustik_deckensegel_5a-300x300.webp 300w, https:\/\/ccs-fabricframe.de\/wp-content\/uploads\/2025\/08\/CCS_fabric_frame_produkt_akustik_deckensegel_5a-150x150.webp 150w, https:\/\/ccs-fabricframe.de\/wp-content\/uploads\/2025\/08\/CCS_fabric_frame_produkt_akustik_deckensegel_5a-768x768.webp 768w, https:\/\/ccs-fabricframe.de\/wp-content\/uploads\/2025\/08\/CCS_fabric_frame_produkt_akustik_deckensegel_5a-12x12.webp 12w, https:\/\/ccs-fabricframe.de\/wp-content\/uploads\/2025\/08\/CCS_fabric_frame_produkt_akustik_deckensegel_5a-600x600.webp 600w, https:\/\/ccs-fabricframe.de\/wp-content\/uploads\/2025\/08\/CCS_fabric_frame_produkt_akustik_deckensegel_5a.webp 800w\" sizes=\"auto, (max-width: 300px) 100vw, 300px\" \/>\t\t<\/a>\n\n\t\t\t\t\t<div class=\"hover-img\">\n\t\t\t\t<a href=\"https:\/\/ccs-fabricframe.de\/en\/product\/akustik-deckensegel\/\" aria-label=\"Product image\">\n\t\t\t\t\t<img loading=\"lazy\" decoding=\"async\" width=\"300\" height=\"300\" src=\"https:\/\/ccs-fabricframe.de\/wp-content\/uploads\/2025\/08\/CCS_fabric_frame_produkt_akustik_deckensegel_1a-300x300.webp\" class=\"attachment-woocommerce_thumbnail size-woocommerce_thumbnail\" alt=\"Individuell geformte Deckensegel mit Akustikwirkung in einem Bekleidungsgesch\u00e4ft\" srcset=\"https:\/\/ccs-fabricframe.de\/wp-content\/uploads\/2025\/08\/CCS_fabric_frame_produkt_akustik_deckensegel_1a-300x300.webp 300w, https:\/\/ccs-fabricframe.de\/wp-content\/uploads\/2025\/08\/CCS_fabric_frame_produkt_akustik_deckensegel_1a-150x150.webp 150w, https:\/\/ccs-fabricframe.de\/wp-content\/uploads\/2025\/08\/CCS_fabric_frame_produkt_akustik_deckensegel_1a-768x768.webp 768w, https:\/\/ccs-fabricframe.de\/wp-content\/uploads\/2025\/08\/CCS_fabric_frame_produkt_akustik_deckensegel_1a-12x12.webp 12w, https:\/\/ccs-fabricframe.de\/wp-content\/uploads\/2025\/08\/CCS_fabric_frame_produkt_akustik_deckensegel_1a-600x600.webp 600w, https:\/\/ccs-fabricframe.de\/wp-content\/uploads\/2025\/08\/CCS_fabric_frame_produkt_akustik_deckensegel_1a.webp 800w\" sizes=\"auto, (max-width: 300px) 100vw, 300px\" \/>\t\t\t\t<\/a>\n\t\t\t<\/div>\n\t\t\t\n\t\t<div class=\"wd-add-btn wd-add-btn-replace\">\n\t\t\t<a href=\"https:\/\/ccs-fabricframe.de\/en\/product\/akustik-deckensegel\/\" aria-describedby=\"woocommerce_loop_add_to_cart_link_describedby_6042\" data-quantity=\"1\" class=\"button product_type_simple add-to-cart-loop\" data-product_id=\"6042\" data-product_sku=\"\" aria-label=\"Read more about \u201cAkustik Deckensegel\u201d\" rel=\"nofollow\" data-success_message=\"\" data-no-translation-aria-label=\"\"><span data-no-translation=\"\" data-trp-gettext=\"\">Read more<\/span><\/a>\t<span id=\"woocommerce_loop_add_to_cart_link_describedby_6042\" class=\"screen-reader-text\">\n\t\t\t<\/span>\n\t\t<\/div>\n\n\t\t<div class=\"wd-buttons wd-pos-r-t\">\n\t\t\t\t\t\t\t\t\t\t\t<div class=\"quick-view wd-action-btn wd-style-icon wd-quick-view-icon\">\n\t\t\t<a\n\t\t\t\thref=\"https:\/\/ccs-fabricframe.de\/en\/product\/akustik-deckensegel\/\"\n\t\t\t\tclass=\"open-quick-view quick-view-button\"\n\t\t\t\trel=\"nofollow\"\n\t\t\t\tdata-id=\"6042\"\n\t\t\t\t>Quick view<\/a>\n\t\t<\/div>\n\t\t\t\t\t\t\t<\/div>\n\t<\/div>\n\t\t\t\t\t<h3 class=\"wd-entities-title\"><a href=\"https:\/\/ccs-fabricframe.de\/en\/product\/akustik-deckensegel\/\">Acoustic Ceiling Panel<\/a><\/h3>\t\t\t\t\t\t\n\n\t\t\n\t\t\n\t\t\t<\/div>\n<\/div>\n<div class=\"wd-product wd-hover-button wd-col product-grid-item product type-product post-6041 status-publish last instock product_cat-acoustic-frame product_cat-acoustic-frame-produkt product_cat-akustik product_cat-healthcare product_cat-hospitality product_cat-keder product_cat-interior product_cat-produkt product_cat-retail-ladenbau product_cat-sublimation product_tag-akustik product_tag-decke product_tag-wandmontiert has-post-thumbnail shipping-taxable product-type-simple\" data-loop=\"3\" data-id=\"6041\">\n\t\n\t\n<div class=\"product-wrapper\">\n\t<div class=\"product-element-top wd-quick-shop\">\n\t\t<a href=\"https:\/\/ccs-fabricframe.de\/en\/product\/akustik-wandbild\/\" class=\"product-image-link\">\n\t\t\t<img loading=\"lazy\" decoding=\"async\" width=\"300\" height=\"300\" src=\"https:\/\/ccs-fabricframe.de\/wp-content\/uploads\/2025\/08\/CCS_fabric_frame_produkt_akustik_wandbild_2a-300x300.webp\" class=\"attachment-woocommerce_thumbnail size-woocommerce_thumbnail\" alt=\"Akustik Wandbild in einem Meetingraum mit grafischem Textildruck\" srcset=\"https:\/\/ccs-fabricframe.de\/wp-content\/uploads\/2025\/08\/CCS_fabric_frame_produkt_akustik_wandbild_2a-300x300.webp 300w, https:\/\/ccs-fabricframe.de\/wp-content\/uploads\/2025\/08\/CCS_fabric_frame_produkt_akustik_wandbild_2a-150x150.webp 150w, https:\/\/ccs-fabricframe.de\/wp-content\/uploads\/2025\/08\/CCS_fabric_frame_produkt_akustik_wandbild_2a-768x768.webp 768w, https:\/\/ccs-fabricframe.de\/wp-content\/uploads\/2025\/08\/CCS_fabric_frame_produkt_akustik_wandbild_2a-12x12.webp 12w, https:\/\/ccs-fabricframe.de\/wp-content\/uploads\/2025\/08\/CCS_fabric_frame_produkt_akustik_wandbild_2a-600x600.webp 600w, https:\/\/ccs-fabricframe.de\/wp-content\/uploads\/2025\/08\/CCS_fabric_frame_produkt_akustik_wandbild_2a.webp 800w\" sizes=\"auto, (max-width: 300px) 100vw, 300px\" \/>\t\t<\/a>\n\n\t\t\t\t\t<div class=\"hover-img\">\n\t\t\t\t<a href=\"https:\/\/ccs-fabricframe.de\/en\/product\/akustik-wandbild\/\" aria-label=\"Product image\">\n\t\t\t\t\t<img loading=\"lazy\" decoding=\"async\" width=\"300\" height=\"300\" src=\"https:\/\/ccs-fabricframe.de\/wp-content\/uploads\/2025\/10\/CCS_fabric_frame_produkt_akustik_wandbild_0a-300x300.webp\" class=\"attachment-woocommerce_thumbnail size-woocommerce_thumbnail\" alt=\"Textilspannrahmen mit Akustikschaum als CCS Akustik Wandbild\" srcset=\"https:\/\/ccs-fabricframe.de\/wp-content\/uploads\/2025\/10\/CCS_fabric_frame_produkt_akustik_wandbild_0a-300x300.webp 300w, https:\/\/ccs-fabricframe.de\/wp-content\/uploads\/2025\/10\/CCS_fabric_frame_produkt_akustik_wandbild_0a-150x150.webp 150w, https:\/\/ccs-fabricframe.de\/wp-content\/uploads\/2025\/10\/CCS_fabric_frame_produkt_akustik_wandbild_0a-768x768.webp 768w, https:\/\/ccs-fabricframe.de\/wp-content\/uploads\/2025\/10\/CCS_fabric_frame_produkt_akustik_wandbild_0a-12x12.webp 12w, https:\/\/ccs-fabricframe.de\/wp-content\/uploads\/2025\/10\/CCS_fabric_frame_produkt_akustik_wandbild_0a-600x600.webp 600w, https:\/\/ccs-fabricframe.de\/wp-content\/uploads\/2025\/10\/CCS_fabric_frame_produkt_akustik_wandbild_0a.webp 800w\" sizes=\"auto, (max-width: 300px) 100vw, 300px\" \/>\t\t\t\t<\/a>\n\t\t\t<\/div>\n\t\t\t\n\t\t<div class=\"wd-add-btn wd-add-btn-replace\">\n\t\t\t<a href=\"https:\/\/ccs-fabricframe.de\/en\/product\/akustik-wandbild\/\" aria-describedby=\"woocommerce_loop_add_to_cart_link_describedby_6041\" data-quantity=\"1\" class=\"button product_type_simple add-to-cart-loop\" data-product_id=\"6041\" data-product_sku=\"\" aria-label=\"Read more about \u201cAkustik Wandbild\u201d\" rel=\"nofollow\" data-success_message=\"\" data-no-translation-aria-label=\"\"><span data-no-translation=\"\" data-trp-gettext=\"\">Read more<\/span><\/a>\t<span id=\"woocommerce_loop_add_to_cart_link_describedby_6041\" class=\"screen-reader-text\">\n\t\t\t<\/span>\n\t\t<\/div>\n\n\t\t<div class=\"wd-buttons wd-pos-r-t\">\n\t\t\t\t\t\t\t\t\t\t\t<div class=\"quick-view wd-action-btn wd-style-icon wd-quick-view-icon\">\n\t\t\t<a\n\t\t\t\thref=\"https:\/\/ccs-fabricframe.de\/en\/product\/akustik-wandbild\/\"\n\t\t\t\tclass=\"open-quick-view quick-view-button\"\n\t\t\t\trel=\"nofollow\"\n\t\t\t\tdata-id=\"6041\"\n\t\t\t\t>Quick view<\/a>\n\t\t<\/div>\n\t\t\t\t\t\t\t<\/div>\n\t<\/div>\n\t\t\t\t\t<h3 class=\"wd-entities-title\"><a href=\"https:\/\/ccs-fabricframe.de\/en\/product\/akustik-wandbild\/\">Akustik Wandbild<\/a><\/h3>\t\t\t\t\t\t\n\n\t\t\n\t\t\n\t\t\t<\/div>\n<\/div>\n<div class=\"wd-product wd-hover-button wd-col product-grid-item product type-product post-6055 status-publish first instock product_cat-event product_cat-outdoor product_cat-produkt product_cat-retail-ladenbau has-post-thumbnail shipping-taxable product-type-simple\" data-loop=\"4\" data-id=\"6055\">\n\t\n\t\n<div class=\"product-wrapper\">\n\t<div class=\"product-element-top wd-quick-shop\">\n\t\t<a href=\"https:\/\/ccs-fabricframe.de\/en\/product\/banner-mit-hohlsaum\/\" class=\"product-image-link\">\n\t\t\t<img loading=\"lazy\" decoding=\"async\" width=\"300\" height=\"300\" src=\"https:\/\/ccs-fabricframe.de\/wp-content\/uploads\/2025\/08\/CCS_fabric_frame_Produkt_Banner_mit_Hohlsaum_3a-300x300.webp\" class=\"attachment-woocommerce_thumbnail size-woocommerce_thumbnail\" alt=\"Banner mit Hohlsaum an der Fassade eines Geb\u00e4udes\" srcset=\"https:\/\/ccs-fabricframe.de\/wp-content\/uploads\/2025\/08\/CCS_fabric_frame_Produkt_Banner_mit_Hohlsaum_3a-300x300.webp 300w, https:\/\/ccs-fabricframe.de\/wp-content\/uploads\/2025\/08\/CCS_fabric_frame_Produkt_Banner_mit_Hohlsaum_3a-150x150.webp 150w, https:\/\/ccs-fabricframe.de\/wp-content\/uploads\/2025\/08\/CCS_fabric_frame_Produkt_Banner_mit_Hohlsaum_3a-768x768.webp 768w, https:\/\/ccs-fabricframe.de\/wp-content\/uploads\/2025\/08\/CCS_fabric_frame_Produkt_Banner_mit_Hohlsaum_3a-12x12.webp 12w, https:\/\/ccs-fabricframe.de\/wp-content\/uploads\/2025\/08\/CCS_fabric_frame_Produkt_Banner_mit_Hohlsaum_3a-600x600.webp 600w, https:\/\/ccs-fabricframe.de\/wp-content\/uploads\/2025\/08\/CCS_fabric_frame_Produkt_Banner_mit_Hohlsaum_3a.webp 800w\" sizes=\"auto, (max-width: 300px) 100vw, 300px\" \/>\t\t<\/a>\n\n\t\t\t\t\t<div class=\"hover-img\">\n\t\t\t\t<a href=\"https:\/\/ccs-fabricframe.de\/en\/product\/banner-mit-hohlsaum\/\" aria-label=\"Product image\">\n\t\t\t\t\t<img loading=\"lazy\" decoding=\"async\" width=\"300\" height=\"300\" src=\"https:\/\/ccs-fabricframe.de\/wp-content\/uploads\/2025\/08\/CCS_fabric_frame_Produkt_Banner_mit_Hohlsaum_2a-300x300.webp\" class=\"attachment-woocommerce_thumbnail size-woocommerce_thumbnail\" alt=\"Banner mit Hohlsaum an der Fassade eines Museums\" srcset=\"https:\/\/ccs-fabricframe.de\/wp-content\/uploads\/2025\/08\/CCS_fabric_frame_Produkt_Banner_mit_Hohlsaum_2a-300x300.webp 300w, https:\/\/ccs-fabricframe.de\/wp-content\/uploads\/2025\/08\/CCS_fabric_frame_Produkt_Banner_mit_Hohlsaum_2a-150x150.webp 150w, https:\/\/ccs-fabricframe.de\/wp-content\/uploads\/2025\/08\/CCS_fabric_frame_Produkt_Banner_mit_Hohlsaum_2a-768x768.webp 768w, https:\/\/ccs-fabricframe.de\/wp-content\/uploads\/2025\/08\/CCS_fabric_frame_Produkt_Banner_mit_Hohlsaum_2a-12x12.webp 12w, https:\/\/ccs-fabricframe.de\/wp-content\/uploads\/2025\/08\/CCS_fabric_frame_Produkt_Banner_mit_Hohlsaum_2a-600x600.webp 600w, https:\/\/ccs-fabricframe.de\/wp-content\/uploads\/2025\/08\/CCS_fabric_frame_Produkt_Banner_mit_Hohlsaum_2a.webp 800w\" sizes=\"auto, (max-width: 300px) 100vw, 300px\" \/>\t\t\t\t<\/a>\n\t\t\t<\/div>\n\t\t\t\n\t\t<div class=\"wd-add-btn wd-add-btn-replace\">\n\t\t\t<a href=\"https:\/\/ccs-fabricframe.de\/en\/product\/banner-mit-hohlsaum\/\" aria-describedby=\"woocommerce_loop_add_to_cart_link_describedby_6055\" data-quantity=\"1\" class=\"button product_type_simple add-to-cart-loop\" data-product_id=\"6055\" data-product_sku=\"\" aria-label=\"Read more about \u201cBanner mit Hohlsaum\u201d\" rel=\"nofollow\" data-success_message=\"\" data-no-translation-aria-label=\"\"><span data-no-translation=\"\" data-trp-gettext=\"\">Read more<\/span><\/a>\t<span id=\"woocommerce_loop_add_to_cart_link_describedby_6055\" class=\"screen-reader-text\">\n\t\t\t<\/span>\n\t\t<\/div>\n\n\t\t<div class=\"wd-buttons wd-pos-r-t\">\n\t\t\t\t\t\t\t\t\t\t\t<div class=\"quick-view wd-action-btn wd-style-icon wd-quick-view-icon\">\n\t\t\t<a\n\t\t\t\thref=\"https:\/\/ccs-fabricframe.de\/en\/product\/banner-mit-hohlsaum\/\"\n\t\t\t\tclass=\"open-quick-view quick-view-button\"\n\t\t\t\trel=\"nofollow\"\n\t\t\t\tdata-id=\"6055\"\n\t\t\t\t>Quick view<\/a>\n\t\t<\/div>\n\t\t\t\t\t\t\t<\/div>\n\t<\/div>\n\t\t\t\t\t<h3 class=\"wd-entities-title\"><a href=\"https:\/\/ccs-fabricframe.de\/en\/product\/banner-mit-hohlsaum\/\">Banner with pole pockets<\/a><\/h3>\t\t\t\t\t\t\n\n\t\t\n\t\t\n\t\t\t<\/div>\n<\/div>\n<div class=\"wd-product wd-hover-button wd-col product-grid-item product type-product post-6060 status-publish instock product_cat-aufsicht product_cat-classic-frame product_cat-classic-frame-produkt product_cat-event product_cat-healthcare product_cat-hospitality product_cat-keder product_cat-latexdruck product_cat-messebau product_cat-interior product_cat-outdoor product_cat-produkt product_cat-retail-ladenbau product_cat-sublimation product_tag-classic-frame product_tag-decke product_tag-wandmontiert has-post-thumbnail shipping-taxable product-type-simple\" data-loop=\"5\" data-id=\"6060\">\n\t\n\t\n<div class=\"product-wrapper\">\n\t<div class=\"product-element-top wd-quick-shop\">\n\t\t<a href=\"https:\/\/ccs-fabricframe.de\/en\/product\/classic-frame\/\" class=\"product-image-link\">\n\t\t\t<img loading=\"lazy\" decoding=\"async\" width=\"300\" height=\"300\" src=\"https:\/\/ccs-fabricframe.de\/wp-content\/uploads\/2025\/08\/CCS_fabric_frame_produkt_classic_frame_2-300x300.webp\" class=\"attachment-woocommerce_thumbnail size-woocommerce_thumbnail\" alt=\"CCS Classic Frame mit Foto-Textildruck als Wandbild\" srcset=\"https:\/\/ccs-fabricframe.de\/wp-content\/uploads\/2025\/08\/CCS_fabric_frame_produkt_classic_frame_2-300x300.webp 300w, https:\/\/ccs-fabricframe.de\/wp-content\/uploads\/2025\/08\/CCS_fabric_frame_produkt_classic_frame_2-150x150.webp 150w, https:\/\/ccs-fabricframe.de\/wp-content\/uploads\/2025\/08\/CCS_fabric_frame_produkt_classic_frame_2-768x768.webp 768w, https:\/\/ccs-fabricframe.de\/wp-content\/uploads\/2025\/08\/CCS_fabric_frame_produkt_classic_frame_2-12x12.webp 12w, https:\/\/ccs-fabricframe.de\/wp-content\/uploads\/2025\/08\/CCS_fabric_frame_produkt_classic_frame_2-600x600.webp 600w, https:\/\/ccs-fabricframe.de\/wp-content\/uploads\/2025\/08\/CCS_fabric_frame_produkt_classic_frame_2.webp 800w\" sizes=\"auto, (max-width: 300px) 100vw, 300px\" \/>\t\t<\/a>\n\n\t\t\t\t\t<div class=\"hover-img\">\n\t\t\t\t<a href=\"https:\/\/ccs-fabricframe.de\/en\/product\/classic-frame\/\" aria-label=\"Product image\">\n\t\t\t\t\t<img loading=\"lazy\" decoding=\"async\" width=\"300\" height=\"300\" src=\"https:\/\/ccs-fabricframe.de\/wp-content\/uploads\/2025\/08\/CCS_fabric_frame_produkt_classic_frame_5a-300x300.webp\" class=\"attachment-woocommerce_thumbnail size-woocommerce_thumbnail\" alt=\"Textilspannrahmen Classic als Wandbild in einem Empfangsbereich\" srcset=\"https:\/\/ccs-fabricframe.de\/wp-content\/uploads\/2025\/08\/CCS_fabric_frame_produkt_classic_frame_5a-300x300.webp 300w, https:\/\/ccs-fabricframe.de\/wp-content\/uploads\/2025\/08\/CCS_fabric_frame_produkt_classic_frame_5a-150x150.webp 150w, https:\/\/ccs-fabricframe.de\/wp-content\/uploads\/2025\/08\/CCS_fabric_frame_produkt_classic_frame_5a-768x768.webp 768w, https:\/\/ccs-fabricframe.de\/wp-content\/uploads\/2025\/08\/CCS_fabric_frame_produkt_classic_frame_5a-12x12.webp 12w, https:\/\/ccs-fabricframe.de\/wp-content\/uploads\/2025\/08\/CCS_fabric_frame_produkt_classic_frame_5a-600x600.webp 600w, https:\/\/ccs-fabricframe.de\/wp-content\/uploads\/2025\/08\/CCS_fabric_frame_produkt_classic_frame_5a.webp 800w\" sizes=\"auto, (max-width: 300px) 100vw, 300px\" \/>\t\t\t\t<\/a>\n\t\t\t<\/div>\n\t\t\t\n\t\t<div class=\"wd-add-btn wd-add-btn-replace\">\n\t\t\t<a href=\"https:\/\/ccs-fabricframe.de\/en\/product\/classic-frame\/\" aria-describedby=\"woocommerce_loop_add_to_cart_link_describedby_6060\" data-quantity=\"1\" class=\"button product_type_simple add-to-cart-loop\" data-product_id=\"6060\" data-product_sku=\"\" aria-label=\"Read more about \u201cClassic frame\u201d\" rel=\"nofollow\" data-success_message=\"\" data-no-translation-aria-label=\"\"><span data-no-translation=\"\" data-trp-gettext=\"\">Read more<\/span><\/a>\t<span id=\"woocommerce_loop_add_to_cart_link_describedby_6060\" class=\"screen-reader-text\">\n\t\t\t<\/span>\n\t\t<\/div>\n\n\t\t<div class=\"wd-buttons wd-pos-r-t\">\n\t\t\t\t\t\t\t\t\t\t\t<div class=\"quick-view wd-action-btn wd-style-icon wd-quick-view-icon\">\n\t\t\t<a\n\t\t\t\thref=\"https:\/\/ccs-fabricframe.de\/en\/product\/classic-frame\/\"\n\t\t\t\tclass=\"open-quick-view quick-view-button\"\n\t\t\t\trel=\"nofollow\"\n\t\t\t\tdata-id=\"6060\"\n\t\t\t\t>Quick view<\/a>\n\t\t<\/div>\n\t\t\t\t\t\t\t<\/div>\n\t<\/div>\n\t\t\t\t\t<h3 class=\"wd-entities-title\"><a href=\"https:\/\/ccs-fabricframe.de\/en\/product\/classic-frame\/\">Classic frame<\/a><\/h3>\t\t\t\t\t\t\n\n\t\t\n\t\t\n\t\t\t<\/div>\n<\/div>\n\t\t\t<\/div>\n\t\t\t<\/div><\/div>\n<\/div>\n<\/div>\n\n\n\n<div id=\"wd-0d1b2690\" class=\"wp-block-wd-container wd-dir-col\">\n<h2 class=\"wp-block-heading\">4. Digital Integration &amp; interaktive POS-Erlebnisse<\/h2>\n\n\n\n<p id=\"wd-445789ad\" class=\"wp-block-wd-paragraph\">Digitale Elemente werden noch st\u00e4rker mit klassischen Retail-Elementen verbunden: Touchscreens, LED-Panels, QR Codes, digitale Vorbestellungen und vieles mehr. Diese Tools dienen nicht nur zur Werbung, sondern zur Interaktion, Information und Personalisierung \u2013 und begleiten eure Kunden \u00fcber den POS hinaus in ihren Alltag.<\/p>\n\n\n\n<p id=\"wd-38b94fc9\" class=\"wp-block-wd-paragraph\">Bietet beispielsweise QR Codes oder NFC Chips in gedruckten Bannern an, mit denen eure Kunden interagieren und mit ihren eigenen Smartphones weiterf\u00fchrende Infos, virtuelle Anproben oder Cross-Sell Angebote abrufen k\u00f6nnen.<\/p>\n\n\n\n<p id=\"wd-96eb72ed\" class=\"wp-block-wd-paragraph\"><a>F\u00fcr eine besondere \u00c4sthetik sorgt die Kombination von digitalen Screens mit gedruckten Motiven: z. B. ein gedrucktes Hintergrundmotiv mit einem dar\u00fcber platziertem digitalen Screen, der wechselnde Inhalte zeigt.<\/a><\/p>\n\n\n\n<p id=\"wd-b5d24d96\" class=\"wp-block-wd-paragraph\">Einen \u00e4hnlichen Effekt k\u00f6nnt ihr mit <a href=\"https:\/\/ccs-fabricframe.de\/en\/product\/raumtrenner-vorhang\/\">Vorh\u00e4ngen <\/a>oder <a href=\"https:\/\/ccs-fabricframe.de\/en\/product\/vollflaechige-wandbespannung\/\">Wandbespannunnungen <\/a>erreichen, die im Zusammenspiel mit einem Beamer immersive Erlebnisse bieten.<\/p>\n<\/div>\n\n\n\n<div id=\"wd-20a422b6\" class=\"wp-block-wd-container wd-dir-col\">\n<h2 class=\"wp-block-heading\">5. Flexibilit\u00e4t &amp; Modularit\u00e4t im Retail<\/h2>\n\n\n\n<p id=\"wd-e5e35b9a\" class=\"wp-block-wd-paragraph\"><a href=\"https:\/\/ccs-fabricframe.de\/en\/produkte\/retail\/\">Retail-Fl\u00e4chen<\/a> sind selten statisch: saisonale Kampagnen, Produktlaunches und wechselnde Trends verlangen oft schnelle Umbauten. POS Displays und Ladenfl\u00e4chen m\u00fcssen modular sein, damit Layouts oft und effizient ge\u00e4ndert und angepasst werden k\u00f6nnen.<\/p>\n\n\n\n<p id=\"wd-da76299c\" class=\"wp-block-wd-paragraph\">Textilspannrahmen sind ideal f\u00fcr modulare L\u00f6sungen: Die Textilfl\u00e4chen lassen sich schnell und leicht auch durch die Mitarbeiter auf der Fl\u00e4che austauschen, nachdem die Rahmen einmal montiert wurden. Und mobile Systeme, wie Stellw\u00e4nde auf Rollen oder Vorh\u00e4nge verwandeln euren Store mit wenigen Handgriffen in v\u00f6llig neu zonierte Erlebniswelten.<\/p>\n<\/div>\n\n\n\n<div id=\"wd-fd66c68f\" class=\"wp-block-wd-row\">\n<div id=\"wd-cffb57d3\" class=\"wp-block-wd-column\">\n<figure class=\"wp-block-image size-full\"><img loading=\"lazy\" decoding=\"async\" width=\"800\" height=\"600\" src=\"https:\/\/ccs-fabricframe.de\/wp-content\/uploads\/2025\/10\/CCS_fabric_frame_produkt_retail_frame_LED_4a-edited.webp\" alt=\"Beleuchteter Textilspannrahmen in einem Bekleidungsgesch\u00e4ft als Teil des Visual Merchandising\" class=\"wp-image-6785\" srcset=\"https:\/\/ccs-fabricframe.de\/wp-content\/uploads\/2025\/10\/CCS_fabric_frame_produkt_retail_frame_LED_4a-edited.webp 800w, https:\/\/ccs-fabricframe.de\/wp-content\/uploads\/2025\/10\/CCS_fabric_frame_produkt_retail_frame_LED_4a-edited-300x225.webp 300w, https:\/\/ccs-fabricframe.de\/wp-content\/uploads\/2025\/10\/CCS_fabric_frame_produkt_retail_frame_LED_4a-edited-150x113.webp 150w, https:\/\/ccs-fabricframe.de\/wp-content\/uploads\/2025\/10\/CCS_fabric_frame_produkt_retail_frame_LED_4a-edited-768x576.webp 768w, https:\/\/ccs-fabricframe.de\/wp-content\/uploads\/2025\/10\/CCS_fabric_frame_produkt_retail_frame_LED_4a-edited-16x12.webp 16w, https:\/\/ccs-fabricframe.de\/wp-content\/uploads\/2025\/10\/CCS_fabric_frame_produkt_retail_frame_LED_4a-edited-600x450.webp 600w\" sizes=\"auto, (max-width: 800px) 100vw, 800px\" \/><\/figure>\n<\/div>\n\n\n\n<div id=\"wd-be8dedfc\" class=\"wp-block-wd-column\">\n<figure class=\"wp-block-image size-full\"><img loading=\"lazy\" decoding=\"async\" width=\"1632\" height=\"1224\" src=\"https:\/\/ccs-fabricframe.de\/wp-content\/uploads\/2025\/07\/CCS_Retail_Ladenbau_loesungen_04.webp\" alt=\"Collage made from textile tension frames as decoration in shopfitting\" class=\"wp-image-5095\" srcset=\"https:\/\/ccs-fabricframe.de\/wp-content\/uploads\/2025\/07\/CCS_Retail_Ladenbau_loesungen_04.webp 1632w, https:\/\/ccs-fabricframe.de\/wp-content\/uploads\/2025\/07\/CCS_Retail_Ladenbau_loesungen_04-300x225.webp 300w, https:\/\/ccs-fabricframe.de\/wp-content\/uploads\/2025\/07\/CCS_Retail_Ladenbau_loesungen_04-1024x768.webp 1024w, https:\/\/ccs-fabricframe.de\/wp-content\/uploads\/2025\/07\/CCS_Retail_Ladenbau_loesungen_04-768x576.webp 768w, https:\/\/ccs-fabricframe.de\/wp-content\/uploads\/2025\/07\/CCS_Retail_Ladenbau_loesungen_04-1536x1152.webp 1536w\" sizes=\"auto, (max-width: 1632px) 100vw, 1632px\" \/><\/figure>\n<\/div>\n<\/div>\n\n\n\n<div id=\"wd-e88f30d7\" class=\"wp-block-wd-container wd-dir-col\">\n<h2 class=\"wp-block-heading\">6. Visual Hierarchy &amp; Produktfokus<\/h2>\n\n\n\n<p id=\"wd-3d0b0eb6\" class=\"wp-block-wd-paragraph\">Kunden haben weniger Geduld und werden durch visuelle \u00dcberflutung schnell \u00fcberfordert. Damit Retail Displays am POS effektiv wirken, braucht es klare Hierarchien: Fokusprodukte, Highlights und Ruhebereiche f\u00fcr eure Kunden. Eine gute Beleuchtung und differenzierte Materialwahl helfen, eure Stores zu gliedern und in Zonen zu unterteilen.<\/p>\n\n\n\n<p id=\"wd-d9aa7958\" class=\"wp-block-wd-paragraph\">Setze bewusste Beleuchtungen wie hinterleuchtete Displays ein, um bestimmte Produkte hervorzuheben.<\/p>\n\n\n\n<p id=\"wd-940a38ca\" class=\"wp-block-wd-paragraph\">Bedenke die Texturen deiner eingesetzten Materialien: Setze beispielsweise Kontraste mit dem Unterschied zwischen matten und gl\u00e4nzenden Fl\u00e4chen.<\/p>\n\n\n\n<p id=\"wd-3da1499e\" class=\"wp-block-wd-paragraph\">Rahmen m\u00fcssen aber nicht nur ihren haltenden Zweck erf\u00fcllen,&nbsp;sondern k\u00f6nnen mit ihrer Farbe oder Form gezielt eingesetzt werden, um die Blicke eurer Kunden zu f\u00fchren. Bedenkt beispielsweise die Rahmenkanten, Schattenfugen oder probiert knallige Pop-Art-Effekte durch Rahmenprofile in Kontrastfarben.<\/p>\n<\/div>\n\n\n\n<div id=\"wd-c477330d\" class=\"wp-block-wd-divider wd-style-line\"><\/div>\n\n\n\n<div id=\"wd-3d5fbf12\" class=\"wp-block-wd-container wd-dir-col\">\n<h3 class=\"wp-block-heading\">Herausforderungen &amp; worauf ihr als Retailer achten solltet<\/h3>\n\n\n\n<p id=\"wd-79df463b\" class=\"wp-block-wd-paragraph\">W\u00e4hrend die Trends viele Chancen bieten, gibt es auch Stolpersteine:<\/p>\n\n\n\n<ul class=\"wp-block-list\">\n<li>Kosten vs. ROI: Gerade digitale Signage-Produkte sind nicht g\u00fcnstig. Wichtig ist, dass der POS- und Visual Merchandising-Aufwand messbare Effekte wie Mehrverk\u00e4ufe oder l\u00e4ngere Verweildauern bringt. Beobachtet und messt diese Faktoren unbedingt nach einer Umgestaltung und integriert beispielsweise einen A\/B-Test in zwei vergleichbaren Filialen. Mit Textilspannrahmen schafft ihr aber eine solide Basis, deren Motive ihr jederzeit f\u00fcr eine neue Kampagne austauschen und anpassen k\u00f6nnt \u2013 und das f\u00fcr einen Bruchteil des Budgets, den euch beispielsweise eine Videoproduktion kosten w\u00fcrde.<\/li>\n\n\n\n<li>Konsistenz der Markenidentit\u00e4t: Denkt daran, trotz wechselnden Kampagnen und vielseitigen Werbemitteln auf die Einhaltung eurer Corporate Identity zu achten. Farben, Typografie, Materialien sollten vorab festgelegt sein und eingehalten werden.<\/li>\n\n\n\n<li>Logistik &amp; Setup: Dank unserem Versand im \u201ePizzakarton\u201c bleiben eure T\u00fccher auch lagerf\u00e4hig und k\u00f6nnen bei Bedarf jederzeit bis zur n\u00e4chsten Saison sicher verstaut werden. Dank Schnellaufbausystem sind unsere Rahmen \u00fcbrigens auch im Handumdrehen einsatzbereit \u2013 und wenn ihr es euch ganz leicht machen wollt, ist unser Montageteam deutschlandweit zur Stelle!<\/li>\n<\/ul>\n<\/div>\n\n\n\n<div id=\"wd-45092a13\" class=\"wp-block-wd-divider wd-style-line\"><\/div>\n\n\n\n<div id=\"wd-e9b68d65\" class=\"wp-block-wd-container wd-dir-col\">\n<h1 class=\"wp-block-heading\">6 Trends in Visual Merchandising for 2026<\/h1>\n\n\n\n<p id=\"wd-ab52ac7c\" class=\"wp-block-wd-paragraph\">2026 wird im Visual Merchandising gepr\u00e4gt sein von:<\/p>\n\n\n\n<ul class=\"wp-block-list\">\n<li>Erlebnis und Storytelling<\/li>\n\n\n\n<li>starker Personalisierung &amp; lokalem Bezug<\/li>\n\n\n\n<li>nachhaltigen Materialien und Produktionswegen<\/li>\n\n\n\n<li>digitaler Integration und interaktiver POS-Erlebnisse<\/li>\n\n\n\n<li>Modularer Aufstellung und hoher Flexibilit\u00e4t<\/li>\n\n\n\n<li>klarer, visueller Hierarchie und fokussierter Pr\u00e4sentation<\/li>\n<\/ul>\n\n\n\n<p id=\"wd-aaa72f72\" class=\"wp-block-wd-paragraph\">Wenn ihr diese Trends im Blick habt und sie mit sinnvollen L\u00f6sungen wie hochwertigen Textildrucken und Textilspannrahmen umsetzt, k\u00f6nnt ihr euch deutlich von euren Mitbewerbern abheben. Der POS-Bereich ist nicht l\u00e4nger einfach nur Verkaufsfl\u00e4che, sondern B\u00fchne, Erlebnisraum und Markenbotschafter zugleich.<\/p>\n<\/div>\n\n\n\n<div id=\"wd-0fa8da02\" class=\"wp-block-wd-row wd-align-s-center\">\n<div id=\"wd-e51c033e\" class=\"wp-block-wd-column\">\n<div id=\"wd-a81277d3\" class=\"wp-block-wd-container wd-dir-col wd-dir-col-md wd-custom-width\">\n<h2 id=\"wd-a9a02e47\" class=\"wp-block-wd-title title\">Wie gestalten wir euer Ladengesch\u00e4ft um?<\/h2>\n<\/div>\n\n\n\n<p id=\"wd-08fd0ebe\" class=\"wp-block-wd-paragraph\">Gerne berate ich euch zu unseren Produkten und setze eure innovativen Ideen mit unseren L\u00f6sungen in die Realit\u00e4t um! Ich freue mich auf eure Shopping-Revolutionen!<\/p>\n\n\n\n<h2 id=\"wd-f8e3fbc0\" class=\"wp-block-wd-title title\">Christina Dramburg<\/h2>\n\n\n\n<h2 id=\"wd-fc47daf3\" class=\"wp-block-wd-title title\">Account &amp; Project Manager<\/h2>\n\n\n\n<a id=\"wd-33d20de0\" class=\"wp-block-wd-button btn btn-style-default btn-size-default btn-shape-semi-round\" href=\"https:\/\/outlook.office.com\/book\/CCSChristinadramburg@ccs-digital.de\/\"><span>Beratung buchen<\/span><\/a>\n<\/div>\n\n\n\n<div id=\"wd-2e4a6221\" class=\"wp-block-wd-column wd-align-is-lg-flex-end wd-align-s-center\">\n<div id=\"wd-82b4503f\" class=\"wp-block-wd-image wd-block-image\"><img loading=\"lazy\" decoding=\"async\" width=\"800\" height=\"800\" class=\"wp-image-4350\" src=\"https:\/\/ccs-fabricframe.de\/wp-content\/uploads\/2025\/07\/CCS_Team_Vertrieb_Christina_Dramburg.webp\" alt=\"Christina Dramburg\" srcset=\"https:\/\/ccs-fabricframe.de\/wp-content\/uploads\/2025\/07\/CCS_Team_Vertrieb_Christina_Dramburg.webp 800w, https:\/\/ccs-fabricframe.de\/wp-content\/uploads\/2025\/07\/CCS_Team_Vertrieb_Christina_Dramburg-300x300.webp 300w, https:\/\/ccs-fabricframe.de\/wp-content\/uploads\/2025\/07\/CCS_Team_Vertrieb_Christina_Dramburg-150x150.webp 150w, https:\/\/ccs-fabricframe.de\/wp-content\/uploads\/2025\/07\/CCS_Team_Vertrieb_Christina_Dramburg-768x768.webp 768w, https:\/\/ccs-fabricframe.de\/wp-content\/uploads\/2025\/07\/CCS_Team_Vertrieb_Christina_Dramburg-600x600.webp 600w\" sizes=\"auto, (max-width: 800px) 100vw, 800px\" \/><\/div>\n<\/div>\n<\/div>","protected":false},"excerpt":{"rendered":"","protected":false},"author":6,"featured_media":6550,"comment_status":"closed","ping_status":"closed","sticky":false,"template":"","format":"standard","meta":{"footnotes":""},"categories":[193],"tags":[],"class_list":["post-6713","post","type-post","status-publish","format-standard","has-post-thumbnail","hentry","category-retail-pos"],"yoast_head":"<!-- This site is optimized with the Yoast SEO plugin v27.3 - https:\/\/yoast.com\/product\/yoast-seo-wordpress\/ -->\n<title>6 Trends im Visual Merchandising f\u00fcr 2026 - CCS Fabric Frame<\/title>\n<meta name=\"description\" content=\"6 Trends, die das Visual Merchandising an eurem POS im n\u00e4chsten Jahr auf den Kopf stellen und eure Kunden begeistern.\" \/>\n<meta name=\"robots\" content=\"index, follow, max-snippet:-1, max-image-preview:large, max-video-preview:-1\" \/>\n<link rel=\"canonical\" href=\"https:\/\/ccs-fabricframe.de\/en\/6-trends-im-visual-merchandising-fuer-2026\/\" \/>\n<meta property=\"og:locale\" content=\"en_US\" \/>\n<meta property=\"og:type\" content=\"article\" \/>\n<meta property=\"og:title\" content=\"6 Trends im Visual Merchandising f\u00fcr 2026 - CCS Fabric Frame\" \/>\n<meta property=\"og:description\" content=\"6 Trends, die das Visual Merchandising an eurem POS im n\u00e4chsten Jahr auf den Kopf stellen und eure Kunden begeistern.\" \/>\n<meta property=\"og:url\" content=\"https:\/\/ccs-fabricframe.de\/en\/6-trends-im-visual-merchandising-fuer-2026\/\" \/>\n<meta property=\"og:site_name\" content=\"CCS Fabric Frame\" \/>\n<meta property=\"article:published_time\" content=\"2025-10-17T07:28:55+00:00\" \/>\n<meta property=\"article:modified_time\" content=\"2025-11-07T11:07:35+00:00\" \/>\n<meta property=\"og:image\" content=\"https:\/\/ccs-fabricframe.de\/wp-content\/uploads\/2025\/08\/CCS_fabric_frame_pos_retail_00a.webp\" \/>\n\t<meta property=\"og:image:width\" content=\"800\" \/>\n\t<meta property=\"og:image:height\" content=\"800\" \/>\n\t<meta property=\"og:image:type\" content=\"image\/webp\" \/>\n<meta name=\"author\" content=\"Franziska\" \/>\n<meta name=\"twitter:card\" content=\"summary_large_image\" \/>\n<meta name=\"twitter:label1\" content=\"Written by\" \/>\n\t<meta name=\"twitter:data1\" content=\"Franziska\" \/>\n\t<meta name=\"twitter:label2\" content=\"Est. reading time\" \/>\n\t<meta name=\"twitter:data2\" content=\"8 minutes\" \/>\n<script type=\"application\/ld+json\" class=\"yoast-schema-graph\">{\"@context\":\"https:\\\/\\\/schema.org\",\"@graph\":[{\"@type\":\"Article\",\"@id\":\"https:\\\/\\\/ccs-fabricframe.de\\\/6-trends-im-visual-merchandising-fuer-2026\\\/#article\",\"isPartOf\":{\"@id\":\"https:\\\/\\\/ccs-fabricframe.de\\\/6-trends-im-visual-merchandising-fuer-2026\\\/\"},\"author\":{\"name\":\"Franziska\",\"@id\":\"https:\\\/\\\/ccs-fabricframe.de\\\/#\\\/schema\\\/person\\\/9919b8463e90c461712ee515c3721f79\"},\"headline\":\"6 Trends im Visual Merchandising f\u00fcr 2026\",\"datePublished\":\"2025-10-17T07:28:55+00:00\",\"dateModified\":\"2025-11-07T11:07:35+00:00\",\"mainEntityOfPage\":{\"@id\":\"https:\\\/\\\/ccs-fabricframe.de\\\/6-trends-im-visual-merchandising-fuer-2026\\\/\"},\"wordCount\":1369,\"publisher\":{\"@id\":\"https:\\\/\\\/ccs-fabricframe.de\\\/#organization\"},\"image\":{\"@id\":\"https:\\\/\\\/ccs-fabricframe.de\\\/6-trends-im-visual-merchandising-fuer-2026\\\/#primaryimage\"},\"thumbnailUrl\":\"https:\\\/\\\/ccs-fabricframe.de\\\/wp-content\\\/uploads\\\/2025\\\/08\\\/CCS_fabric_frame_pos_retail_00a.webp\",\"articleSection\":[\"Retail &amp; POS\"],\"inLanguage\":\"en-US\"},{\"@type\":\"WebPage\",\"@id\":\"https:\\\/\\\/ccs-fabricframe.de\\\/6-trends-im-visual-merchandising-fuer-2026\\\/\",\"url\":\"https:\\\/\\\/ccs-fabricframe.de\\\/6-trends-im-visual-merchandising-fuer-2026\\\/\",\"name\":\"6 Trends im Visual Merchandising f\u00fcr 2026 - CCS Fabric Frame\",\"isPartOf\":{\"@id\":\"https:\\\/\\\/ccs-fabricframe.de\\\/#website\"},\"primaryImageOfPage\":{\"@id\":\"https:\\\/\\\/ccs-fabricframe.de\\\/6-trends-im-visual-merchandising-fuer-2026\\\/#primaryimage\"},\"image\":{\"@id\":\"https:\\\/\\\/ccs-fabricframe.de\\\/6-trends-im-visual-merchandising-fuer-2026\\\/#primaryimage\"},\"thumbnailUrl\":\"https:\\\/\\\/ccs-fabricframe.de\\\/wp-content\\\/uploads\\\/2025\\\/08\\\/CCS_fabric_frame_pos_retail_00a.webp\",\"datePublished\":\"2025-10-17T07:28:55+00:00\",\"dateModified\":\"2025-11-07T11:07:35+00:00\",\"description\":\"6 Trends, die das Visual Merchandising an eurem POS im n\u00e4chsten Jahr auf den Kopf stellen und eure Kunden begeistern.\",\"breadcrumb\":{\"@id\":\"https:\\\/\\\/ccs-fabricframe.de\\\/6-trends-im-visual-merchandising-fuer-2026\\\/#breadcrumb\"},\"inLanguage\":\"en-US\",\"potentialAction\":[{\"@type\":\"ReadAction\",\"target\":[\"https:\\\/\\\/ccs-fabricframe.de\\\/6-trends-im-visual-merchandising-fuer-2026\\\/\"]}]},{\"@type\":\"ImageObject\",\"inLanguage\":\"en-US\",\"@id\":\"https:\\\/\\\/ccs-fabricframe.de\\\/6-trends-im-visual-merchandising-fuer-2026\\\/#primaryimage\",\"url\":\"https:\\\/\\\/ccs-fabricframe.de\\\/wp-content\\\/uploads\\\/2025\\\/08\\\/CCS_fabric_frame_pos_retail_00a.webp\",\"contentUrl\":\"https:\\\/\\\/ccs-fabricframe.de\\\/wp-content\\\/uploads\\\/2025\\\/08\\\/CCS_fabric_frame_pos_retail_00a.webp\",\"width\":800,\"height\":800,\"caption\":\"Vollfl\u00e4chiger Textildruck als Schaufensterr\u00fcckwand in einem Bekleidungsgesch\u00e4ft\"},{\"@type\":\"BreadcrumbList\",\"@id\":\"https:\\\/\\\/ccs-fabricframe.de\\\/6-trends-im-visual-merchandising-fuer-2026\\\/#breadcrumb\",\"itemListElement\":[{\"@type\":\"ListItem\",\"position\":1,\"name\":\"Startseite\",\"item\":\"https:\\\/\\\/ccs-fabricframe.de\\\/\"},{\"@type\":\"ListItem\",\"position\":2,\"name\":\"6 Trends im Visual Merchandising f\u00fcr 2026\"}]},{\"@type\":\"WebSite\",\"@id\":\"https:\\\/\\\/ccs-fabricframe.de\\\/#website\",\"url\":\"https:\\\/\\\/ccs-fabricframe.de\\\/\",\"name\":\"CCS Fabric Frame\",\"description\":\"Print. Shape. Impress.\",\"publisher\":{\"@id\":\"https:\\\/\\\/ccs-fabricframe.de\\\/#organization\"},\"potentialAction\":[{\"@type\":\"SearchAction\",\"target\":{\"@type\":\"EntryPoint\",\"urlTemplate\":\"https:\\\/\\\/ccs-fabricframe.de\\\/?s={search_term_string}\"},\"query-input\":{\"@type\":\"PropertyValueSpecification\",\"valueRequired\":true,\"valueName\":\"search_term_string\"}}],\"inLanguage\":\"en-US\"},{\"@type\":\"Organization\",\"@id\":\"https:\\\/\\\/ccs-fabricframe.de\\\/#organization\",\"name\":\"CCS fabric frame\",\"alternateName\":\"CCS\",\"url\":\"https:\\\/\\\/ccs-fabricframe.de\\\/\",\"logo\":{\"@type\":\"ImageObject\",\"inLanguage\":\"en-US\",\"@id\":\"https:\\\/\\\/ccs-fabricframe.de\\\/#\\\/schema\\\/logo\\\/image\\\/\",\"url\":\"https:\\\/\\\/ccs-fabricframe.de\\\/wp-content\\\/uploads\\\/2025\\\/06\\\/Lg_CCS-Fabfra_RedBlack_rgb_EE2737-1E1E1E-1.svg\",\"contentUrl\":\"https:\\\/\\\/ccs-fabricframe.de\\\/wp-content\\\/uploads\\\/2025\\\/06\\\/Lg_CCS-Fabfra_RedBlack_rgb_EE2737-1E1E1E-1.svg\",\"width\":459,\"height\":255,\"caption\":\"CCS fabric frame\"},\"image\":{\"@id\":\"https:\\\/\\\/ccs-fabricframe.de\\\/#\\\/schema\\\/logo\\\/image\\\/\"},\"sameAs\":[\"https:\\\/\\\/www.instagram.com\\\/ccsfabricframe\\\/\",\"https:\\\/\\\/www.linkedin.com\\\/company\\\/ccs-fabricframe\\\/\"]},{\"@type\":\"Person\",\"@id\":\"https:\\\/\\\/ccs-fabricframe.de\\\/#\\\/schema\\\/person\\\/9919b8463e90c461712ee515c3721f79\",\"name\":\"Franziska\",\"url\":\"https:\\\/\\\/ccs-fabricframe.de\\\/en\\\/author\\\/tssq7kmkhdrb\\\/\"}]}<\/script>\n<!-- \/ Yoast SEO plugin. -->","yoast_head_json":{"title":"6 Trends im Visual Merchandising f\u00fcr 2026 - CCS Fabric Frame","description":"6 trends that will revolutionize visual merchandising at your POS next year and delight your customers.","robots":{"index":"index","follow":"follow","max-snippet":"max-snippet:-1","max-image-preview":"max-image-preview:large","max-video-preview":"max-video-preview:-1"},"canonical":"https:\/\/ccs-fabricframe.de\/en\/6-trends-im-visual-merchandising-fuer-2026\/","og_locale":"en_US","og_type":"article","og_title":"6 Trends im Visual Merchandising f\u00fcr 2026 - CCS Fabric Frame","og_description":"6 Trends, die das Visual Merchandising an eurem POS im n\u00e4chsten Jahr auf den Kopf stellen und eure Kunden begeistern.","og_url":"https:\/\/ccs-fabricframe.de\/en\/6-trends-im-visual-merchandising-fuer-2026\/","og_site_name":"CCS Fabric Frame","article_published_time":"2025-10-17T07:28:55+00:00","article_modified_time":"2025-11-07T11:07:35+00:00","og_image":[{"width":800,"height":800,"url":"https:\/\/ccs-fabricframe.de\/wp-content\/uploads\/2025\/08\/CCS_fabric_frame_pos_retail_00a.webp","type":"image\/webp"}],"author":"Franziska","twitter_card":"summary_large_image","twitter_misc":{"Written by":"Franziska","Est. reading time":"8 minutes"},"schema":{"@context":"https:\/\/schema.org","@graph":[{"@type":"Article","@id":"https:\/\/ccs-fabricframe.de\/6-trends-im-visual-merchandising-fuer-2026\/#article","isPartOf":{"@id":"https:\/\/ccs-fabricframe.de\/6-trends-im-visual-merchandising-fuer-2026\/"},"author":{"name":"Franziska","@id":"https:\/\/ccs-fabricframe.de\/#\/schema\/person\/9919b8463e90c461712ee515c3721f79"},"headline":"6 Trends im Visual Merchandising f\u00fcr 2026","datePublished":"2025-10-17T07:28:55+00:00","dateModified":"2025-11-07T11:07:35+00:00","mainEntityOfPage":{"@id":"https:\/\/ccs-fabricframe.de\/6-trends-im-visual-merchandising-fuer-2026\/"},"wordCount":1369,"publisher":{"@id":"https:\/\/ccs-fabricframe.de\/#organization"},"image":{"@id":"https:\/\/ccs-fabricframe.de\/6-trends-im-visual-merchandising-fuer-2026\/#primaryimage"},"thumbnailUrl":"https:\/\/ccs-fabricframe.de\/wp-content\/uploads\/2025\/08\/CCS_fabric_frame_pos_retail_00a.webp","articleSection":["Retail &amp; POS"],"inLanguage":"en-US"},{"@type":"WebPage","@id":"https:\/\/ccs-fabricframe.de\/6-trends-im-visual-merchandising-fuer-2026\/","url":"https:\/\/ccs-fabricframe.de\/6-trends-im-visual-merchandising-fuer-2026\/","name":"6 Trends im Visual Merchandising f\u00fcr 2026 - CCS Fabric Frame","isPartOf":{"@id":"https:\/\/ccs-fabricframe.de\/#website"},"primaryImageOfPage":{"@id":"https:\/\/ccs-fabricframe.de\/6-trends-im-visual-merchandising-fuer-2026\/#primaryimage"},"image":{"@id":"https:\/\/ccs-fabricframe.de\/6-trends-im-visual-merchandising-fuer-2026\/#primaryimage"},"thumbnailUrl":"https:\/\/ccs-fabricframe.de\/wp-content\/uploads\/2025\/08\/CCS_fabric_frame_pos_retail_00a.webp","datePublished":"2025-10-17T07:28:55+00:00","dateModified":"2025-11-07T11:07:35+00:00","description":"6 trends that will revolutionize visual merchandising at your POS next year and delight your customers.","breadcrumb":{"@id":"https:\/\/ccs-fabricframe.de\/6-trends-im-visual-merchandising-fuer-2026\/#breadcrumb"},"inLanguage":"en-US","potentialAction":[{"@type":"ReadAction","target":["https:\/\/ccs-fabricframe.de\/6-trends-im-visual-merchandising-fuer-2026\/"]}]},{"@type":"ImageObject","inLanguage":"en-US","@id":"https:\/\/ccs-fabricframe.de\/6-trends-im-visual-merchandising-fuer-2026\/#primaryimage","url":"https:\/\/ccs-fabricframe.de\/wp-content\/uploads\/2025\/08\/CCS_fabric_frame_pos_retail_00a.webp","contentUrl":"https:\/\/ccs-fabricframe.de\/wp-content\/uploads\/2025\/08\/CCS_fabric_frame_pos_retail_00a.webp","width":800,"height":800,"caption":"Vollfl\u00e4chiger Textildruck als Schaufensterr\u00fcckwand in einem Bekleidungsgesch\u00e4ft"},{"@type":"BreadcrumbList","@id":"https:\/\/ccs-fabricframe.de\/6-trends-im-visual-merchandising-fuer-2026\/#breadcrumb","itemListElement":[{"@type":"ListItem","position":1,"name":"Startseite","item":"https:\/\/ccs-fabricframe.de\/"},{"@type":"ListItem","position":2,"name":"6 Trends im Visual Merchandising f\u00fcr 2026"}]},{"@type":"WebSite","@id":"https:\/\/ccs-fabricframe.de\/#website","url":"https:\/\/ccs-fabricframe.de\/","name":"CCS Fabric Frame","description":"Print. Shape. Impress.","publisher":{"@id":"https:\/\/ccs-fabricframe.de\/#organization"},"potentialAction":[{"@type":"SearchAction","target":{"@type":"EntryPoint","urlTemplate":"https:\/\/ccs-fabricframe.de\/?s={search_term_string}"},"query-input":{"@type":"PropertyValueSpecification","valueRequired":true,"valueName":"search_term_string"}}],"inLanguage":"en-US"},{"@type":"Organization","@id":"https:\/\/ccs-fabricframe.de\/#organization","name":"CCS fabric frame","alternateName":"CCS","url":"https:\/\/ccs-fabricframe.de\/","logo":{"@type":"ImageObject","inLanguage":"en-US","@id":"https:\/\/ccs-fabricframe.de\/#\/schema\/logo\/image\/","url":"https:\/\/ccs-fabricframe.de\/wp-content\/uploads\/2025\/06\/Lg_CCS-Fabfra_RedBlack_rgb_EE2737-1E1E1E-1.svg","contentUrl":"https:\/\/ccs-fabricframe.de\/wp-content\/uploads\/2025\/06\/Lg_CCS-Fabfra_RedBlack_rgb_EE2737-1E1E1E-1.svg","width":459,"height":255,"caption":"CCS fabric frame"},"image":{"@id":"https:\/\/ccs-fabricframe.de\/#\/schema\/logo\/image\/"},"sameAs":["https:\/\/www.instagram.com\/ccsfabricframe\/","https:\/\/www.linkedin.com\/company\/ccs-fabricframe\/"]},{"@type":"Person","@id":"https:\/\/ccs-fabricframe.de\/#\/schema\/person\/9919b8463e90c461712ee515c3721f79","name":"Franziska","url":"https:\/\/ccs-fabricframe.de\/en\/author\/tssq7kmkhdrb\/"}]}},"_links":{"self":[{"href":"https:\/\/ccs-fabricframe.de\/en\/wp-json\/wp\/v2\/posts\/6713","targetHints":{"allow":["GET"]}}],"collection":[{"href":"https:\/\/ccs-fabricframe.de\/en\/wp-json\/wp\/v2\/posts"}],"about":[{"href":"https:\/\/ccs-fabricframe.de\/en\/wp-json\/wp\/v2\/types\/post"}],"author":[{"embeddable":true,"href":"https:\/\/ccs-fabricframe.de\/en\/wp-json\/wp\/v2\/users\/6"}],"replies":[{"embeddable":true,"href":"https:\/\/ccs-fabricframe.de\/en\/wp-json\/wp\/v2\/comments?post=6713"}],"version-history":[{"count":9,"href":"https:\/\/ccs-fabricframe.de\/en\/wp-json\/wp\/v2\/posts\/6713\/revisions"}],"predecessor-version":[{"id":6837,"href":"https:\/\/ccs-fabricframe.de\/en\/wp-json\/wp\/v2\/posts\/6713\/revisions\/6837"}],"wp:featuredmedia":[{"embeddable":true,"href":"https:\/\/ccs-fabricframe.de\/en\/wp-json\/wp\/v2\/media\/6550"}],"wp:attachment":[{"href":"https:\/\/ccs-fabricframe.de\/en\/wp-json\/wp\/v2\/media?parent=6713"}],"wp:term":[{"taxonomy":"category","embeddable":true,"href":"https:\/\/ccs-fabricframe.de\/en\/wp-json\/wp\/v2\/categories?post=6713"},{"taxonomy":"post_tag","embeddable":true,"href":"https:\/\/ccs-fabricframe.de\/en\/wp-json\/wp\/v2\/tags?post=6713"}],"curies":[{"name":"wp","href":"https:\/\/api.w.org\/{rel}","templated":true}]}}