{"id":6661,"date":"2025-10-09T14:31:52","date_gmt":"2025-10-09T12:31:52","guid":{"rendered":"https:\/\/ccs-fabricframe.de\/?p=6661"},"modified":"2025-11-12T08:51:17","modified_gmt":"2025-11-12T07:51:17","slug":"wie-sorgen-kreative-eventdrucke-im-messebau-fuer-wow-effekte","status":"publish","type":"post","link":"https:\/\/ccs-fabricframe.de\/en\/wie-sorgen-kreative-eventdrucke-im-messebau-fuer-wow-effekte\/","title":{"rendered":"Wowing in trade fair constructions with event printing"},"content":{"rendered":"<div id=\"wd-1cfebdc5\" class=\"wp-block-wd-container wd-dir-col\">\n<p id=\"wd-13a126dd\" class=\"wp-block-wd-paragraph\">Im Messebau entscheidet oft nicht ausschlie\u00dflich die Botschaft, sondern auch wie sie pr\u00e4sentiert wird. Kreative Eventdrucke sind viel mehr als nur schm\u00fcckendes Beiwerk \u2013 sie sind zentrale Elemente, die Besucher anziehen, Markenidentit\u00e4t st\u00e4rken und Gespr\u00e4che in Gang bringen. Mit durchdachtem <a>Einsatz von <\/a><ins>Textildrucken<\/ins>, Textilspannrahmen und innovativen Rahmenl\u00f6sungen lassen sich beeindruckende visuelle Erlebnisse schaffen, die den Messebesuchern im Ged\u00e4chtnis bleiben. <a>In diesem Beitrag <ins>berichtet euch<\/ins><\/a>&nbsp;Messebauexperte <ins>David Litwak<\/ins>, wie genau das funktioniert \u2013 und wie ihr mit unseren CCS fabric frame Produkten solche \u201eWow-Effekte\u201c realisieren k\u00f6nnt.<\/p>\n\n\n\n<p class=\"has-text-align-right has-vivid-red-color has-text-color has-link-color wp-elements-2dadd5071c2b6e93d7fee48da19c2149\"><strong>von David Litwak<\/strong> | Sales Manager<\/p>\n<\/div>\n\n\n\n<div id=\"wd-495a045d\" class=\"wp-block-wd-container wd-dir-col\">\n<h2 class=\"wp-block-heading\"><strong>Warum ist guter Eventdruck so wichtig?<\/strong><\/h2>\n\n\n\n<ul class=\"wp-block-list\">\n<li><strong>Der erste Eindruck z\u00e4hlt<\/strong>: Auf Messen und Events sind Besucher h\u00e4ufig \u00fcberw\u00e4ltigt von Eindr\u00fccken. Ein auff\u00e4lliger Druck zieht Blicke auf sich und hebt euren Messestand gegen\u00fcber dem Wettbewerb hervor.<\/li>\n\n\n\n<li><strong>Macht eure Markenidentit\u00e4t sichtbar<\/strong>: Farben, Typografie, Bildsprache \u2013 wenn das alles konsistent und hochwertig umgesetzt ist, entsteht sofort ein Wiedererkennungseffekt und eure Standbesucher erinnern sich auch beim sp\u00e4teren Sichten eures Werbematerials oder eurer Website noch genau an euren Stand und die Gespr\u00e4che, die ihr dort gef\u00fchrt habt.<\/li>\n\n\n\n<li><strong>Atmosph\u00e4re &amp; Erlebnis schaffen<\/strong>: Die richtigen Drucke k\u00f6nnen R\u00e4ume strukturieren, Stimmungen setzen und die Besucher auch emotional ansprechen.<\/li>\n<\/ul>\n<\/div>\n\n\n\n<div id=\"wd-ac627cbe\" class=\"wp-block-wd-divider wd-style-line\"><\/div>\n\n\n\n<div id=\"wd-73d0e056\" class=\"wp-block-wd-container wd-dir-col\">\n<h2 class=\"wp-block-heading\"><strong>Druckverfahren, die den Unterschied machen<\/strong><\/h2>\n\n\n\n<figure class=\"wp-block-image size-full\"><img loading=\"lazy\" decoding=\"async\" width=\"2560\" height=\"1440\" src=\"https:\/\/ccs-fabricframe.de\/wp-content\/uploads\/2025\/10\/CCS_Textildruck_Thermosublimation-edited.webp\" alt=\"Calendering of a dye-sublimation print\" class=\"wp-image-6722\" srcset=\"https:\/\/ccs-fabricframe.de\/wp-content\/uploads\/2025\/10\/CCS_Textildruck_Thermosublimation-edited.webp 2560w, https:\/\/ccs-fabricframe.de\/wp-content\/uploads\/2025\/10\/CCS_Textildruck_Thermosublimation-edited-300x169.webp 300w, https:\/\/ccs-fabricframe.de\/wp-content\/uploads\/2025\/10\/CCS_Textildruck_Thermosublimation-edited-1024x576.webp 1024w, https:\/\/ccs-fabricframe.de\/wp-content\/uploads\/2025\/10\/CCS_Textildruck_Thermosublimation-edited-150x84.webp 150w, https:\/\/ccs-fabricframe.de\/wp-content\/uploads\/2025\/10\/CCS_Textildruck_Thermosublimation-edited-768x432.webp 768w, https:\/\/ccs-fabricframe.de\/wp-content\/uploads\/2025\/10\/CCS_Textildruck_Thermosublimation-edited-1536x864.webp 1536w, https:\/\/ccs-fabricframe.de\/wp-content\/uploads\/2025\/10\/CCS_Textildruck_Thermosublimation-edited-2048x1152.webp 2048w, https:\/\/ccs-fabricframe.de\/wp-content\/uploads\/2025\/10\/CCS_Textildruck_Thermosublimation-edited-18x10.webp 18w, https:\/\/ccs-fabricframe.de\/wp-content\/uploads\/2025\/10\/CCS_Textildruck_Thermosublimation-edited-600x338.webp 600w\" sizes=\"auto, (max-width: 2560px) 100vw, 2560px\" \/><\/figure>\n\n\n\n<h3 class=\"wp-block-heading\"><strong>Sublimationsdruck &amp; Latexdruck<\/strong><\/h3>\n\n\n\n<ul class=\"wp-block-list\">\n<li><a href=\"https:\/\/ccs-fabricframe.de\/en\/textildruck-ccs\/sublimation-print\/\"><strong>Sublimation printing<\/strong> <\/a>erlaubt brillante Farben und eine nahtlose Integration in Textilien: Die Tinte wird mit Hitze und Druck in die Fasern \u201eeingeschlossen\u201c \u2013 das Ergebnis ist weich im Griff, leuchtend in der Farbe, formstabil und sogar waschbar.<\/li>\n\n\n\n<li><a href=\"https:\/\/ccs-fabricframe.de\/en\/textildruck-ccs\/latexdruck-ccs\/\"><strong>Latex printing<\/strong> <\/a>bringt besonders<a> <ins>bei au\u00dfergew\u00f6hnlichen Materialien wie Mesh<\/ins> <\/a>Vorteile: sehr gute Deckkraft bei jeder Materialbeschaffenheit, hohe Wetterfestigkeit, kaum Geruch \u2013 ideal also f\u00fcr Innen\u2010 und Au\u00dfenbauten oder mobile Systeme mit dem besonderen Extra. Dank der M\u00f6glichkeit, auch mit wei\u00dfer Tinte zu drucken, ergeben sich mit diesem Druckverfahren noch viele weitere spannende Gestaltungsm\u00f6glichkeiten f\u00fcr euren Messestand.<\/li>\n<\/ul>\n\n\n\n<p id=\"wd-ceec54f7\" class=\"wp-block-wd-paragraph\">Egal, f\u00fcr welche Technik ihr euch entscheidet: Wir beraten euch gerne zu eurem Projekt und helfen euch in der Auswahl der passenden Materialien.<\/p>\n\n\n\n<p id=\"wd-3d5ff086\" class=\"wp-block-wd-paragraph\">Damit Eventdrucke nicht nur auffallen, sondern auch hochwertig, langlebig und kontraststark wirken, sind die eingesetzten Drucktechniken entscheidend.<\/p>\n\n\n\n<h3 class=\"wp-block-heading\"><strong>Textilspannrahmen: Classic, LED &amp; Akustik<\/strong><\/h3>\n\n\n\n<p id=\"wd-4089c17f\" class=\"wp-block-wd-paragraph\">Druck allein reicht oft nicht \u2013 erst im Zusammenspiel mit dem Rahmen und Zusatzfunktionen entsteht der Wow-Effekt:<\/p>\n\n\n\n<p id=\"wd-8ed63562\" class=\"wp-block-wd-paragraph\"><strong><a href=\"https:\/\/ccs-fabricframe.de\/en\/ccs-fabric-frame-das-textilspannrahmen-system\/kederrahmen-classic-frame\/\">Classic frame<\/a><\/strong>: klare Konturen, einfacher Aufbau, elegante Pr\u00e4sentation. Ideal f\u00fcr gro\u00dffl\u00e4chige, fl\u00e4chige Hintergr\u00fcnde.<\/p>\n\n\n\n<div id=\"wd-7109074b\" class=\"wp-block-wd-row\">\n<div id=\"wd-c24bd181\" class=\"wp-block-wd-column\">\t\t\t<div id=\"wd-5943103e\" class=\"wd-products-element\">\n\t\t\t\n\t\t\n\t\t\t\t\t<div class=\"products wd-products  grid-columns-5 elements-grid wd-grid-g\" data-paged=\"1\" data-atts=\"{&quot;speed&quot;:5000,&quot;slides_per_view&quot;:&quot;5&quot;,&quot;wrap&quot;:&quot;no&quot;,&quot;hide_pagination_control&quot;:&quot;yes&quot;,&quot;hide_pagination_control_tablet&quot;:&quot;no&quot;,&quot;hide_pagination_control_mobile&quot;:&quot;no&quot;,&quot;hide_prev_next_buttons&quot;:&quot;no&quot;,&quot;hide_prev_next_buttons_tablet&quot;:&quot;no&quot;,&quot;hide_prev_next_buttons_mobile&quot;:&quot;no&quot;,&quot;spacing&quot;:&quot;10&quot;,&quot;sync_parent_id&quot;:&quot;wd_1f73009d&quot;,&quot;taxonomies&quot;:&quot;19&quot;,&quot;items_per_page&quot;:&quot;5&quot;,&quot;columns&quot;:5,&quot;products_different_sizes&quot;:&quot;disable&quot;,&quot;el_id&quot;:&quot;wd-5943103e&quot;,&quot;force_not_ajax&quot;:&quot;no&quot;}\" data-source=\"shortcode\" data-columns=\"5\" data-grid-gallery=\"\" style=\"--wd-col-lg:5;--wd-col-md:4;--wd-col-sm:2;--wd-gap-lg:10px;\">\n\t\t\t<div class=\"wd-product wd-hover-button wd-col product-grid-item product type-product post-6060 status-publish instock product_cat-aufsicht product_cat-classic-frame product_cat-classic-frame-produkt product_cat-event product_cat-healthcare product_cat-hospitality product_cat-keder product_cat-latexdruck product_cat-messebau product_cat-interior product_cat-outdoor product_cat-produkt product_cat-retail-ladenbau product_cat-sublimation product_tag-classic-frame product_tag-decke product_tag-wandmontiert has-post-thumbnail shipping-taxable product-type-simple\" data-loop=\"1\" data-id=\"6060\">\n\t\n\t\n<div class=\"product-wrapper\">\n\t<div class=\"product-element-top wd-quick-shop\">\n\t\t<a href=\"https:\/\/ccs-fabricframe.de\/en\/product\/classic-frame\/\" class=\"product-image-link\">\n\t\t\t<img loading=\"lazy\" decoding=\"async\" width=\"300\" height=\"300\" src=\"https:\/\/ccs-fabricframe.de\/wp-content\/uploads\/2025\/08\/CCS_fabric_frame_produkt_classic_frame_2-300x300.webp\" class=\"attachment-woocommerce_thumbnail size-woocommerce_thumbnail\" alt=\"CCS Classic Frame mit Foto-Textildruck als Wandbild\" srcset=\"https:\/\/ccs-fabricframe.de\/wp-content\/uploads\/2025\/08\/CCS_fabric_frame_produkt_classic_frame_2-300x300.webp 300w, https:\/\/ccs-fabricframe.de\/wp-content\/uploads\/2025\/08\/CCS_fabric_frame_produkt_classic_frame_2-150x150.webp 150w, https:\/\/ccs-fabricframe.de\/wp-content\/uploads\/2025\/08\/CCS_fabric_frame_produkt_classic_frame_2-768x768.webp 768w, https:\/\/ccs-fabricframe.de\/wp-content\/uploads\/2025\/08\/CCS_fabric_frame_produkt_classic_frame_2-12x12.webp 12w, https:\/\/ccs-fabricframe.de\/wp-content\/uploads\/2025\/08\/CCS_fabric_frame_produkt_classic_frame_2-600x600.webp 600w, https:\/\/ccs-fabricframe.de\/wp-content\/uploads\/2025\/08\/CCS_fabric_frame_produkt_classic_frame_2.webp 800w\" sizes=\"auto, (max-width: 300px) 100vw, 300px\" \/>\t\t<\/a>\n\n\t\t\t\t\t<div class=\"hover-img\">\n\t\t\t\t<a href=\"https:\/\/ccs-fabricframe.de\/en\/product\/classic-frame\/\" aria-label=\"Product image\">\n\t\t\t\t\t<img loading=\"lazy\" decoding=\"async\" width=\"300\" height=\"300\" src=\"https:\/\/ccs-fabricframe.de\/wp-content\/uploads\/2025\/08\/CCS_fabric_frame_produkt_classic_frame_5a-300x300.webp\" class=\"attachment-woocommerce_thumbnail size-woocommerce_thumbnail\" alt=\"Textilspannrahmen Classic als Wandbild in einem Empfangsbereich\" srcset=\"https:\/\/ccs-fabricframe.de\/wp-content\/uploads\/2025\/08\/CCS_fabric_frame_produkt_classic_frame_5a-300x300.webp 300w, https:\/\/ccs-fabricframe.de\/wp-content\/uploads\/2025\/08\/CCS_fabric_frame_produkt_classic_frame_5a-150x150.webp 150w, https:\/\/ccs-fabricframe.de\/wp-content\/uploads\/2025\/08\/CCS_fabric_frame_produkt_classic_frame_5a-768x768.webp 768w, https:\/\/ccs-fabricframe.de\/wp-content\/uploads\/2025\/08\/CCS_fabric_frame_produkt_classic_frame_5a-12x12.webp 12w, https:\/\/ccs-fabricframe.de\/wp-content\/uploads\/2025\/08\/CCS_fabric_frame_produkt_classic_frame_5a-600x600.webp 600w, https:\/\/ccs-fabricframe.de\/wp-content\/uploads\/2025\/08\/CCS_fabric_frame_produkt_classic_frame_5a.webp 800w\" sizes=\"auto, (max-width: 300px) 100vw, 300px\" \/>\t\t\t\t<\/a>\n\t\t\t<\/div>\n\t\t\t\n\t\t<div class=\"wd-add-btn wd-add-btn-replace\">\n\t\t\t<a href=\"https:\/\/ccs-fabricframe.de\/en\/product\/classic-frame\/\" aria-describedby=\"woocommerce_loop_add_to_cart_link_describedby_6060\" data-quantity=\"1\" class=\"button product_type_simple add-to-cart-loop\" data-product_id=\"6060\" data-product_sku=\"\" aria-label=\"Read more about \u201cClassic frame\u201d\" rel=\"nofollow\" data-success_message=\"\" data-no-translation-aria-label=\"\"><span data-no-translation=\"\" data-trp-gettext=\"\">Read more<\/span><\/a>\t<span id=\"woocommerce_loop_add_to_cart_link_describedby_6060\" class=\"screen-reader-text\">\n\t\t\t<\/span>\n\t\t<\/div>\n\n\t\t<div class=\"wd-buttons wd-pos-r-t\">\n\t\t\t\t\t\t\t\t\t\t\t<div class=\"quick-view wd-action-btn wd-style-icon wd-quick-view-icon\">\n\t\t\t<a\n\t\t\t\thref=\"https:\/\/ccs-fabricframe.de\/en\/product\/classic-frame\/\"\n\t\t\t\tclass=\"open-quick-view quick-view-button\"\n\t\t\t\trel=\"nofollow\"\n\t\t\t\tdata-id=\"6060\"\n\t\t\t\t>Quick view<\/a>\n\t\t<\/div>\n\t\t\t\t\t\t\t<\/div>\n\t<\/div>\n\t\t\t\t\t<h3 class=\"wd-entities-title\"><a href=\"https:\/\/ccs-fabricframe.de\/en\/product\/classic-frame\/\">Classic frame<\/a><\/h3>\t\t\t\t\t\t\n\n\t\t\n\t\t\n\t\t\t<\/div>\n<\/div>\n<div class=\"wd-product wd-hover-button wd-col product-grid-item product type-product post-6038 status-publish instock product_cat-aufsicht product_cat-classic-frame product_cat-classic-frame-produkt product_cat-keder product_cat-messebau product_cat-produkt product_cat-sublimation product_tag-stehend has-post-thumbnail shipping-taxable product-type-simple\" data-loop=\"2\" data-id=\"6038\">\n\t\n\t\n<div class=\"product-wrapper\">\n\t<div class=\"product-element-top wd-quick-shop\">\n\t\t<a href=\"https:\/\/ccs-fabricframe.de\/en\/product\/expo-frame\/\" class=\"product-image-link\">\n\t\t\t<img loading=\"lazy\" decoding=\"async\" width=\"300\" height=\"300\" src=\"https:\/\/ccs-fabricframe.de\/wp-content\/uploads\/2025\/08\/CCS_fabric_frame_produkt_expo_frame_01_2a-300x300.webp\" class=\"attachment-woocommerce_thumbnail size-woocommerce_thumbnail\" alt=\"CCS Expo Frame Textilspannrahmen f\u00fcr Messest\u00e4nde\" srcset=\"https:\/\/ccs-fabricframe.de\/wp-content\/uploads\/2025\/08\/CCS_fabric_frame_produkt_expo_frame_01_2a-300x300.webp 300w, https:\/\/ccs-fabricframe.de\/wp-content\/uploads\/2025\/08\/CCS_fabric_frame_produkt_expo_frame_01_2a-150x150.webp 150w, https:\/\/ccs-fabricframe.de\/wp-content\/uploads\/2025\/08\/CCS_fabric_frame_produkt_expo_frame_01_2a-768x768.webp 768w, https:\/\/ccs-fabricframe.de\/wp-content\/uploads\/2025\/08\/CCS_fabric_frame_produkt_expo_frame_01_2a-12x12.webp 12w, https:\/\/ccs-fabricframe.de\/wp-content\/uploads\/2025\/08\/CCS_fabric_frame_produkt_expo_frame_01_2a-600x600.webp 600w, https:\/\/ccs-fabricframe.de\/wp-content\/uploads\/2025\/08\/CCS_fabric_frame_produkt_expo_frame_01_2a.webp 800w\" sizes=\"auto, (max-width: 300px) 100vw, 300px\" \/>\t\t<\/a>\n\n\t\t\t\t\t<div class=\"hover-img\">\n\t\t\t\t<a href=\"https:\/\/ccs-fabricframe.de\/en\/product\/expo-frame\/\" aria-label=\"Product image\">\n\t\t\t\t\t<img loading=\"lazy\" decoding=\"async\" width=\"300\" height=\"300\" src=\"https:\/\/ccs-fabricframe.de\/wp-content\/uploads\/2025\/08\/CCS_fabric_frame_produkt_expo_frame_01a-300x300.webp\" class=\"attachment-woocommerce_thumbnail size-woocommerce_thumbnail\" alt=\"CCS Expo Frame Textilspannrahmen f\u00fcr Messest\u00e4nde\" srcset=\"https:\/\/ccs-fabricframe.de\/wp-content\/uploads\/2025\/08\/CCS_fabric_frame_produkt_expo_frame_01a-300x300.webp 300w, https:\/\/ccs-fabricframe.de\/wp-content\/uploads\/2025\/08\/CCS_fabric_frame_produkt_expo_frame_01a-150x150.webp 150w, https:\/\/ccs-fabricframe.de\/wp-content\/uploads\/2025\/08\/CCS_fabric_frame_produkt_expo_frame_01a-768x768.webp 768w, https:\/\/ccs-fabricframe.de\/wp-content\/uploads\/2025\/08\/CCS_fabric_frame_produkt_expo_frame_01a-12x12.webp 12w, https:\/\/ccs-fabricframe.de\/wp-content\/uploads\/2025\/08\/CCS_fabric_frame_produkt_expo_frame_01a-600x600.webp 600w, https:\/\/ccs-fabricframe.de\/wp-content\/uploads\/2025\/08\/CCS_fabric_frame_produkt_expo_frame_01a.webp 800w\" sizes=\"auto, (max-width: 300px) 100vw, 300px\" \/>\t\t\t\t<\/a>\n\t\t\t<\/div>\n\t\t\t\n\t\t<div class=\"wd-add-btn wd-add-btn-replace\">\n\t\t\t<a href=\"https:\/\/ccs-fabricframe.de\/en\/product\/expo-frame\/\" aria-describedby=\"woocommerce_loop_add_to_cart_link_describedby_6038\" data-quantity=\"1\" class=\"button product_type_simple add-to-cart-loop\" data-product_id=\"6038\" data-product_sku=\"\" aria-label=\"Read more about \u201cExpo Frame\u201d\" rel=\"nofollow\" data-success_message=\"\" data-no-translation-aria-label=\"\"><span data-no-translation=\"\" data-trp-gettext=\"\">Read more<\/span><\/a>\t<span id=\"woocommerce_loop_add_to_cart_link_describedby_6038\" class=\"screen-reader-text\">\n\t\t\t<\/span>\n\t\t<\/div>\n\n\t\t<div class=\"wd-buttons wd-pos-r-t\">\n\t\t\t\t\t\t\t\t\t\t\t<div class=\"quick-view wd-action-btn wd-style-icon wd-quick-view-icon\">\n\t\t\t<a\n\t\t\t\thref=\"https:\/\/ccs-fabricframe.de\/en\/product\/expo-frame\/\"\n\t\t\t\tclass=\"open-quick-view quick-view-button\"\n\t\t\t\trel=\"nofollow\"\n\t\t\t\tdata-id=\"6038\"\n\t\t\t\t>Quick view<\/a>\n\t\t<\/div>\n\t\t\t\t\t\t\t<\/div>\n\t<\/div>\n\t\t\t\t\t<h3 class=\"wd-entities-title\"><a href=\"https:\/\/ccs-fabricframe.de\/en\/product\/expo-frame\/\">Expo Frame<\/a><\/h3>\t\t\t\t\t\t\n\n\t\t\n\t\t\n\t\t\t<\/div>\n<\/div>\n<div class=\"wd-product wd-hover-button wd-col product-grid-item product type-product post-6036 status-publish last instock product_cat-classic-frame product_cat-classic-frame-produkt product_cat-event product_cat-keder product_cat-messebau product_cat-produkt product_cat-sublimation product_tag-event product_tag-hintergrund product_tag-stehend has-post-thumbnail shipping-taxable product-type-simple\" data-loop=\"3\" data-id=\"6036\">\n\t\n\t\n<div class=\"product-wrapper\">\n\t<div class=\"product-element-top wd-quick-shop\">\n\t\t<a href=\"https:\/\/ccs-fabricframe.de\/en\/product\/promo-frame\/\" class=\"product-image-link\">\n\t\t\t<img loading=\"lazy\" decoding=\"async\" width=\"300\" height=\"300\" src=\"https:\/\/ccs-fabricframe.de\/wp-content\/uploads\/2025\/08\/CCS_fabric_frame_produkt_promo_frame_04a-300x300.webp\" class=\"attachment-woocommerce_thumbnail size-woocommerce_thumbnail\" alt=\"Textilspannrahmen als CCS Promo frame, auf dem Textildruck sind Firmenlogos\" srcset=\"https:\/\/ccs-fabricframe.de\/wp-content\/uploads\/2025\/08\/CCS_fabric_frame_produkt_promo_frame_04a-300x300.webp 300w, https:\/\/ccs-fabricframe.de\/wp-content\/uploads\/2025\/08\/CCS_fabric_frame_produkt_promo_frame_04a-150x150.webp 150w, https:\/\/ccs-fabricframe.de\/wp-content\/uploads\/2025\/08\/CCS_fabric_frame_produkt_promo_frame_04a-768x768.webp 768w, https:\/\/ccs-fabricframe.de\/wp-content\/uploads\/2025\/08\/CCS_fabric_frame_produkt_promo_frame_04a-12x12.webp 12w, https:\/\/ccs-fabricframe.de\/wp-content\/uploads\/2025\/08\/CCS_fabric_frame_produkt_promo_frame_04a-600x600.webp 600w, https:\/\/ccs-fabricframe.de\/wp-content\/uploads\/2025\/08\/CCS_fabric_frame_produkt_promo_frame_04a.webp 800w\" sizes=\"auto, (max-width: 300px) 100vw, 300px\" \/>\t\t<\/a>\n\n\t\t\t\t\t<div class=\"hover-img\">\n\t\t\t\t<a href=\"https:\/\/ccs-fabricframe.de\/en\/product\/promo-frame\/\" aria-label=\"Product image\">\n\t\t\t\t\t<img loading=\"lazy\" decoding=\"async\" width=\"300\" height=\"300\" src=\"https:\/\/ccs-fabricframe.de\/wp-content\/uploads\/2025\/08\/CCS_fabric_frame_produkt_promo_frame_03a-300x300.webp\" class=\"attachment-woocommerce_thumbnail size-woocommerce_thumbnail\" alt=\"Textilspannrahmen als CCS Promo frame\" srcset=\"https:\/\/ccs-fabricframe.de\/wp-content\/uploads\/2025\/08\/CCS_fabric_frame_produkt_promo_frame_03a-300x300.webp 300w, https:\/\/ccs-fabricframe.de\/wp-content\/uploads\/2025\/08\/CCS_fabric_frame_produkt_promo_frame_03a-150x150.webp 150w, https:\/\/ccs-fabricframe.de\/wp-content\/uploads\/2025\/08\/CCS_fabric_frame_produkt_promo_frame_03a-768x768.webp 768w, https:\/\/ccs-fabricframe.de\/wp-content\/uploads\/2025\/08\/CCS_fabric_frame_produkt_promo_frame_03a-12x12.webp 12w, https:\/\/ccs-fabricframe.de\/wp-content\/uploads\/2025\/08\/CCS_fabric_frame_produkt_promo_frame_03a-600x600.webp 600w, https:\/\/ccs-fabricframe.de\/wp-content\/uploads\/2025\/08\/CCS_fabric_frame_produkt_promo_frame_03a.webp 800w\" sizes=\"auto, (max-width: 300px) 100vw, 300px\" \/>\t\t\t\t<\/a>\n\t\t\t<\/div>\n\t\t\t\n\t\t<div class=\"wd-add-btn wd-add-btn-replace\">\n\t\t\t<a href=\"https:\/\/ccs-fabricframe.de\/en\/product\/promo-frame\/\" aria-describedby=\"woocommerce_loop_add_to_cart_link_describedby_6036\" data-quantity=\"1\" class=\"button product_type_simple add-to-cart-loop\" data-product_id=\"6036\" data-product_sku=\"\" aria-label=\"Read more about \u201cPromo Frame\u201d\" rel=\"nofollow\" data-success_message=\"\" data-no-translation-aria-label=\"\"><span data-no-translation=\"\" data-trp-gettext=\"\">Read more<\/span><\/a>\t<span id=\"woocommerce_loop_add_to_cart_link_describedby_6036\" class=\"screen-reader-text\">\n\t\t\t<\/span>\n\t\t<\/div>\n\n\t\t<div class=\"wd-buttons wd-pos-r-t\">\n\t\t\t\t\t\t\t\t\t\t\t<div class=\"quick-view wd-action-btn wd-style-icon wd-quick-view-icon\">\n\t\t\t<a\n\t\t\t\thref=\"https:\/\/ccs-fabricframe.de\/en\/product\/promo-frame\/\"\n\t\t\t\tclass=\"open-quick-view quick-view-button\"\n\t\t\t\trel=\"nofollow\"\n\t\t\t\tdata-id=\"6036\"\n\t\t\t\t>Quick view<\/a>\n\t\t<\/div>\n\t\t\t\t\t\t\t<\/div>\n\t<\/div>\n\t\t\t\t\t<h3 class=\"wd-entities-title\"><a href=\"https:\/\/ccs-fabricframe.de\/en\/product\/promo-frame\/\">Promo Frame<\/a><\/h3>\t\t\t\t\t\t\n\n\t\t\n\t\t\n\t\t\t<\/div>\n<\/div>\n<div class=\"wd-product wd-hover-button wd-col product-grid-item product type-product post-6043 status-publish first instock product_cat-acoustic-frame product_cat-acoustic-frame-produkt product_cat-akustik product_cat-classic-frame product_cat-classic-frame-produkt product_cat-healthcare product_cat-hospitality product_cat-keder product_cat-interior product_cat-produkt product_cat-sublimation product_tag-akustik product_tag-stehend has-post-thumbnail shipping-taxable product-type-simple\" data-loop=\"4\" data-id=\"6043\">\n\t\n\t\n<div class=\"product-wrapper\">\n\t<div class=\"product-element-top wd-quick-shop\">\n\t\t<a href=\"https:\/\/ccs-fabricframe.de\/en\/product\/raumtrenner-freistehend\/\" class=\"product-image-link\">\n\t\t\t<img loading=\"lazy\" decoding=\"async\" width=\"300\" height=\"300\" src=\"https:\/\/ccs-fabricframe.de\/wp-content\/uploads\/2025\/08\/CCS_fabric_frame_produkt_raumtrenner_freistehend_03a-300x300.webp\" class=\"attachment-woocommerce_thumbnail size-woocommerce_thumbnail\" alt=\"Textilspannrahmen als freistehender Raumtrenner am Kopfende von Schreibtischen in einem Gro\u00dfraumb\u00fcro\" srcset=\"https:\/\/ccs-fabricframe.de\/wp-content\/uploads\/2025\/08\/CCS_fabric_frame_produkt_raumtrenner_freistehend_03a-300x300.webp 300w, https:\/\/ccs-fabricframe.de\/wp-content\/uploads\/2025\/08\/CCS_fabric_frame_produkt_raumtrenner_freistehend_03a-150x150.webp 150w, https:\/\/ccs-fabricframe.de\/wp-content\/uploads\/2025\/08\/CCS_fabric_frame_produkt_raumtrenner_freistehend_03a-768x768.webp 768w, https:\/\/ccs-fabricframe.de\/wp-content\/uploads\/2025\/08\/CCS_fabric_frame_produkt_raumtrenner_freistehend_03a-12x12.webp 12w, https:\/\/ccs-fabricframe.de\/wp-content\/uploads\/2025\/08\/CCS_fabric_frame_produkt_raumtrenner_freistehend_03a-600x600.webp 600w, https:\/\/ccs-fabricframe.de\/wp-content\/uploads\/2025\/08\/CCS_fabric_frame_produkt_raumtrenner_freistehend_03a.webp 800w\" sizes=\"auto, (max-width: 300px) 100vw, 300px\" \/>\t\t<\/a>\n\n\t\t\t\t\t<div class=\"hover-img\">\n\t\t\t\t<a href=\"https:\/\/ccs-fabricframe.de\/en\/product\/raumtrenner-freistehend\/\" aria-label=\"Product image\">\n\t\t\t\t\t<img loading=\"lazy\" decoding=\"async\" width=\"300\" height=\"300\" src=\"https:\/\/ccs-fabricframe.de\/wp-content\/uploads\/2025\/08\/CCS_fabric_frame_produkt_raumtrenner_freistehend_02a-300x300.webp\" class=\"attachment-woocommerce_thumbnail size-woocommerce_thumbnail\" alt=\"Textilspannrahmen als CCS Raumtrenner freistehend\" srcset=\"https:\/\/ccs-fabricframe.de\/wp-content\/uploads\/2025\/08\/CCS_fabric_frame_produkt_raumtrenner_freistehend_02a-300x300.webp 300w, https:\/\/ccs-fabricframe.de\/wp-content\/uploads\/2025\/08\/CCS_fabric_frame_produkt_raumtrenner_freistehend_02a-150x150.webp 150w, https:\/\/ccs-fabricframe.de\/wp-content\/uploads\/2025\/08\/CCS_fabric_frame_produkt_raumtrenner_freistehend_02a-768x768.webp 768w, https:\/\/ccs-fabricframe.de\/wp-content\/uploads\/2025\/08\/CCS_fabric_frame_produkt_raumtrenner_freistehend_02a-12x12.webp 12w, https:\/\/ccs-fabricframe.de\/wp-content\/uploads\/2025\/08\/CCS_fabric_frame_produkt_raumtrenner_freistehend_02a-600x600.webp 600w, https:\/\/ccs-fabricframe.de\/wp-content\/uploads\/2025\/08\/CCS_fabric_frame_produkt_raumtrenner_freistehend_02a.webp 800w\" sizes=\"auto, (max-width: 300px) 100vw, 300px\" \/>\t\t\t\t<\/a>\n\t\t\t<\/div>\n\t\t\t\n\t\t<div class=\"wd-add-btn wd-add-btn-replace\">\n\t\t\t<a href=\"https:\/\/ccs-fabricframe.de\/en\/product\/raumtrenner-freistehend\/\" aria-describedby=\"woocommerce_loop_add_to_cart_link_describedby_6043\" data-quantity=\"1\" class=\"button product_type_simple add-to-cart-loop\" data-product_id=\"6043\" data-product_sku=\"\" aria-label=\"Read more about \u201cRaumtrenner freistehend\u201d\" rel=\"nofollow\" data-success_message=\"\" data-no-translation-aria-label=\"\"><span data-no-translation=\"\" data-trp-gettext=\"\">Read more<\/span><\/a>\t<span id=\"woocommerce_loop_add_to_cart_link_describedby_6043\" class=\"screen-reader-text\">\n\t\t\t<\/span>\n\t\t<\/div>\n\n\t\t<div class=\"wd-buttons wd-pos-r-t\">\n\t\t\t\t\t\t\t\t\t\t\t<div class=\"quick-view wd-action-btn wd-style-icon wd-quick-view-icon\">\n\t\t\t<a\n\t\t\t\thref=\"https:\/\/ccs-fabricframe.de\/en\/product\/raumtrenner-freistehend\/\"\n\t\t\t\tclass=\"open-quick-view quick-view-button\"\n\t\t\t\trel=\"nofollow\"\n\t\t\t\tdata-id=\"6043\"\n\t\t\t\t>Quick view<\/a>\n\t\t<\/div>\n\t\t\t\t\t\t\t<\/div>\n\t<\/div>\n\t\t\t\t\t<h3 class=\"wd-entities-title\"><a href=\"https:\/\/ccs-fabricframe.de\/en\/product\/raumtrenner-freistehend\/\">Free Standing Room Divider<\/a><\/h3>\t\t\t\t\t\t\n\n\t\t\n\t\t\n\t\t\t<\/div>\n<\/div>\n<div class=\"wd-product wd-hover-button wd-col product-grid-item product type-product post-6044 status-publish instock product_cat-acoustic-frame-produkt product_cat-aufsicht product_cat-classic-frame product_cat-classic-frame-produkt product_cat-healthcare product_cat-hospitality product_cat-keder product_cat-interior product_cat-produkt product_cat-sublimation product_tag-akustik product_tag-rollend has-post-thumbnail shipping-taxable product-type-simple\" data-loop=\"5\" data-id=\"6044\">\n\t\n\t\n<div class=\"product-wrapper\">\n\t<div class=\"product-element-top wd-quick-shop\">\n\t\t<a href=\"https:\/\/ccs-fabricframe.de\/en\/product\/raumtrenner-mobil\/\" class=\"product-image-link\">\n\t\t\t<img loading=\"lazy\" decoding=\"async\" width=\"300\" height=\"300\" src=\"https:\/\/ccs-fabricframe.de\/wp-content\/uploads\/2025\/08\/CCS_fabric_frame_raumtrenner_mobil_03a-300x300.webp\" class=\"attachment-woocommerce_thumbnail size-woocommerce_thumbnail\" alt=\"Mobiler Raumtrenner mit Rollen\" srcset=\"https:\/\/ccs-fabricframe.de\/wp-content\/uploads\/2025\/08\/CCS_fabric_frame_raumtrenner_mobil_03a-300x300.webp 300w, https:\/\/ccs-fabricframe.de\/wp-content\/uploads\/2025\/08\/CCS_fabric_frame_raumtrenner_mobil_03a-150x150.webp 150w, https:\/\/ccs-fabricframe.de\/wp-content\/uploads\/2025\/08\/CCS_fabric_frame_raumtrenner_mobil_03a-768x768.webp 768w, https:\/\/ccs-fabricframe.de\/wp-content\/uploads\/2025\/08\/CCS_fabric_frame_raumtrenner_mobil_03a-12x12.webp 12w, https:\/\/ccs-fabricframe.de\/wp-content\/uploads\/2025\/08\/CCS_fabric_frame_raumtrenner_mobil_03a-600x600.webp 600w, https:\/\/ccs-fabricframe.de\/wp-content\/uploads\/2025\/08\/CCS_fabric_frame_raumtrenner_mobil_03a.webp 800w\" sizes=\"auto, (max-width: 300px) 100vw, 300px\" \/>\t\t<\/a>\n\n\t\t\t\t\t<div class=\"hover-img\">\n\t\t\t\t<a href=\"https:\/\/ccs-fabricframe.de\/en\/product\/raumtrenner-mobil\/\" aria-label=\"Product image\">\n\t\t\t\t\t<img loading=\"lazy\" decoding=\"async\" width=\"300\" height=\"300\" src=\"https:\/\/ccs-fabricframe.de\/wp-content\/uploads\/2025\/08\/CCS_fabric_frame_raumtrenner_mobil_02a-300x300.webp\" class=\"attachment-woocommerce_thumbnail size-woocommerce_thumbnail\" alt=\"\" srcset=\"https:\/\/ccs-fabricframe.de\/wp-content\/uploads\/2025\/08\/CCS_fabric_frame_raumtrenner_mobil_02a-300x300.webp 300w, https:\/\/ccs-fabricframe.de\/wp-content\/uploads\/2025\/08\/CCS_fabric_frame_raumtrenner_mobil_02a-150x150.webp 150w, https:\/\/ccs-fabricframe.de\/wp-content\/uploads\/2025\/08\/CCS_fabric_frame_raumtrenner_mobil_02a-768x768.webp 768w, https:\/\/ccs-fabricframe.de\/wp-content\/uploads\/2025\/08\/CCS_fabric_frame_raumtrenner_mobil_02a-12x12.webp 12w, https:\/\/ccs-fabricframe.de\/wp-content\/uploads\/2025\/08\/CCS_fabric_frame_raumtrenner_mobil_02a-600x600.webp 600w, https:\/\/ccs-fabricframe.de\/wp-content\/uploads\/2025\/08\/CCS_fabric_frame_raumtrenner_mobil_02a.webp 800w\" sizes=\"auto, (max-width: 300px) 100vw, 300px\" \/>\t\t\t\t<\/a>\n\t\t\t<\/div>\n\t\t\t\n\t\t<div class=\"wd-add-btn wd-add-btn-replace\">\n\t\t\t<a href=\"https:\/\/ccs-fabricframe.de\/en\/product\/raumtrenner-mobil\/\" aria-describedby=\"woocommerce_loop_add_to_cart_link_describedby_6044\" data-quantity=\"1\" class=\"button product_type_simple add-to-cart-loop\" data-product_id=\"6044\" data-product_sku=\"\" aria-label=\"Read more about \u201cRaumtrenner mobil\u201d\" rel=\"nofollow\" data-success_message=\"\" data-no-translation-aria-label=\"\"><span data-no-translation=\"\" data-trp-gettext=\"\">Read more<\/span><\/a>\t<span id=\"woocommerce_loop_add_to_cart_link_describedby_6044\" class=\"screen-reader-text\">\n\t\t\t<\/span>\n\t\t<\/div>\n\n\t\t<div class=\"wd-buttons wd-pos-r-t\">\n\t\t\t\t\t\t\t\t\t\t\t<div class=\"quick-view wd-action-btn wd-style-icon wd-quick-view-icon\">\n\t\t\t<a\n\t\t\t\thref=\"https:\/\/ccs-fabricframe.de\/en\/product\/raumtrenner-mobil\/\"\n\t\t\t\tclass=\"open-quick-view quick-view-button\"\n\t\t\t\trel=\"nofollow\"\n\t\t\t\tdata-id=\"6044\"\n\t\t\t\t>Quick view<\/a>\n\t\t<\/div>\n\t\t\t\t\t\t\t<\/div>\n\t<\/div>\n\t\t\t\t\t<h3 class=\"wd-entities-title\"><a href=\"https:\/\/ccs-fabricframe.de\/en\/product\/raumtrenner-mobil\/\">Mobile Room Divider<\/a><\/h3>\t\t\t\t\t\t\n\n\t\t\n\t\t\n\t\t\t<\/div>\n<\/div>\n\t\t\t<\/div>\n\t\t\t<\/div><\/div>\n<\/div>\n\n\n\n<p id=\"wd-50766035\" class=\"wp-block-wd-paragraph\"><strong><a href=\"https:\/\/ccs-fabricframe.de\/en\/ccs-fabric-frame-das-textilspannrahmen-system\/ccs-led-frame\/\">LED frame<\/a><\/strong>: durch integrierte Beleuchtung wird der Druck von hinten beleuchtet \u2013 h\u00f6here Brillanz, starke Aufmerksamkeit, besonders in dunkleren Messehallen.<\/p>\n\n\n\n<div id=\"wd-9680738f\" class=\"wp-block-wd-row\">\n<div id=\"wd-11b10451\" class=\"wp-block-wd-column\">\t\t\t<div id=\"wd-09e6b417\" class=\"wd-products-element\">\n\t\t\t\n\t\t\n\t\t\t\t\t<div class=\"products wd-products  grid-columns-5 elements-grid wd-grid-g\" data-paged=\"1\" data-atts=\"{&quot;speed&quot;:5000,&quot;slides_per_view&quot;:&quot;5&quot;,&quot;wrap&quot;:&quot;no&quot;,&quot;hide_pagination_control&quot;:&quot;yes&quot;,&quot;hide_pagination_control_tablet&quot;:&quot;no&quot;,&quot;hide_pagination_control_mobile&quot;:&quot;no&quot;,&quot;hide_prev_next_buttons&quot;:&quot;no&quot;,&quot;hide_prev_next_buttons_tablet&quot;:&quot;no&quot;,&quot;hide_prev_next_buttons_mobile&quot;:&quot;no&quot;,&quot;spacing&quot;:&quot;10&quot;,&quot;sync_parent_id&quot;:&quot;wd_1f73009d&quot;,&quot;taxonomies&quot;:&quot;21&quot;,&quot;items_per_page&quot;:&quot;5&quot;,&quot;columns&quot;:5,&quot;products_different_sizes&quot;:&quot;disable&quot;,&quot;el_id&quot;:&quot;wd-09e6b417&quot;,&quot;force_not_ajax&quot;:&quot;no&quot;}\" data-source=\"shortcode\" data-columns=\"5\" data-grid-gallery=\"\" style=\"--wd-col-lg:5;--wd-col-md:4;--wd-col-sm:2;--wd-gap-lg:10px;\">\n\t\t\t<div class=\"wd-product wd-hover-button wd-col product-grid-item product type-product post-6035 status-publish instock product_cat-event product_cat-keder product_cat-light-frame product_cat-led-frame product_cat-produkt product_cat-sublimation product_tag-event product_tag-stehend has-post-thumbnail shipping-taxable product-type-simple\" data-loop=\"1\" data-id=\"6035\">\n\t\n\t\n<div class=\"product-wrapper\">\n\t<div class=\"product-element-top wd-quick-shop\">\n\t\t<a href=\"https:\/\/ccs-fabricframe.de\/en\/product\/event-frame\/\" class=\"product-image-link\">\n\t\t\t<img loading=\"lazy\" decoding=\"async\" width=\"300\" height=\"300\" src=\"https:\/\/ccs-fabricframe.de\/wp-content\/uploads\/2025\/08\/CCS_fabric_frame_produkt_event_frame_03_2-300x300.webp\" class=\"attachment-woocommerce_thumbnail size-woocommerce_thumbnail\" alt=\"Beleuchteter Textilspannrahmen CCS Event Frame in einem Theater\" srcset=\"https:\/\/ccs-fabricframe.de\/wp-content\/uploads\/2025\/08\/CCS_fabric_frame_produkt_event_frame_03_2-300x300.webp 300w, https:\/\/ccs-fabricframe.de\/wp-content\/uploads\/2025\/08\/CCS_fabric_frame_produkt_event_frame_03_2-150x150.webp 150w, https:\/\/ccs-fabricframe.de\/wp-content\/uploads\/2025\/08\/CCS_fabric_frame_produkt_event_frame_03_2-768x768.webp 768w, https:\/\/ccs-fabricframe.de\/wp-content\/uploads\/2025\/08\/CCS_fabric_frame_produkt_event_frame_03_2-12x12.webp 12w, https:\/\/ccs-fabricframe.de\/wp-content\/uploads\/2025\/08\/CCS_fabric_frame_produkt_event_frame_03_2-600x600.webp 600w, https:\/\/ccs-fabricframe.de\/wp-content\/uploads\/2025\/08\/CCS_fabric_frame_produkt_event_frame_03_2.webp 800w\" sizes=\"auto, (max-width: 300px) 100vw, 300px\" \/>\t\t<\/a>\n\n\t\t\t\t\t<div class=\"hover-img\">\n\t\t\t\t<a href=\"https:\/\/ccs-fabricframe.de\/en\/product\/event-frame\/\" aria-label=\"Product image\">\n\t\t\t\t\t<img loading=\"lazy\" decoding=\"async\" width=\"300\" height=\"300\" src=\"https:\/\/ccs-fabricframe.de\/wp-content\/uploads\/2025\/08\/CCS_fabric_frame_produkt_event_frame_01a-300x300.webp\" class=\"attachment-woocommerce_thumbnail size-woocommerce_thumbnail\" alt=\"Beleuchteter Textilspannrahmen CCS Event Frame\" srcset=\"https:\/\/ccs-fabricframe.de\/wp-content\/uploads\/2025\/08\/CCS_fabric_frame_produkt_event_frame_01a-300x300.webp 300w, https:\/\/ccs-fabricframe.de\/wp-content\/uploads\/2025\/08\/CCS_fabric_frame_produkt_event_frame_01a-150x150.webp 150w, https:\/\/ccs-fabricframe.de\/wp-content\/uploads\/2025\/08\/CCS_fabric_frame_produkt_event_frame_01a-768x768.webp 768w, https:\/\/ccs-fabricframe.de\/wp-content\/uploads\/2025\/08\/CCS_fabric_frame_produkt_event_frame_01a-12x12.webp 12w, https:\/\/ccs-fabricframe.de\/wp-content\/uploads\/2025\/08\/CCS_fabric_frame_produkt_event_frame_01a-600x600.webp 600w, https:\/\/ccs-fabricframe.de\/wp-content\/uploads\/2025\/08\/CCS_fabric_frame_produkt_event_frame_01a.webp 800w\" sizes=\"auto, (max-width: 300px) 100vw, 300px\" \/>\t\t\t\t<\/a>\n\t\t\t<\/div>\n\t\t\t\n\t\t<div class=\"wd-add-btn wd-add-btn-replace\">\n\t\t\t<a href=\"https:\/\/ccs-fabricframe.de\/en\/product\/event-frame\/\" aria-describedby=\"woocommerce_loop_add_to_cart_link_describedby_6035\" data-quantity=\"1\" class=\"button product_type_simple add-to-cart-loop\" data-product_id=\"6035\" data-product_sku=\"\" aria-label=\"Read more about \u201cEvent Frame\u201d\" rel=\"nofollow\" data-success_message=\"\" data-no-translation-aria-label=\"\"><span data-no-translation=\"\" data-trp-gettext=\"\">Read more<\/span><\/a>\t<span id=\"woocommerce_loop_add_to_cart_link_describedby_6035\" class=\"screen-reader-text\">\n\t\t\t<\/span>\n\t\t<\/div>\n\n\t\t<div class=\"wd-buttons wd-pos-r-t\">\n\t\t\t\t\t\t\t\t\t\t\t<div class=\"quick-view wd-action-btn wd-style-icon wd-quick-view-icon\">\n\t\t\t<a\n\t\t\t\thref=\"https:\/\/ccs-fabricframe.de\/en\/product\/event-frame\/\"\n\t\t\t\tclass=\"open-quick-view quick-view-button\"\n\t\t\t\trel=\"nofollow\"\n\t\t\t\tdata-id=\"6035\"\n\t\t\t\t>Quick view<\/a>\n\t\t<\/div>\n\t\t\t\t\t\t\t<\/div>\n\t<\/div>\n\t\t\t\t\t<h3 class=\"wd-entities-title\"><a href=\"https:\/\/ccs-fabricframe.de\/en\/product\/event-frame\/\">Event Frame<\/a><\/h3>\t\t\t\t\t\t\n\n\t\t\n\t\t\n\t\t\t<\/div>\n<\/div>\n<div class=\"wd-product wd-hover-button wd-col product-grid-item product type-product post-6039 status-publish instock product_cat-event product_cat-hinterleuchtet product_cat-keder product_cat-light-frame product_cat-led-frame product_cat-messebau product_cat-produkt product_cat-sublimation product_tag-stehend has-post-thumbnail shipping-taxable product-type-simple\" data-loop=\"2\" data-id=\"6039\">\n\t\n\t\n<div class=\"product-wrapper\">\n\t<div class=\"product-element-top wd-quick-shop\">\n\t\t<a href=\"https:\/\/ccs-fabricframe.de\/en\/product\/expo-frame-led\/\" class=\"product-image-link\">\n\t\t\t<img loading=\"lazy\" decoding=\"async\" width=\"300\" height=\"300\" src=\"https:\/\/ccs-fabricframe.de\/wp-content\/uploads\/2025\/08\/CCS_fabric_frame_produkt_expo_frame_LED_01_2a-300x300.webp\" class=\"attachment-woocommerce_thumbnail size-woocommerce_thumbnail\" alt=\"CCS Expo Frame LED mit Backlighting f\u00fcr Messest\u00e4nde\" srcset=\"https:\/\/ccs-fabricframe.de\/wp-content\/uploads\/2025\/08\/CCS_fabric_frame_produkt_expo_frame_LED_01_2a-300x300.webp 300w, https:\/\/ccs-fabricframe.de\/wp-content\/uploads\/2025\/08\/CCS_fabric_frame_produkt_expo_frame_LED_01_2a-150x150.webp 150w, https:\/\/ccs-fabricframe.de\/wp-content\/uploads\/2025\/08\/CCS_fabric_frame_produkt_expo_frame_LED_01_2a-768x768.webp 768w, https:\/\/ccs-fabricframe.de\/wp-content\/uploads\/2025\/08\/CCS_fabric_frame_produkt_expo_frame_LED_01_2a-12x12.webp 12w, https:\/\/ccs-fabricframe.de\/wp-content\/uploads\/2025\/08\/CCS_fabric_frame_produkt_expo_frame_LED_01_2a-600x600.webp 600w, https:\/\/ccs-fabricframe.de\/wp-content\/uploads\/2025\/08\/CCS_fabric_frame_produkt_expo_frame_LED_01_2a.webp 800w\" sizes=\"auto, (max-width: 300px) 100vw, 300px\" \/>\t\t<\/a>\n\n\t\t\t\t\t<div class=\"hover-img\">\n\t\t\t\t<a href=\"https:\/\/ccs-fabricframe.de\/en\/product\/expo-frame-led\/\" aria-label=\"Product image\">\n\t\t\t\t\t<img loading=\"lazy\" decoding=\"async\" width=\"300\" height=\"300\" src=\"https:\/\/ccs-fabricframe.de\/wp-content\/uploads\/2025\/08\/CCS_fabric_frame_produkt_expo_frame_04a-300x300.webp\" class=\"attachment-woocommerce_thumbnail size-woocommerce_thumbnail\" alt=\"Expo Frame als R\u00fcckwand eines Messestands\" srcset=\"https:\/\/ccs-fabricframe.de\/wp-content\/uploads\/2025\/08\/CCS_fabric_frame_produkt_expo_frame_04a-300x300.webp 300w, https:\/\/ccs-fabricframe.de\/wp-content\/uploads\/2025\/08\/CCS_fabric_frame_produkt_expo_frame_04a-150x150.webp 150w, https:\/\/ccs-fabricframe.de\/wp-content\/uploads\/2025\/08\/CCS_fabric_frame_produkt_expo_frame_04a-768x768.webp 768w, https:\/\/ccs-fabricframe.de\/wp-content\/uploads\/2025\/08\/CCS_fabric_frame_produkt_expo_frame_04a-12x12.webp 12w, https:\/\/ccs-fabricframe.de\/wp-content\/uploads\/2025\/08\/CCS_fabric_frame_produkt_expo_frame_04a-600x600.webp 600w, https:\/\/ccs-fabricframe.de\/wp-content\/uploads\/2025\/08\/CCS_fabric_frame_produkt_expo_frame_04a.webp 800w\" sizes=\"auto, (max-width: 300px) 100vw, 300px\" \/>\t\t\t\t<\/a>\n\t\t\t<\/div>\n\t\t\t\n\t\t<div class=\"wd-add-btn wd-add-btn-replace\">\n\t\t\t<a href=\"https:\/\/ccs-fabricframe.de\/en\/product\/expo-frame-led\/\" aria-describedby=\"woocommerce_loop_add_to_cart_link_describedby_6039\" data-quantity=\"1\" class=\"button product_type_simple add-to-cart-loop\" data-product_id=\"6039\" data-product_sku=\"\" aria-label=\"Read more about \u201cExpo Frame LED\u201d\" rel=\"nofollow\" data-success_message=\"\" data-no-translation-aria-label=\"\"><span data-no-translation=\"\" data-trp-gettext=\"\">Read more<\/span><\/a>\t<span id=\"woocommerce_loop_add_to_cart_link_describedby_6039\" class=\"screen-reader-text\">\n\t\t\t<\/span>\n\t\t<\/div>\n\n\t\t<div class=\"wd-buttons wd-pos-r-t\">\n\t\t\t\t\t\t\t\t\t\t\t<div class=\"quick-view wd-action-btn wd-style-icon wd-quick-view-icon\">\n\t\t\t<a\n\t\t\t\thref=\"https:\/\/ccs-fabricframe.de\/en\/product\/expo-frame-led\/\"\n\t\t\t\tclass=\"open-quick-view quick-view-button\"\n\t\t\t\trel=\"nofollow\"\n\t\t\t\tdata-id=\"6039\"\n\t\t\t\t>Quick view<\/a>\n\t\t<\/div>\n\t\t\t\t\t\t\t<\/div>\n\t<\/div>\n\t\t\t\t\t<h3 class=\"wd-entities-title\"><a href=\"https:\/\/ccs-fabricframe.de\/en\/product\/expo-frame-led\/\">Expo Frame LED<\/a><\/h3>\t\t\t\t\t\t\n\n\t\t\n\t\t\n\t\t\t<\/div>\n<\/div>\n<div class=\"wd-product wd-hover-button wd-col product-grid-item product type-product post-1517 status-publish last instock product_cat-fabric-anwendung product_cat-fabric-druck product_cat-event product_cat-hinterleuchtet product_cat-keder product_cat-light-frame product_cat-led-frame product_cat-produkt product_cat-sublimation product_cat-fabric-verarbeitung product_tag-backlit product_tag-stehend has-post-thumbnail shipping-taxable product-type-simple\" data-loop=\"3\" data-id=\"1517\">\n\t\n\t\n<div class=\"product-wrapper\">\n\t<div class=\"product-element-top wd-quick-shop\">\n\t\t<a href=\"https:\/\/ccs-fabricframe.de\/en\/product\/game-frame\/\" class=\"product-image-link\">\n\t\t\t<img loading=\"lazy\" decoding=\"async\" width=\"300\" height=\"300\" src=\"https:\/\/ccs-fabricframe.de\/wp-content\/uploads\/2025\/07\/CCS_produkt_game_frame_00-300x300.webp\" class=\"attachment-woocommerce_thumbnail size-woocommerce_thumbnail\" alt=\"Der Game Frame: Textilspannrahmen mit 2 eingesetzten beleuchteten Vitrinen, in denen Trikots h\u00e4ngen\" srcset=\"https:\/\/ccs-fabricframe.de\/wp-content\/uploads\/2025\/07\/CCS_produkt_game_frame_00-300x300.webp 300w, https:\/\/ccs-fabricframe.de\/wp-content\/uploads\/2025\/07\/CCS_produkt_game_frame_00-150x150.webp 150w, https:\/\/ccs-fabricframe.de\/wp-content\/uploads\/2025\/07\/CCS_produkt_game_frame_00-768x768.webp 768w, https:\/\/ccs-fabricframe.de\/wp-content\/uploads\/2025\/07\/CCS_produkt_game_frame_00-12x12.webp 12w, https:\/\/ccs-fabricframe.de\/wp-content\/uploads\/2025\/07\/CCS_produkt_game_frame_00-600x600.webp 600w, https:\/\/ccs-fabricframe.de\/wp-content\/uploads\/2025\/07\/CCS_produkt_game_frame_00.webp 800w\" sizes=\"auto, (max-width: 300px) 100vw, 300px\" \/>\t\t<\/a>\n\n\t\t\t\t\t<div class=\"hover-img\">\n\t\t\t\t<a href=\"https:\/\/ccs-fabricframe.de\/en\/product\/game-frame\/\" aria-label=\"Product image\">\n\t\t\t\t\t<img loading=\"lazy\" decoding=\"async\" width=\"300\" height=\"300\" src=\"https:\/\/ccs-fabricframe.de\/wp-content\/uploads\/2025\/08\/CCS_produkt_game_frame_02-300x300.webp\" class=\"attachment-woocommerce_thumbnail size-woocommerce_thumbnail\" alt=\"Der Game Frame: Textilspannrahmen mit 2 eingesetzten beleuchteten Vitrinen, in denen Trikots h\u00e4ngen\" srcset=\"https:\/\/ccs-fabricframe.de\/wp-content\/uploads\/2025\/08\/CCS_produkt_game_frame_02-300x300.webp 300w, https:\/\/ccs-fabricframe.de\/wp-content\/uploads\/2025\/08\/CCS_produkt_game_frame_02-150x150.webp 150w, https:\/\/ccs-fabricframe.de\/wp-content\/uploads\/2025\/08\/CCS_produkt_game_frame_02-768x768.webp 768w, https:\/\/ccs-fabricframe.de\/wp-content\/uploads\/2025\/08\/CCS_produkt_game_frame_02-12x12.webp 12w, https:\/\/ccs-fabricframe.de\/wp-content\/uploads\/2025\/08\/CCS_produkt_game_frame_02-600x600.webp 600w, https:\/\/ccs-fabricframe.de\/wp-content\/uploads\/2025\/08\/CCS_produkt_game_frame_02.webp 800w\" sizes=\"auto, (max-width: 300px) 100vw, 300px\" \/>\t\t\t\t<\/a>\n\t\t\t<\/div>\n\t\t\t\n\t\t<div class=\"wd-add-btn wd-add-btn-replace\">\n\t\t\t<a href=\"https:\/\/ccs-fabricframe.de\/en\/product\/game-frame\/\" aria-describedby=\"woocommerce_loop_add_to_cart_link_describedby_1517\" data-quantity=\"1\" class=\"button product_type_simple add-to-cart-loop\" data-product_id=\"1517\" data-product_sku=\"\" aria-label=\"Read more about \u201cGame Frame\u201d\" rel=\"nofollow\" data-success_message=\"\" data-no-translation-aria-label=\"\"><span data-no-translation=\"\" data-trp-gettext=\"\">Read more<\/span><\/a>\t<span id=\"woocommerce_loop_add_to_cart_link_describedby_1517\" class=\"screen-reader-text\">\n\t\t\t<\/span>\n\t\t<\/div>\n\n\t\t<div class=\"wd-buttons wd-pos-r-t\">\n\t\t\t\t\t\t\t\t\t\t\t<div class=\"quick-view wd-action-btn wd-style-icon wd-quick-view-icon\">\n\t\t\t<a\n\t\t\t\thref=\"https:\/\/ccs-fabricframe.de\/en\/product\/game-frame\/\"\n\t\t\t\tclass=\"open-quick-view quick-view-button\"\n\t\t\t\trel=\"nofollow\"\n\t\t\t\tdata-id=\"1517\"\n\t\t\t\t>Quick view<\/a>\n\t\t<\/div>\n\t\t\t\t\t\t\t<\/div>\n\t<\/div>\n\t\t\t\t\t<h3 class=\"wd-entities-title\"><a href=\"https:\/\/ccs-fabricframe.de\/en\/product\/game-frame\/\">Game Frame<\/a><\/h3>\t\t\t\t\t\t\n\n\t\t\n\t\t\n\t\t\t<\/div>\n<\/div>\n<div class=\"wd-product wd-hover-button wd-col product-grid-item product type-product post-6887 status-publish first instock product_cat-healthcare product_cat-hinterleuchtet product_cat-hospitality product_cat-keder product_cat-light-frame product_cat-led-frame product_cat-messebau product_cat-interior product_cat-produkt product_cat-retail-ladenbau product_cat-sublimation product_tag-decke has-post-thumbnail shipping-taxable product-type-simple\" data-loop=\"4\" data-id=\"6887\">\n\t\n\t\n<div class=\"product-wrapper\">\n\t<div class=\"product-element-top wd-quick-shop\">\n\t\t<a href=\"https:\/\/ccs-fabricframe.de\/en\/product\/led-deckensegel\/\" class=\"product-image-link\">\n\t\t\t<img loading=\"lazy\" decoding=\"async\" width=\"300\" height=\"300\" src=\"https:\/\/ccs-fabricframe.de\/wp-content\/uploads\/2025\/11\/CCS_fabric_frame_produkt_LED_Deckensegel_03a-300x300.webp\" class=\"attachment-woocommerce_thumbnail size-woocommerce_thumbnail\" alt=\"Beleuchtetes Deckensegel in einem B\u00fcroflur\" srcset=\"https:\/\/ccs-fabricframe.de\/wp-content\/uploads\/2025\/11\/CCS_fabric_frame_produkt_LED_Deckensegel_03a-300x300.webp 300w, https:\/\/ccs-fabricframe.de\/wp-content\/uploads\/2025\/11\/CCS_fabric_frame_produkt_LED_Deckensegel_03a-150x150.webp 150w, https:\/\/ccs-fabricframe.de\/wp-content\/uploads\/2025\/11\/CCS_fabric_frame_produkt_LED_Deckensegel_03a-768x768.webp 768w, https:\/\/ccs-fabricframe.de\/wp-content\/uploads\/2025\/11\/CCS_fabric_frame_produkt_LED_Deckensegel_03a-12x12.webp 12w, https:\/\/ccs-fabricframe.de\/wp-content\/uploads\/2025\/11\/CCS_fabric_frame_produkt_LED_Deckensegel_03a-600x600.webp 600w, https:\/\/ccs-fabricframe.de\/wp-content\/uploads\/2025\/11\/CCS_fabric_frame_produkt_LED_Deckensegel_03a.webp 800w\" sizes=\"auto, (max-width: 300px) 100vw, 300px\" \/>\t\t<\/a>\n\n\t\t\t\t\t<div class=\"hover-img\">\n\t\t\t\t<a href=\"https:\/\/ccs-fabricframe.de\/en\/product\/led-deckensegel\/\" aria-label=\"Product image\">\n\t\t\t\t\t<img loading=\"lazy\" decoding=\"async\" width=\"300\" height=\"300\" src=\"https:\/\/ccs-fabricframe.de\/wp-content\/uploads\/2025\/11\/CCS_fabric_frame_produkt_LED_Deckensegel_02a-300x300.webp\" class=\"attachment-woocommerce_thumbnail size-woocommerce_thumbnail\" alt=\"\" srcset=\"https:\/\/ccs-fabricframe.de\/wp-content\/uploads\/2025\/11\/CCS_fabric_frame_produkt_LED_Deckensegel_02a-300x300.webp 300w, https:\/\/ccs-fabricframe.de\/wp-content\/uploads\/2025\/11\/CCS_fabric_frame_produkt_LED_Deckensegel_02a-150x150.webp 150w, https:\/\/ccs-fabricframe.de\/wp-content\/uploads\/2025\/11\/CCS_fabric_frame_produkt_LED_Deckensegel_02a-768x768.webp 768w, https:\/\/ccs-fabricframe.de\/wp-content\/uploads\/2025\/11\/CCS_fabric_frame_produkt_LED_Deckensegel_02a-12x12.webp 12w, https:\/\/ccs-fabricframe.de\/wp-content\/uploads\/2025\/11\/CCS_fabric_frame_produkt_LED_Deckensegel_02a-600x600.webp 600w, https:\/\/ccs-fabricframe.de\/wp-content\/uploads\/2025\/11\/CCS_fabric_frame_produkt_LED_Deckensegel_02a.webp 800w\" sizes=\"auto, (max-width: 300px) 100vw, 300px\" \/>\t\t\t\t<\/a>\n\t\t\t<\/div>\n\t\t\t\n\t\t<div class=\"wd-add-btn wd-add-btn-replace\">\n\t\t\t<a href=\"https:\/\/ccs-fabricframe.de\/en\/product\/led-deckensegel\/\" aria-describedby=\"woocommerce_loop_add_to_cart_link_describedby_6887\" data-quantity=\"1\" class=\"button product_type_simple add-to-cart-loop\" data-product_id=\"6887\" data-product_sku=\"\" aria-label=\"Read more about \u201cLED Deckensegel\u201d\" rel=\"nofollow\" data-success_message=\"\" data-no-translation-aria-label=\"\"><span data-no-translation=\"\" data-trp-gettext=\"\">Read more<\/span><\/a>\t<span id=\"woocommerce_loop_add_to_cart_link_describedby_6887\" class=\"screen-reader-text\">\n\t\t\t<\/span>\n\t\t<\/div>\n\n\t\t<div class=\"wd-buttons wd-pos-r-t\">\n\t\t\t\t\t\t\t\t\t\t\t<div class=\"quick-view wd-action-btn wd-style-icon wd-quick-view-icon\">\n\t\t\t<a\n\t\t\t\thref=\"https:\/\/ccs-fabricframe.de\/en\/product\/led-deckensegel\/\"\n\t\t\t\tclass=\"open-quick-view quick-view-button\"\n\t\t\t\trel=\"nofollow\"\n\t\t\t\tdata-id=\"6887\"\n\t\t\t\t>Quick view<\/a>\n\t\t<\/div>\n\t\t\t\t\t\t\t<\/div>\n\t<\/div>\n\t\t\t\t\t<h3 class=\"wd-entities-title\"><a href=\"https:\/\/ccs-fabricframe.de\/en\/product\/led-deckensegel\/\">LED Deckensegel<\/a><\/h3>\t\t\t\t\t\t\n\n\t\t\n\t\t\n\t\t\t<\/div>\n<\/div>\n<div class=\"wd-product wd-hover-button wd-col product-grid-item product type-product post-6061 status-publish instock product_cat-akustik product_cat-event product_cat-healthcare product_cat-hospitality product_cat-keder product_cat-latexdruck product_cat-light-frame product_cat-led-frame product_cat-messebau product_cat-interior product_cat-produkt product_cat-retail-ladenbau product_cat-sublimation product_tag-decke product_tag-led-frame product_tag-wandmontiert has-post-thumbnail shipping-taxable product-type-simple\" data-loop=\"5\" data-id=\"6061\">\n\t\n\t\n<div class=\"product-wrapper\">\n\t<div class=\"product-element-top wd-quick-shop\">\n\t\t<a href=\"https:\/\/ccs-fabricframe.de\/en\/product\/led-frame\/\" class=\"product-image-link\">\n\t\t\t<img loading=\"lazy\" decoding=\"async\" width=\"300\" height=\"300\" src=\"https:\/\/ccs-fabricframe.de\/wp-content\/uploads\/2025\/08\/CCS_fabric_frame_produkt_LED_frame_04a-300x300.webp\" class=\"attachment-woocommerce_thumbnail size-woocommerce_thumbnail\" alt=\"Light box with textile print in a foyer\" srcset=\"https:\/\/ccs-fabricframe.de\/wp-content\/uploads\/2025\/08\/CCS_fabric_frame_produkt_LED_frame_04a-300x300.webp 300w, https:\/\/ccs-fabricframe.de\/wp-content\/uploads\/2025\/08\/CCS_fabric_frame_produkt_LED_frame_04a-150x150.webp 150w, https:\/\/ccs-fabricframe.de\/wp-content\/uploads\/2025\/08\/CCS_fabric_frame_produkt_LED_frame_04a-768x768.webp 768w, https:\/\/ccs-fabricframe.de\/wp-content\/uploads\/2025\/08\/CCS_fabric_frame_produkt_LED_frame_04a-12x12.webp 12w, https:\/\/ccs-fabricframe.de\/wp-content\/uploads\/2025\/08\/CCS_fabric_frame_produkt_LED_frame_04a-600x600.webp 600w, https:\/\/ccs-fabricframe.de\/wp-content\/uploads\/2025\/08\/CCS_fabric_frame_produkt_LED_frame_04a.webp 800w\" sizes=\"auto, (max-width: 300px) 100vw, 300px\" \/>\t\t<\/a>\n\n\t\t\t\t\t<div class=\"hover-img\">\n\t\t\t\t<a href=\"https:\/\/ccs-fabricframe.de\/en\/product\/led-frame\/\" aria-label=\"Product image\">\n\t\t\t\t\t<img loading=\"lazy\" decoding=\"async\" width=\"300\" height=\"300\" src=\"https:\/\/ccs-fabricframe.de\/wp-content\/uploads\/2025\/08\/CCS_fabric_frame_produkt_LED_frame_03a-300x300.webp\" class=\"attachment-woocommerce_thumbnail size-woocommerce_thumbnail\" alt=\"LED-lit CCS Light Frame\" srcset=\"https:\/\/ccs-fabricframe.de\/wp-content\/uploads\/2025\/08\/CCS_fabric_frame_produkt_LED_frame_03a-300x300.webp 300w, https:\/\/ccs-fabricframe.de\/wp-content\/uploads\/2025\/08\/CCS_fabric_frame_produkt_LED_frame_03a-150x150.webp 150w, https:\/\/ccs-fabricframe.de\/wp-content\/uploads\/2025\/08\/CCS_fabric_frame_produkt_LED_frame_03a-768x768.webp 768w, https:\/\/ccs-fabricframe.de\/wp-content\/uploads\/2025\/08\/CCS_fabric_frame_produkt_LED_frame_03a-12x12.webp 12w, https:\/\/ccs-fabricframe.de\/wp-content\/uploads\/2025\/08\/CCS_fabric_frame_produkt_LED_frame_03a-600x600.webp 600w, https:\/\/ccs-fabricframe.de\/wp-content\/uploads\/2025\/08\/CCS_fabric_frame_produkt_LED_frame_03a.webp 800w\" sizes=\"auto, (max-width: 300px) 100vw, 300px\" \/>\t\t\t\t<\/a>\n\t\t\t<\/div>\n\t\t\t\n\t\t<div class=\"wd-add-btn wd-add-btn-replace\">\n\t\t\t<a href=\"https:\/\/ccs-fabricframe.de\/en\/product\/led-frame\/\" aria-describedby=\"woocommerce_loop_add_to_cart_link_describedby_6061\" data-quantity=\"1\" class=\"button product_type_simple add-to-cart-loop\" data-product_id=\"6061\" data-product_sku=\"\" aria-label=\"Read more about \u201cLED frame\u201d\" rel=\"nofollow\" data-success_message=\"\" data-no-translation-aria-label=\"\"><span data-no-translation=\"\" data-trp-gettext=\"\">Read more<\/span><\/a>\t<span id=\"woocommerce_loop_add_to_cart_link_describedby_6061\" class=\"screen-reader-text\">\n\t\t\t<\/span>\n\t\t<\/div>\n\n\t\t<div class=\"wd-buttons wd-pos-r-t\">\n\t\t\t\t\t\t\t\t\t\t\t<div class=\"quick-view wd-action-btn wd-style-icon wd-quick-view-icon\">\n\t\t\t<a\n\t\t\t\thref=\"https:\/\/ccs-fabricframe.de\/en\/product\/led-frame\/\"\n\t\t\t\tclass=\"open-quick-view quick-view-button\"\n\t\t\t\trel=\"nofollow\"\n\t\t\t\tdata-id=\"6061\"\n\t\t\t\t>Quick view<\/a>\n\t\t<\/div>\n\t\t\t\t\t\t\t<\/div>\n\t<\/div>\n\t\t\t\t\t<h3 class=\"wd-entities-title\"><a href=\"https:\/\/ccs-fabricframe.de\/en\/product\/led-frame\/\">LED frame<\/a><\/h3>\t\t\t\t\t\t\n\n\t\t\n\t\t\n\t\t\t<\/div>\n<\/div>\n\t\t\t<\/div>\n\t\t\t<\/div><\/div>\n<\/div>\n\n\n\n<p id=\"wd-f8f78459\" class=\"wp-block-wd-paragraph\"><strong><a href=\"https:\/\/ccs-fabricframe.de\/en\/ccs-fabric-frame-das-textilspannrahmen-system\/ccs-akustikrahmen\/\">Acoustic frame<\/a><\/strong>: Doppelte Funktion \u2013 akustische Verbesserung UND \u00e4sthetische Pr\u00e4sentation. In offenen Messest\u00e4nden wichtig, um den Nachhall zu reduzieren und dennoch visuell zu gl\u00e4nzen. So macht ihr euch die Gespr\u00e4che mit potenziellen Kunden wesentlich angenehmer.<\/p>\n\n\n\n<div id=\"wd-ead8656f\" class=\"wp-block-wd-row\">\n<div id=\"wd-edf028db\" class=\"wp-block-wd-column wd-align-is-lg-center wd-align\">\t\t\t<div id=\"wd-a5c69c10\" class=\"wd-products-element\">\n\t\t\t\n\t\t\n\t\t\t\t\t<div class=\"products wd-products  grid-columns-4 elements-grid wd-grid-g\" data-paged=\"1\" data-atts=\"{&quot;speed&quot;:5000,&quot;slides_per_view&quot;:&quot;5&quot;,&quot;wrap&quot;:&quot;no&quot;,&quot;hide_pagination_control&quot;:&quot;yes&quot;,&quot;hide_pagination_control_tablet&quot;:&quot;no&quot;,&quot;hide_pagination_control_mobile&quot;:&quot;no&quot;,&quot;hide_prev_next_buttons&quot;:&quot;no&quot;,&quot;hide_prev_next_buttons_tablet&quot;:&quot;no&quot;,&quot;hide_prev_next_buttons_mobile&quot;:&quot;no&quot;,&quot;spacing&quot;:&quot;10&quot;,&quot;sync_parent_id&quot;:&quot;wd_1f73009d&quot;,&quot;taxonomies&quot;:&quot;22&quot;,&quot;items_per_page&quot;:&quot;5&quot;,&quot;products_different_sizes&quot;:&quot;disable&quot;,&quot;el_id&quot;:&quot;wd-a5c69c10&quot;,&quot;force_not_ajax&quot;:&quot;no&quot;}\" data-source=\"shortcode\" data-columns=\"4\" data-grid-gallery=\"\" style=\"--wd-col-lg:4;--wd-col-md:4;--wd-col-sm:2;--wd-gap-lg:10px;\">\n\t\t\t<div class=\"wd-product wd-hover-button wd-col product-grid-item product type-product post-6062 status-publish instock product_cat-acoustic-frame product_cat-acoustic-frame-produkt product_cat-akustik product_cat-event product_cat-healthcare product_cat-hospitality product_cat-keder product_cat-messebau product_cat-interior product_cat-produkt product_cat-retail-ladenbau product_cat-sublimation product_tag-acoustic-frame product_tag-akustik product_tag-decke product_tag-wandmontiert has-post-thumbnail shipping-taxable product-type-simple\" data-loop=\"1\" data-id=\"6062\">\n\t\n\t\n<div class=\"product-wrapper\">\n\t<div class=\"product-element-top wd-quick-shop\">\n\t\t<a href=\"https:\/\/ccs-fabricframe.de\/en\/product\/acoustic-frame\/\" class=\"product-image-link\">\n\t\t\t<img loading=\"lazy\" decoding=\"async\" width=\"300\" height=\"300\" src=\"https:\/\/ccs-fabricframe.de\/wp-content\/uploads\/2025\/08\/CCS_fabric_frame_produkt_acoustic_frame_5-300x300.webp\" class=\"attachment-woocommerce_thumbnail size-woocommerce_thumbnail\" alt=\"CCS Acoustic Frame als Wandbild in einem Aufenthaltsbereich\" srcset=\"https:\/\/ccs-fabricframe.de\/wp-content\/uploads\/2025\/08\/CCS_fabric_frame_produkt_acoustic_frame_5-300x300.webp 300w, https:\/\/ccs-fabricframe.de\/wp-content\/uploads\/2025\/08\/CCS_fabric_frame_produkt_acoustic_frame_5-150x150.webp 150w, https:\/\/ccs-fabricframe.de\/wp-content\/uploads\/2025\/08\/CCS_fabric_frame_produkt_acoustic_frame_5-768x768.webp 768w, https:\/\/ccs-fabricframe.de\/wp-content\/uploads\/2025\/08\/CCS_fabric_frame_produkt_acoustic_frame_5-12x12.webp 12w, https:\/\/ccs-fabricframe.de\/wp-content\/uploads\/2025\/08\/CCS_fabric_frame_produkt_acoustic_frame_5-600x600.webp 600w, https:\/\/ccs-fabricframe.de\/wp-content\/uploads\/2025\/08\/CCS_fabric_frame_produkt_acoustic_frame_5.webp 800w\" sizes=\"auto, (max-width: 300px) 100vw, 300px\" \/>\t\t<\/a>\n\n\t\t\t\t\t<div class=\"hover-img\">\n\t\t\t\t<a href=\"https:\/\/ccs-fabricframe.de\/en\/product\/acoustic-frame\/\" aria-label=\"Product image\">\n\t\t\t\t\t<img loading=\"lazy\" decoding=\"async\" width=\"300\" height=\"300\" src=\"https:\/\/ccs-fabricframe.de\/wp-content\/uploads\/2025\/08\/CCS_fabric_frame_produkt_acoustic_frame_a-300x300.webp\" class=\"attachment-woocommerce_thumbnail size-woocommerce_thumbnail\" alt=\"CCS Acoustic Frame als Wandbild in einem Caf\u00e9\" srcset=\"https:\/\/ccs-fabricframe.de\/wp-content\/uploads\/2025\/08\/CCS_fabric_frame_produkt_acoustic_frame_a-300x300.webp 300w, https:\/\/ccs-fabricframe.de\/wp-content\/uploads\/2025\/08\/CCS_fabric_frame_produkt_acoustic_frame_a-150x150.webp 150w, https:\/\/ccs-fabricframe.de\/wp-content\/uploads\/2025\/08\/CCS_fabric_frame_produkt_acoustic_frame_a-768x768.webp 768w, https:\/\/ccs-fabricframe.de\/wp-content\/uploads\/2025\/08\/CCS_fabric_frame_produkt_acoustic_frame_a-12x12.webp 12w, https:\/\/ccs-fabricframe.de\/wp-content\/uploads\/2025\/08\/CCS_fabric_frame_produkt_acoustic_frame_a-600x600.webp 600w, https:\/\/ccs-fabricframe.de\/wp-content\/uploads\/2025\/08\/CCS_fabric_frame_produkt_acoustic_frame_a.webp 800w\" sizes=\"auto, (max-width: 300px) 100vw, 300px\" \/>\t\t\t\t<\/a>\n\t\t\t<\/div>\n\t\t\t\n\t\t<div class=\"wd-add-btn wd-add-btn-replace\">\n\t\t\t<a href=\"https:\/\/ccs-fabricframe.de\/en\/product\/acoustic-frame\/\" aria-describedby=\"woocommerce_loop_add_to_cart_link_describedby_6062\" data-quantity=\"1\" class=\"button product_type_simple add-to-cart-loop\" data-product_id=\"6062\" data-product_sku=\"\" aria-label=\"Read more about \u201cAcoustic frame\u201d\" rel=\"nofollow\" data-success_message=\"\" data-no-translation-aria-label=\"\"><span data-no-translation=\"\" data-trp-gettext=\"\">Read more<\/span><\/a>\t<span id=\"woocommerce_loop_add_to_cart_link_describedby_6062\" class=\"screen-reader-text\">\n\t\t\t<\/span>\n\t\t<\/div>\n\n\t\t<div class=\"wd-buttons wd-pos-r-t\">\n\t\t\t\t\t\t\t\t\t\t\t<div class=\"quick-view wd-action-btn wd-style-icon wd-quick-view-icon\">\n\t\t\t<a\n\t\t\t\thref=\"https:\/\/ccs-fabricframe.de\/en\/product\/acoustic-frame\/\"\n\t\t\t\tclass=\"open-quick-view quick-view-button\"\n\t\t\t\trel=\"nofollow\"\n\t\t\t\tdata-id=\"6062\"\n\t\t\t\t>Quick view<\/a>\n\t\t<\/div>\n\t\t\t\t\t\t\t<\/div>\n\t<\/div>\n\t\t\t\t\t<h3 class=\"wd-entities-title\"><a href=\"https:\/\/ccs-fabricframe.de\/en\/product\/acoustic-frame\/\">Acoustic frame<\/a><\/h3>\t\t\t\t\t\t\n\n\t\t\n\t\t\n\t\t\t<\/div>\n<\/div>\n<div class=\"wd-product wd-hover-button wd-col product-grid-item product type-product post-6042 status-publish instock product_cat-acoustic-frame product_cat-acoustic-frame-produkt product_cat-akustik product_cat-healthcare product_cat-hospitality product_cat-keder product_cat-messebau product_cat-interior product_cat-produkt product_cat-retail-ladenbau product_cat-sublimation product_tag-akustik product_tag-decke has-post-thumbnail shipping-taxable product-type-simple\" data-loop=\"2\" data-id=\"6042\">\n\t\n\t\n<div class=\"product-wrapper\">\n\t<div class=\"product-element-top wd-quick-shop\">\n\t\t<a href=\"https:\/\/ccs-fabricframe.de\/en\/product\/akustik-deckensegel\/\" class=\"product-image-link\">\n\t\t\t<img loading=\"lazy\" decoding=\"async\" width=\"300\" height=\"300\" src=\"https:\/\/ccs-fabricframe.de\/wp-content\/uploads\/2025\/08\/CCS_fabric_frame_produkt_akustik_deckensegel_5a-300x300.webp\" class=\"attachment-woocommerce_thumbnail size-woocommerce_thumbnail\" alt=\"Individuelle Textilspannrahmen als Deckensegel mit Akustikwirkung in einem B\u00fcro\" srcset=\"https:\/\/ccs-fabricframe.de\/wp-content\/uploads\/2025\/08\/CCS_fabric_frame_produkt_akustik_deckensegel_5a-300x300.webp 300w, https:\/\/ccs-fabricframe.de\/wp-content\/uploads\/2025\/08\/CCS_fabric_frame_produkt_akustik_deckensegel_5a-150x150.webp 150w, https:\/\/ccs-fabricframe.de\/wp-content\/uploads\/2025\/08\/CCS_fabric_frame_produkt_akustik_deckensegel_5a-768x768.webp 768w, https:\/\/ccs-fabricframe.de\/wp-content\/uploads\/2025\/08\/CCS_fabric_frame_produkt_akustik_deckensegel_5a-12x12.webp 12w, https:\/\/ccs-fabricframe.de\/wp-content\/uploads\/2025\/08\/CCS_fabric_frame_produkt_akustik_deckensegel_5a-600x600.webp 600w, https:\/\/ccs-fabricframe.de\/wp-content\/uploads\/2025\/08\/CCS_fabric_frame_produkt_akustik_deckensegel_5a.webp 800w\" sizes=\"auto, (max-width: 300px) 100vw, 300px\" \/>\t\t<\/a>\n\n\t\t\t\t\t<div class=\"hover-img\">\n\t\t\t\t<a href=\"https:\/\/ccs-fabricframe.de\/en\/product\/akustik-deckensegel\/\" aria-label=\"Product image\">\n\t\t\t\t\t<img loading=\"lazy\" decoding=\"async\" width=\"300\" height=\"300\" src=\"https:\/\/ccs-fabricframe.de\/wp-content\/uploads\/2025\/08\/CCS_fabric_frame_produkt_akustik_deckensegel_1a-300x300.webp\" class=\"attachment-woocommerce_thumbnail size-woocommerce_thumbnail\" alt=\"Individuell geformte Deckensegel mit Akustikwirkung in einem Bekleidungsgesch\u00e4ft\" srcset=\"https:\/\/ccs-fabricframe.de\/wp-content\/uploads\/2025\/08\/CCS_fabric_frame_produkt_akustik_deckensegel_1a-300x300.webp 300w, https:\/\/ccs-fabricframe.de\/wp-content\/uploads\/2025\/08\/CCS_fabric_frame_produkt_akustik_deckensegel_1a-150x150.webp 150w, https:\/\/ccs-fabricframe.de\/wp-content\/uploads\/2025\/08\/CCS_fabric_frame_produkt_akustik_deckensegel_1a-768x768.webp 768w, https:\/\/ccs-fabricframe.de\/wp-content\/uploads\/2025\/08\/CCS_fabric_frame_produkt_akustik_deckensegel_1a-12x12.webp 12w, https:\/\/ccs-fabricframe.de\/wp-content\/uploads\/2025\/08\/CCS_fabric_frame_produkt_akustik_deckensegel_1a-600x600.webp 600w, https:\/\/ccs-fabricframe.de\/wp-content\/uploads\/2025\/08\/CCS_fabric_frame_produkt_akustik_deckensegel_1a.webp 800w\" sizes=\"auto, (max-width: 300px) 100vw, 300px\" \/>\t\t\t\t<\/a>\n\t\t\t<\/div>\n\t\t\t\n\t\t<div class=\"wd-add-btn wd-add-btn-replace\">\n\t\t\t<a href=\"https:\/\/ccs-fabricframe.de\/en\/product\/akustik-deckensegel\/\" aria-describedby=\"woocommerce_loop_add_to_cart_link_describedby_6042\" data-quantity=\"1\" class=\"button product_type_simple add-to-cart-loop\" data-product_id=\"6042\" data-product_sku=\"\" aria-label=\"Read more about \u201cAkustik Deckensegel\u201d\" rel=\"nofollow\" data-success_message=\"\" data-no-translation-aria-label=\"\"><span data-no-translation=\"\" data-trp-gettext=\"\">Read more<\/span><\/a>\t<span id=\"woocommerce_loop_add_to_cart_link_describedby_6042\" class=\"screen-reader-text\">\n\t\t\t<\/span>\n\t\t<\/div>\n\n\t\t<div class=\"wd-buttons wd-pos-r-t\">\n\t\t\t\t\t\t\t\t\t\t\t<div class=\"quick-view wd-action-btn wd-style-icon wd-quick-view-icon\">\n\t\t\t<a\n\t\t\t\thref=\"https:\/\/ccs-fabricframe.de\/en\/product\/akustik-deckensegel\/\"\n\t\t\t\tclass=\"open-quick-view quick-view-button\"\n\t\t\t\trel=\"nofollow\"\n\t\t\t\tdata-id=\"6042\"\n\t\t\t\t>Quick view<\/a>\n\t\t<\/div>\n\t\t\t\t\t\t\t<\/div>\n\t<\/div>\n\t\t\t\t\t<h3 class=\"wd-entities-title\"><a href=\"https:\/\/ccs-fabricframe.de\/en\/product\/akustik-deckensegel\/\">Acoustic Ceiling Panel<\/a><\/h3>\t\t\t\t\t\t\n\n\t\t\n\t\t\n\t\t\t<\/div>\n<\/div>\n<div class=\"wd-product wd-hover-button wd-col product-grid-item product type-product post-6041 status-publish last instock product_cat-acoustic-frame product_cat-acoustic-frame-produkt product_cat-akustik product_cat-healthcare product_cat-hospitality product_cat-keder product_cat-interior product_cat-produkt product_cat-retail-ladenbau product_cat-sublimation product_tag-akustik product_tag-decke product_tag-wandmontiert has-post-thumbnail shipping-taxable product-type-simple\" data-loop=\"3\" data-id=\"6041\">\n\t\n\t\n<div class=\"product-wrapper\">\n\t<div class=\"product-element-top wd-quick-shop\">\n\t\t<a href=\"https:\/\/ccs-fabricframe.de\/en\/product\/akustik-wandbild\/\" class=\"product-image-link\">\n\t\t\t<img loading=\"lazy\" decoding=\"async\" width=\"300\" height=\"300\" src=\"https:\/\/ccs-fabricframe.de\/wp-content\/uploads\/2025\/08\/CCS_fabric_frame_produkt_akustik_wandbild_2a-300x300.webp\" class=\"attachment-woocommerce_thumbnail size-woocommerce_thumbnail\" alt=\"Akustik Wandbild in einem Meetingraum mit grafischem Textildruck\" srcset=\"https:\/\/ccs-fabricframe.de\/wp-content\/uploads\/2025\/08\/CCS_fabric_frame_produkt_akustik_wandbild_2a-300x300.webp 300w, https:\/\/ccs-fabricframe.de\/wp-content\/uploads\/2025\/08\/CCS_fabric_frame_produkt_akustik_wandbild_2a-150x150.webp 150w, https:\/\/ccs-fabricframe.de\/wp-content\/uploads\/2025\/08\/CCS_fabric_frame_produkt_akustik_wandbild_2a-768x768.webp 768w, https:\/\/ccs-fabricframe.de\/wp-content\/uploads\/2025\/08\/CCS_fabric_frame_produkt_akustik_wandbild_2a-12x12.webp 12w, https:\/\/ccs-fabricframe.de\/wp-content\/uploads\/2025\/08\/CCS_fabric_frame_produkt_akustik_wandbild_2a-600x600.webp 600w, https:\/\/ccs-fabricframe.de\/wp-content\/uploads\/2025\/08\/CCS_fabric_frame_produkt_akustik_wandbild_2a.webp 800w\" sizes=\"auto, (max-width: 300px) 100vw, 300px\" \/>\t\t<\/a>\n\n\t\t\t\t\t<div class=\"hover-img\">\n\t\t\t\t<a href=\"https:\/\/ccs-fabricframe.de\/en\/product\/akustik-wandbild\/\" aria-label=\"Product image\">\n\t\t\t\t\t<img loading=\"lazy\" decoding=\"async\" width=\"300\" height=\"300\" src=\"https:\/\/ccs-fabricframe.de\/wp-content\/uploads\/2025\/10\/CCS_fabric_frame_produkt_akustik_wandbild_0a-300x300.webp\" class=\"attachment-woocommerce_thumbnail size-woocommerce_thumbnail\" alt=\"Textilspannrahmen mit Akustikschaum als CCS Akustik Wandbild\" srcset=\"https:\/\/ccs-fabricframe.de\/wp-content\/uploads\/2025\/10\/CCS_fabric_frame_produkt_akustik_wandbild_0a-300x300.webp 300w, https:\/\/ccs-fabricframe.de\/wp-content\/uploads\/2025\/10\/CCS_fabric_frame_produkt_akustik_wandbild_0a-150x150.webp 150w, https:\/\/ccs-fabricframe.de\/wp-content\/uploads\/2025\/10\/CCS_fabric_frame_produkt_akustik_wandbild_0a-768x768.webp 768w, https:\/\/ccs-fabricframe.de\/wp-content\/uploads\/2025\/10\/CCS_fabric_frame_produkt_akustik_wandbild_0a-12x12.webp 12w, https:\/\/ccs-fabricframe.de\/wp-content\/uploads\/2025\/10\/CCS_fabric_frame_produkt_akustik_wandbild_0a-600x600.webp 600w, https:\/\/ccs-fabricframe.de\/wp-content\/uploads\/2025\/10\/CCS_fabric_frame_produkt_akustik_wandbild_0a.webp 800w\" sizes=\"auto, (max-width: 300px) 100vw, 300px\" \/>\t\t\t\t<\/a>\n\t\t\t<\/div>\n\t\t\t\n\t\t<div class=\"wd-add-btn wd-add-btn-replace\">\n\t\t\t<a href=\"https:\/\/ccs-fabricframe.de\/en\/product\/akustik-wandbild\/\" aria-describedby=\"woocommerce_loop_add_to_cart_link_describedby_6041\" data-quantity=\"1\" class=\"button product_type_simple add-to-cart-loop\" data-product_id=\"6041\" data-product_sku=\"\" aria-label=\"Read more about \u201cAkustik Wandbild\u201d\" rel=\"nofollow\" data-success_message=\"\" data-no-translation-aria-label=\"\"><span data-no-translation=\"\" data-trp-gettext=\"\">Read more<\/span><\/a>\t<span id=\"woocommerce_loop_add_to_cart_link_describedby_6041\" class=\"screen-reader-text\">\n\t\t\t<\/span>\n\t\t<\/div>\n\n\t\t<div class=\"wd-buttons wd-pos-r-t\">\n\t\t\t\t\t\t\t\t\t\t\t<div class=\"quick-view wd-action-btn wd-style-icon wd-quick-view-icon\">\n\t\t\t<a\n\t\t\t\thref=\"https:\/\/ccs-fabricframe.de\/en\/product\/akustik-wandbild\/\"\n\t\t\t\tclass=\"open-quick-view quick-view-button\"\n\t\t\t\trel=\"nofollow\"\n\t\t\t\tdata-id=\"6041\"\n\t\t\t\t>Quick view<\/a>\n\t\t<\/div>\n\t\t\t\t\t\t\t<\/div>\n\t<\/div>\n\t\t\t\t\t<h3 class=\"wd-entities-title\"><a href=\"https:\/\/ccs-fabricframe.de\/en\/product\/akustik-wandbild\/\">Akustik Wandbild<\/a><\/h3>\t\t\t\t\t\t\n\n\t\t\n\t\t\n\t\t\t<\/div>\n<\/div>\n<div class=\"wd-product wd-hover-button wd-col product-grid-item product type-product post-6862 status-publish first instock product_cat-acoustic-frame product_cat-acoustic-frame-produkt product_cat-akustik product_cat-healthcare product_cat-hospitality product_cat-keder product_cat-interior product_cat-produkt product_cat-sublimation product_tag-akustik product_tag-stehend has-post-thumbnail shipping-taxable product-type-simple\" data-loop=\"4\" data-id=\"6862\">\n\t\n\t\n<div class=\"product-wrapper\">\n\t<div class=\"product-element-top wd-quick-shop\">\n\t\t<a href=\"https:\/\/ccs-fabricframe.de\/en\/product\/raumtrenner-akustik\/\" class=\"product-image-link\">\n\t\t\t<img loading=\"lazy\" decoding=\"async\" width=\"300\" height=\"300\" src=\"https:\/\/ccs-fabricframe.de\/wp-content\/uploads\/2025\/11\/CCS_fabric_frame_produkt_raumtrenner_akustik_01a-300x300.webp\" class=\"attachment-woocommerce_thumbnail size-woocommerce_thumbnail\" alt=\"\" srcset=\"https:\/\/ccs-fabricframe.de\/wp-content\/uploads\/2025\/11\/CCS_fabric_frame_produkt_raumtrenner_akustik_01a-300x300.webp 300w, https:\/\/ccs-fabricframe.de\/wp-content\/uploads\/2025\/11\/CCS_fabric_frame_produkt_raumtrenner_akustik_01a-150x150.webp 150w, https:\/\/ccs-fabricframe.de\/wp-content\/uploads\/2025\/11\/CCS_fabric_frame_produkt_raumtrenner_akustik_01a-768x768.webp 768w, https:\/\/ccs-fabricframe.de\/wp-content\/uploads\/2025\/11\/CCS_fabric_frame_produkt_raumtrenner_akustik_01a-12x12.webp 12w, https:\/\/ccs-fabricframe.de\/wp-content\/uploads\/2025\/11\/CCS_fabric_frame_produkt_raumtrenner_akustik_01a-600x600.webp 600w, https:\/\/ccs-fabricframe.de\/wp-content\/uploads\/2025\/11\/CCS_fabric_frame_produkt_raumtrenner_akustik_01a.webp 800w\" sizes=\"auto, (max-width: 300px) 100vw, 300px\" \/>\t\t<\/a>\n\n\t\t\t\t\t<div class=\"hover-img\">\n\t\t\t\t<a href=\"https:\/\/ccs-fabricframe.de\/en\/product\/raumtrenner-akustik\/\" aria-label=\"Product image\">\n\t\t\t\t\t<img loading=\"lazy\" decoding=\"async\" width=\"300\" height=\"300\" src=\"https:\/\/ccs-fabricframe.de\/wp-content\/uploads\/2025\/11\/CCS_fabric_frame_produkt_raumtrenner_akustik_0a-300x300.webp\" class=\"attachment-woocommerce_thumbnail size-woocommerce_thumbnail\" alt=\"\" srcset=\"https:\/\/ccs-fabricframe.de\/wp-content\/uploads\/2025\/11\/CCS_fabric_frame_produkt_raumtrenner_akustik_0a-300x300.webp 300w, https:\/\/ccs-fabricframe.de\/wp-content\/uploads\/2025\/11\/CCS_fabric_frame_produkt_raumtrenner_akustik_0a-150x150.webp 150w, https:\/\/ccs-fabricframe.de\/wp-content\/uploads\/2025\/11\/CCS_fabric_frame_produkt_raumtrenner_akustik_0a-768x768.webp 768w, https:\/\/ccs-fabricframe.de\/wp-content\/uploads\/2025\/11\/CCS_fabric_frame_produkt_raumtrenner_akustik_0a-12x12.webp 12w, https:\/\/ccs-fabricframe.de\/wp-content\/uploads\/2025\/11\/CCS_fabric_frame_produkt_raumtrenner_akustik_0a-600x600.webp 600w, https:\/\/ccs-fabricframe.de\/wp-content\/uploads\/2025\/11\/CCS_fabric_frame_produkt_raumtrenner_akustik_0a.webp 800w\" sizes=\"auto, (max-width: 300px) 100vw, 300px\" \/>\t\t\t\t<\/a>\n\t\t\t<\/div>\n\t\t\t\n\t\t<div class=\"wd-add-btn wd-add-btn-replace\">\n\t\t\t<a href=\"https:\/\/ccs-fabricframe.de\/en\/product\/raumtrenner-akustik\/\" aria-describedby=\"woocommerce_loop_add_to_cart_link_describedby_6862\" data-quantity=\"1\" class=\"button product_type_simple add-to-cart-loop\" data-product_id=\"6862\" data-product_sku=\"\" aria-label=\"Read more about \u201cRaumtrenner Akustik\u201d\" rel=\"nofollow\" data-success_message=\"\" data-no-translation-aria-label=\"\"><span data-no-translation=\"\" data-trp-gettext=\"\">Read more<\/span><\/a>\t<span id=\"woocommerce_loop_add_to_cart_link_describedby_6862\" class=\"screen-reader-text\">\n\t\t\t<\/span>\n\t\t<\/div>\n\n\t\t<div class=\"wd-buttons wd-pos-r-t\">\n\t\t\t\t\t\t\t\t\t\t\t<div class=\"quick-view wd-action-btn wd-style-icon wd-quick-view-icon\">\n\t\t\t<a\n\t\t\t\thref=\"https:\/\/ccs-fabricframe.de\/en\/product\/raumtrenner-akustik\/\"\n\t\t\t\tclass=\"open-quick-view quick-view-button\"\n\t\t\t\trel=\"nofollow\"\n\t\t\t\tdata-id=\"6862\"\n\t\t\t\t>Quick view<\/a>\n\t\t<\/div>\n\t\t\t\t\t\t\t<\/div>\n\t<\/div>\n\t\t\t\t\t<h3 class=\"wd-entities-title\"><a href=\"https:\/\/ccs-fabricframe.de\/en\/product\/raumtrenner-akustik\/\">Raumtrenner Akustik<\/a><\/h3>\t\t\t\t\t\t\n\n\t\t\n\t\t\n\t\t\t<\/div>\n<\/div>\n<div class=\"wd-product wd-hover-button wd-col product-grid-item product type-product post-6043 status-publish instock product_cat-acoustic-frame product_cat-acoustic-frame-produkt product_cat-akustik product_cat-classic-frame product_cat-classic-frame-produkt product_cat-healthcare product_cat-hospitality product_cat-keder product_cat-interior product_cat-produkt product_cat-sublimation product_tag-akustik product_tag-stehend has-post-thumbnail shipping-taxable product-type-simple\" data-loop=\"5\" data-id=\"6043\">\n\t\n\t\n<div class=\"product-wrapper\">\n\t<div class=\"product-element-top wd-quick-shop\">\n\t\t<a href=\"https:\/\/ccs-fabricframe.de\/en\/product\/raumtrenner-freistehend\/\" class=\"product-image-link\">\n\t\t\t<img loading=\"lazy\" decoding=\"async\" width=\"300\" height=\"300\" src=\"https:\/\/ccs-fabricframe.de\/wp-content\/uploads\/2025\/08\/CCS_fabric_frame_produkt_raumtrenner_freistehend_03a-300x300.webp\" class=\"attachment-woocommerce_thumbnail size-woocommerce_thumbnail\" alt=\"Textilspannrahmen als freistehender Raumtrenner am Kopfende von Schreibtischen in einem Gro\u00dfraumb\u00fcro\" srcset=\"https:\/\/ccs-fabricframe.de\/wp-content\/uploads\/2025\/08\/CCS_fabric_frame_produkt_raumtrenner_freistehend_03a-300x300.webp 300w, https:\/\/ccs-fabricframe.de\/wp-content\/uploads\/2025\/08\/CCS_fabric_frame_produkt_raumtrenner_freistehend_03a-150x150.webp 150w, https:\/\/ccs-fabricframe.de\/wp-content\/uploads\/2025\/08\/CCS_fabric_frame_produkt_raumtrenner_freistehend_03a-768x768.webp 768w, https:\/\/ccs-fabricframe.de\/wp-content\/uploads\/2025\/08\/CCS_fabric_frame_produkt_raumtrenner_freistehend_03a-12x12.webp 12w, https:\/\/ccs-fabricframe.de\/wp-content\/uploads\/2025\/08\/CCS_fabric_frame_produkt_raumtrenner_freistehend_03a-600x600.webp 600w, https:\/\/ccs-fabricframe.de\/wp-content\/uploads\/2025\/08\/CCS_fabric_frame_produkt_raumtrenner_freistehend_03a.webp 800w\" sizes=\"auto, (max-width: 300px) 100vw, 300px\" \/>\t\t<\/a>\n\n\t\t\t\t\t<div class=\"hover-img\">\n\t\t\t\t<a href=\"https:\/\/ccs-fabricframe.de\/en\/product\/raumtrenner-freistehend\/\" aria-label=\"Product image\">\n\t\t\t\t\t<img loading=\"lazy\" decoding=\"async\" width=\"300\" height=\"300\" src=\"https:\/\/ccs-fabricframe.de\/wp-content\/uploads\/2025\/08\/CCS_fabric_frame_produkt_raumtrenner_freistehend_02a-300x300.webp\" class=\"attachment-woocommerce_thumbnail size-woocommerce_thumbnail\" alt=\"Textilspannrahmen als CCS Raumtrenner freistehend\" srcset=\"https:\/\/ccs-fabricframe.de\/wp-content\/uploads\/2025\/08\/CCS_fabric_frame_produkt_raumtrenner_freistehend_02a-300x300.webp 300w, https:\/\/ccs-fabricframe.de\/wp-content\/uploads\/2025\/08\/CCS_fabric_frame_produkt_raumtrenner_freistehend_02a-150x150.webp 150w, https:\/\/ccs-fabricframe.de\/wp-content\/uploads\/2025\/08\/CCS_fabric_frame_produkt_raumtrenner_freistehend_02a-768x768.webp 768w, https:\/\/ccs-fabricframe.de\/wp-content\/uploads\/2025\/08\/CCS_fabric_frame_produkt_raumtrenner_freistehend_02a-12x12.webp 12w, https:\/\/ccs-fabricframe.de\/wp-content\/uploads\/2025\/08\/CCS_fabric_frame_produkt_raumtrenner_freistehend_02a-600x600.webp 600w, https:\/\/ccs-fabricframe.de\/wp-content\/uploads\/2025\/08\/CCS_fabric_frame_produkt_raumtrenner_freistehend_02a.webp 800w\" sizes=\"auto, (max-width: 300px) 100vw, 300px\" \/>\t\t\t\t<\/a>\n\t\t\t<\/div>\n\t\t\t\n\t\t<div class=\"wd-add-btn wd-add-btn-replace\">\n\t\t\t<a href=\"https:\/\/ccs-fabricframe.de\/en\/product\/raumtrenner-freistehend\/\" aria-describedby=\"woocommerce_loop_add_to_cart_link_describedby_6043\" data-quantity=\"1\" class=\"button product_type_simple add-to-cart-loop\" data-product_id=\"6043\" data-product_sku=\"\" aria-label=\"Read more about \u201cRaumtrenner freistehend\u201d\" rel=\"nofollow\" data-success_message=\"\" data-no-translation-aria-label=\"\"><span data-no-translation=\"\" data-trp-gettext=\"\">Read more<\/span><\/a>\t<span id=\"woocommerce_loop_add_to_cart_link_describedby_6043\" class=\"screen-reader-text\">\n\t\t\t<\/span>\n\t\t<\/div>\n\n\t\t<div class=\"wd-buttons wd-pos-r-t\">\n\t\t\t\t\t\t\t\t\t\t\t<div class=\"quick-view wd-action-btn wd-style-icon wd-quick-view-icon\">\n\t\t\t<a\n\t\t\t\thref=\"https:\/\/ccs-fabricframe.de\/en\/product\/raumtrenner-freistehend\/\"\n\t\t\t\tclass=\"open-quick-view quick-view-button\"\n\t\t\t\trel=\"nofollow\"\n\t\t\t\tdata-id=\"6043\"\n\t\t\t\t>Quick view<\/a>\n\t\t<\/div>\n\t\t\t\t\t\t\t<\/div>\n\t<\/div>\n\t\t\t\t\t<h3 class=\"wd-entities-title\"><a href=\"https:\/\/ccs-fabricframe.de\/en\/product\/raumtrenner-freistehend\/\">Free Standing Room Divider<\/a><\/h3>\t\t\t\t\t\t\n\n\t\t\n\t\t\n\t\t\t<\/div>\n<\/div>\n\t\t\t<\/div>\n\t\t\t<\/div><\/div>\n<\/div>\n\n\n\n<p id=\"wd-a1b29a19\" class=\"wp-block-wd-paragraph\">All unsere Rahmen lassen \u00fcbrigens auch Sonderkonstruktionen zu. Ob Rund, gebogen, als Durchgang oder v\u00f6llig jenseits unserer Vorstellungskraft: Wir sind bereit!<\/p>\n\n\n\n<a id=\"wd-2fe2a663\" class=\"wp-block-wd-button btn btn-style-default btn-size-default btn-shape-semi-round wd-align-s-center popmake-5652\"><span>Contact us now<\/span><\/a>\n<\/div>\n\n\n\n<div id=\"wd-82737da3\" class=\"wp-block-wd-divider wd-style-line\"><\/div>\n\n\n\n<div id=\"wd-71e4fd36\" class=\"wp-block-wd-container wd-dir-col\">\n<h2 class=\"wp-block-heading\"><strong>Kreative Gestaltungsm\u00f6glichkeiten f\u00fcr Eventdrucke mit Wow-Effekt<\/strong><\/h2>\n\n\n\n<p id=\"wd-3cd45d8a\" class=\"wp-block-wd-paragraph\"><strong>Gro\u00dfformat &amp; Panorama-Effekte<\/strong><\/p>\n\n\n\n<p id=\"wd-4105b49a\" class=\"wp-block-wd-paragraph\">Gro\u00dfe Fl\u00e4chen wirken eindrucksvoll. Panorama\u00addrucke spannen sich \u00fcber ganze W\u00e4nde, bilden den perfekten Hintergrund oder rahmen das Gesamtbild als Deckensegel ab. Sie bieten eine immersive Erfahrung in die Welt eures Messestandes und eurer Firmenphilosophie. Bei der Aufstellung und Befestigung der Drucke hilft euch der passende Textilspannrahmen, der passgenau zugeschnitten und auf die Bed\u00fcrfnisse eures Stands ausgelegt ist und so den Blick eurer Besucher geschickt auf euch \u2013 das Wesentliche \u2013 lenkt.<\/p>\n\n\n\n<p id=\"wd-9112eee7\" class=\"wp-block-wd-paragraph\"><strong>Tiefenwirkung &amp; Lichtspiel<\/strong><\/p>\n\n\n\n<p id=\"wd-005a34db\" class=\"wp-block-wd-paragraph\">Die Kombination von Textildrucken mit Licht \u2013 etwa LED-Hinterleuchtung \u2013 erzeugt Tiefe und bringt das Motiv wortw\u00f6rtlich zum Strahlen. Durch Schatten, Lichtakzente und transparente Materialien k\u00f6nnt ihr aufregende Effekte erzielen, die Besucher anziehen und zum Verweilen einladen.<\/p>\n\n\n\n<p id=\"wd-98152a4b\" class=\"wp-block-wd-paragraph\"><strong>Design &amp; Funktionalit\u00e4t verbinden<\/strong><\/p>\n\n\n\n<p id=\"wd-238ccc62\" class=\"wp-block-wd-paragraph\">Eventdrucke m\u00fcssen nicht nur sch\u00f6n aussehen, sie k\u00f6nnen auch Mehrwert bieten. Akustikrahmen zum Beispiel reduzieren Schall und machen hallige R\u00e4ume nutzbar \u2013 was das Kundengespr\u00e4ch f\u00fcr euch und eure Kunden rein akustisch deutlich angenehmer gestalte<a href=\"#_msocom_7\">t.<\/a> Gleichzeitig bleibt das Design nicht zur\u00fcck, sondern wird integraler Teil des Gesamtkonzepts.<br>Durch die gestochen scharfen Drucke k\u00f6nnt ihr auch wichtige Informationen direkt mit auf den W\u00e4nden eures Stands platzieren.<\/p>\n\n\n\n<p id=\"wd-9d33b068\" class=\"wp-block-wd-paragraph\"><strong>Modularit\u00e4t &amp; Flexibilit\u00e4t<\/strong><\/p>\n\n\n\n<p id=\"wd-d4d3f45f\" class=\"wp-block-wd-paragraph\">Messen sind dynamisch: unterschiedliche Hallengr\u00f6\u00dfen, wechselnde Themen, wechselnde Aufbauten. Designs, Rahmen und Drucke, die modular gedacht, also leicht zu transportieren, schnell aufzubauen und immer wieder neu kombinierbar sind, schaffen euch Kostenvorteile und mehr Spielr\u00e4ume f\u00fcr kreative Umsetzungen \u00fcber mehrere Veranstaltungen hinweg.<\/p>\n<\/div>\n\n\n\n<div id=\"wd-6086adae\" class=\"wp-block-wd-divider wd-style-line\"><\/div>\n\n\n\n<div id=\"wd-dcbda871\" class=\"wp-block-wd-container wd-dir-col\">\n<h3 class=\"wp-block-heading\"><strong>So machen wir aus eurer Idee die Realit\u00e4t<\/strong><\/h3>\n\n\n\n<div id=\"wd-5879c297\" class=\"wp-block-wd-row\">\n<div id=\"wd-24be2b88\" class=\"wp-block-wd-column\">\n<p id=\"wd-93c9eade\" class=\"wp-block-wd-paragraph\">Damit aus kreativen Ideen echte Wow-Fl\u00e4chen werden, m\u00fcssen Planung und technische Umsetzung eng verzahnt sein.<\/p>\n\n\n\n<p id=\"wd-35914c6b\" class=\"wp-block-wd-paragraph\"><strong>Beratung &amp; Konzeption<\/strong><\/p>\n\n\n\n<p id=\"wd-5e763d36\" class=\"wp-block-wd-paragraph\">Ein erfahrener Partner bietet individuelle Beratung von Anfang an: Welches Druckverfahren passt? Welche Materialien sind am besten geeignet? Habt ihr W\u00fcnsche f\u00fcr eine besondere Rahmenvariante wie den LED frame? Wie sieht der logistische Ablauf aus, braucht ihr Unterst\u00fctzung bei der Montage, eine Lieferung oder holt ihr eure Ware einfach bei uns vor Ort nahe der Messe D\u00fcsseldorf ab? Lasst euch daf\u00fcr von unserem Expertenteam beraten und w\u00e4hrend des Projekts im engen Austausch immer wieder updaten.<\/p>\n\n\n\n<p id=\"wd-7657c1da\" class=\"wp-block-wd-paragraph\"><strong>Druckdaten &amp; Farbstandard<\/strong><\/p>\n\n\n\n<p id=\"wd-241a3c7f\" class=\"wp-block-wd-paragraph\">Damit die Farben eurer Motive wirklich strahlen und konsistent mit eurem gesamten Markenauftritt sind, m\u00fcssen folgende Punkte beachtet werden:<\/p>\n<\/div>\n\n\n\n<div id=\"wd-6a811962\" class=\"wp-block-wd-column wd-align\">\n<figure class=\"wp-block-image size-large\"><img loading=\"lazy\" decoding=\"async\" width=\"1024\" height=\"681\" src=\"https:\/\/ccs-fabricframe.de\/wp-content\/uploads\/2025\/07\/CCS_Interior-Services_Konzept_Projektangebot-1024x681.webp\" alt=\"Two businessmen examine the prototype of an aluminum tension frame.\" class=\"wp-image-5131\" srcset=\"https:\/\/ccs-fabricframe.de\/wp-content\/uploads\/2025\/07\/CCS_Interior-Services_Konzept_Projektangebot-1024x681.webp 1024w, https:\/\/ccs-fabricframe.de\/wp-content\/uploads\/2025\/07\/CCS_Interior-Services_Konzept_Projektangebot-300x200.webp 300w, https:\/\/ccs-fabricframe.de\/wp-content\/uploads\/2025\/07\/CCS_Interior-Services_Konzept_Projektangebot-768x511.webp 768w, https:\/\/ccs-fabricframe.de\/wp-content\/uploads\/2025\/07\/CCS_Interior-Services_Konzept_Projektangebot-1536x1022.webp 1536w, https:\/\/ccs-fabricframe.de\/wp-content\/uploads\/2025\/07\/CCS_Interior-Services_Konzept_Projektangebot-2048x1362.webp 2048w\" sizes=\"auto, (max-width: 1024px) 100vw, 1024px\" \/><\/figure>\n\n\n\n<figure class=\"wp-block-image size-large\"><img loading=\"lazy\" decoding=\"async\" width=\"1024\" height=\"768\" src=\"https:\/\/ccs-fabricframe.de\/wp-content\/uploads\/2025\/07\/CCS_Services_service_prepress_01-1024x768.webp\" alt=\"Two employees check print data on a monitor in the PrePress Service department.\" class=\"wp-image-4748\" srcset=\"https:\/\/ccs-fabricframe.de\/wp-content\/uploads\/2025\/07\/CCS_Services_service_prepress_01-1024x768.webp 1024w, https:\/\/ccs-fabricframe.de\/wp-content\/uploads\/2025\/07\/CCS_Services_service_prepress_01-300x225.webp 300w, https:\/\/ccs-fabricframe.de\/wp-content\/uploads\/2025\/07\/CCS_Services_service_prepress_01-768x576.webp 768w, https:\/\/ccs-fabricframe.de\/wp-content\/uploads\/2025\/07\/CCS_Services_service_prepress_01-1536x1152.webp 1536w, https:\/\/ccs-fabricframe.de\/wp-content\/uploads\/2025\/07\/CCS_Services_service_prepress_01.webp 2048w\" sizes=\"auto, (max-width: 1024px) 100vw, 1024px\" \/><\/figure>\n<\/div>\n<\/div>\n<\/div>\n\n\n\n<ul class=\"wp-block-list\">\n<li>Datenanlage in unseren vorgegebenen Farbprofilen, die ihr <a href=\"https:\/\/ccs-fabricframe.de\/wp-content\/uploads\/2025\/07\/CcsFabricFrame_ColorProfiles.zip\">hier<\/a> herunterladen k\u00f6nnt<\/li>\n\n\n\n<li>Richtig gew\u00e4hlte Beschnitt- und Nahtzugaben. Mehr dazu k\u00f6nnt ihr <a href=\"https:\/\/ccs-fabricframe.de\/en\/druckdatenuebergabe\/\">hier <\/a>nachlesen<\/li>\n\n\n\n<li>Ihr braucht Unterst\u00fctzung bei der Anlage der Daten? Mehr zu unseren Servicepaketen erfahrt ihr <a href=\"https:\/\/ccs-fabricframe.de\/en\/services\/#prepress\">hier<\/a><\/li>\n<\/ul>\n\n\n\n<p id=\"wd-37988099\" class=\"wp-block-wd-paragraph\"><strong>Produktion &amp; Qualit\u00e4t<\/strong><\/p>\n\n\n\n<ul class=\"wp-block-list\">\n<li>\u201cMade in Germany\u201d bedeutet nicht nur, dass wir unsere Materialien genauestens kontrollieren und auf Inhaltsstoffe und unsere Qualit\u00e4tsanspr\u00fcche \u00fcberpr\u00fcfen, sondern auch: kurze Wege, bessere Kontrolle \u00fcber unsere Produktionsprozesse und hohe Flexibilit\u00e4t auch f\u00fcr kurzfristige Anfragen<\/li>\n\n\n\n<li>Sorgf\u00e4ltige Verarbeitung des Rahmens, passgenauer Zuschnitt und exakte Verarbeitungen und 35 Qualit\u00e4tskontrollen auf jedem Schritt unserer Produktion warten auf eure Produkte, bevor wir sie auf den Weg zu euch schicken.<\/li>\n<\/ul>\n\n\n\n<div id=\"wd-ecbc8233\" class=\"wp-block-wd-divider wd-style-line\"><\/div>\n\n\n\n<div id=\"wd-98ae0f89\" class=\"wp-block-wd-container wd-dir-col\">\n<h3 class=\"wp-block-heading\"><strong>Nachhaltigkeit &amp; Materialwahl als zus\u00e4tzlicher Wow-Faktor<\/strong><\/h3>\n\n\n\n<p id=\"wd-24781ee9\" class=\"wp-block-wd-paragraph\">Moderne Besucher und Messekunden orientieren sich zunehmend auch an der <a href=\"https:\/\/ccs-fabricframe.de\/en\/ueber-uns\/nachhaltigkeit\/\">Sustainability<\/a>, die ihnen pr\u00e4sentiert wird. Wer umweltbewusst produziert und Materialien w\u00e4hlt, die wiederverwertbar oder emissionsarm sind, schafft nicht nur Glaubw\u00fcrdigkeit, sondern differenziert sich auch vom Wettbewerb. Entdeckt daf\u00fcr unsere Ideen f\u00fcr mehr Nachhaltigkeit an eurem Messestand:<\/p>\n\n\n\n<ul class=\"wp-block-list\">\n<li>Auswahl an nachhaltigen Textilien<\/li>\n\n\n\n<li>Produktion mit kurzen Transportwegen<\/li>\n\n\n\n<li>Langlebige Rahmen, die wiederverwendet oder neu bespannt werden k\u00f6nnen<\/li>\n<\/ul>\n\n\n\n<p id=\"wd-9133bb2c\" class=\"wp-block-wd-paragraph\"><strong>Interaktive Elemente und multisensorische Erlebnisse<\/strong><\/p>\n\n\n\n<p id=\"wd-1f114058\" class=\"wp-block-wd-paragraph\">Um Besucher nicht nur visuell, sondern auch emotional zu begeistern, empfehlen wir euch interaktive Elemente, die ihr mit euren Eventdrucken verbinden k\u00f6nnt. Gedruckte Elemente k\u00f6nnen mit Touch-Points, QR-Codes oder Augmented-Reality-Features kombiniert werden. Besucher scannen etwa einen Teil des Druckmotivs und erhalten zus\u00e4tzliche digitale Inhalte wie Produktvideos, Gewinnspiele oder 3D-Animationen. Auch <strong>optische Effekte<\/strong> \u2013 etwa transparente Eins\u00e4tze, Vorh\u00e4nge oder Abh\u00e4ngungen von der Decke \u2013 schaffen ein multisensorisches Erlebnis, das in Erinnerung bleibt. In Verbindung mit gro\u00dffl\u00e4chigen Textilspannrahmen und LED-Inszenierungen entsteht so ein moderner Messeauftritt, der \u00fcber das reine Sehen hinaus geht und echte Markenerlebnisse erm\u00f6glicht.<\/p>\n<\/div>\n\n\n\n<div id=\"wd-a08aac66\" class=\"wp-block-wd-divider wd-style-line\"><\/div>\n\n\n\n<div id=\"wd-725d5e27\" class=\"wp-block-wd-container wd-dir-col\">\n<h3 class=\"wp-block-heading\"><strong>Fazit: So wird euer Eventdruck zum Wow-Moment<\/strong><\/h3>\n\n\n\n<p id=\"wd-7626c2e8\" class=\"wp-block-wd-paragraph\">Kreative Eventdrucke im Messebau sind nichts, was ihr dem Zufall \u00fcberlassen solltet. Mit klaren Designideen, guter Material- und Verfahrenswahl, Qualit\u00e4t bei Rahmen und Stoff und der richtigen Umsetzung lassen sich beeindruckende visuelle Erlebnisse schaffen.<\/p>\n\n\n\n<p id=\"wd-9ef778f7\" class=\"wp-block-wd-paragraph\">Wenn ihr also das n\u00e4chste Mal euren Messestand plant, lohnt es sich gleich mit einem Partner zusammenzuarbeiten, der nicht nur Druckoberfl\u00e4chen anbietet, sondern echte L\u00f6sungskompetenz: Wir stehen euch dabei gern mit Rat und Tat zur Seite: Ob ein klassischer Textilspannrahmen, ob mit LED-Beleuchtung bis hin zu Akustik-Textilrahmen. So hinterlassen eure Eventdrucke einen bleibenden Eindruck \u2013 und sorgen f\u00fcr den wow-Effekt, \u00fcber den auch Wochen sp\u00e4ter noch gesprochen wird.<\/p>\n<\/div>\n\n\n\n<div id=\"wd-565417b7\" class=\"wp-block-wd-row wd-align-s-center\">\n<div id=\"wd-b1124f31\" class=\"wp-block-wd-column\">\n<div id=\"wd-a81277d3\" class=\"wp-block-wd-container wd-dir-col wd-dir-col-md wd-custom-width\">\n<h2 id=\"wd-a9a02e47\" class=\"wp-block-wd-title title\">Neugierig geworden?<\/h2>\n<\/div>\n\n\n\n<p id=\"wd-08fd0ebe\" class=\"wp-block-wd-paragraph\">Gerne unterhalte ich mich mit euch \u00fcber eure einzigartigen Messe-Projekte und t\u00fcftele euren individuellen Wow-Effekt mit euch aus!<\/p>\n\n\n\n<h2 id=\"wd-e3e638cf\" class=\"wp-block-wd-title title\">David Litwak<\/h2>\n\n\n\n<h2 id=\"wd-178e19fd\" class=\"wp-block-wd-title title\">Sales Manager<\/h2>\n\n\n\n<a id=\"wd-67fcd0e0\" class=\"wp-block-wd-button btn btn-style-default btn-size-default btn-shape-semi-round\"><span>Book an appointment<\/span><\/a>\n<\/div>\n\n\n\n<div id=\"wd-429ff70e\" class=\"wp-block-wd-column wd-align-is-lg-flex-end wd-align-s-center\">\n<div id=\"wd-9ef0cc6d\" class=\"wp-block-wd-image wd-block-image\"><img loading=\"lazy\" decoding=\"async\" width=\"800\" height=\"800\" class=\"wp-image-4347\" src=\"https:\/\/ccs-fabricframe.de\/wp-content\/uploads\/2025\/07\/CCS_Team_Vertrieb_David_Litwak.webp\" alt=\"David Litwak\" srcset=\"https:\/\/ccs-fabricframe.de\/wp-content\/uploads\/2025\/07\/CCS_Team_Vertrieb_David_Litwak.webp 800w, https:\/\/ccs-fabricframe.de\/wp-content\/uploads\/2025\/07\/CCS_Team_Vertrieb_David_Litwak-300x300.webp 300w, https:\/\/ccs-fabricframe.de\/wp-content\/uploads\/2025\/07\/CCS_Team_Vertrieb_David_Litwak-150x150.webp 150w, https:\/\/ccs-fabricframe.de\/wp-content\/uploads\/2025\/07\/CCS_Team_Vertrieb_David_Litwak-768x768.webp 768w, https:\/\/ccs-fabricframe.de\/wp-content\/uploads\/2025\/07\/CCS_Team_Vertrieb_David_Litwak-600x600.webp 600w\" sizes=\"auto, (max-width: 800px) 100vw, 800px\" \/><\/div>\n<\/div>\n<\/div>","protected":false},"excerpt":{"rendered":"","protected":false},"author":6,"featured_media":4990,"comment_status":"closed","ping_status":"closed","sticky":false,"template":"","format":"standard","meta":{"footnotes":""},"categories":[187],"tags":[],"class_list":["post-6661","post","type-post","status-publish","format-standard","has-post-thumbnail","hentry","category-messebau"],"yoast_head":"<!-- This site is optimized with the Yoast SEO plugin v27.3 - https:\/\/yoast.com\/product\/yoast-seo-wordpress\/ -->\n<title>Wow-Effekte im Messebau mit Eventdrucken - CCS Fabric Frame<\/title>\n<meta name=\"description\" content=\"Ob interaktiv, mit Akustikwirkung oder mit nachhaltigen Rohstoffen: So wird euer Messestand zum Highlight und bleibt im Ged\u00e4chtnis.\" \/>\n<meta name=\"robots\" content=\"index, follow, max-snippet:-1, max-image-preview:large, max-video-preview:-1\" \/>\n<link rel=\"canonical\" href=\"https:\/\/ccs-fabricframe.de\/en\/wie-sorgen-kreative-eventdrucke-im-messebau-fuer-wow-effekte\/\" \/>\n<meta property=\"og:locale\" content=\"en_US\" \/>\n<meta property=\"og:type\" content=\"article\" \/>\n<meta property=\"og:title\" content=\"Wow-Effekte im Messebau mit Eventdrucken - CCS Fabric Frame\" \/>\n<meta property=\"og:description\" content=\"Ob interaktiv, mit Akustikwirkung oder mit nachhaltigen Rohstoffen: So wird euer Messestand zum Highlight und bleibt im Ged\u00e4chtnis.\" \/>\n<meta property=\"og:url\" content=\"https:\/\/ccs-fabricframe.de\/en\/wie-sorgen-kreative-eventdrucke-im-messebau-fuer-wow-effekte\/\" \/>\n<meta property=\"og:site_name\" content=\"CCS Fabric Frame\" \/>\n<meta property=\"article:published_time\" content=\"2025-10-09T12:31:52+00:00\" \/>\n<meta property=\"article:modified_time\" content=\"2025-11-12T07:51:17+00:00\" \/>\n<meta property=\"og:image\" content=\"https:\/\/ccs-fabricframe.de\/wp-content\/uploads\/2025\/07\/CCS_outdoor_textildruck_header.webp\" \/>\n\t<meta property=\"og:image:width\" content=\"1000\" \/>\n\t<meta property=\"og:image:height\" content=\"500\" \/>\n\t<meta property=\"og:image:type\" content=\"image\/webp\" \/>\n<meta name=\"author\" content=\"Franziska\" \/>\n<meta name=\"twitter:card\" content=\"summary_large_image\" \/>\n<meta name=\"twitter:label1\" content=\"Written by\" \/>\n\t<meta name=\"twitter:data1\" content=\"Franziska\" \/>\n\t<meta name=\"twitter:label2\" content=\"Est. reading time\" \/>\n\t<meta name=\"twitter:data2\" content=\"8 minutes\" \/>\n<script type=\"application\/ld+json\" class=\"yoast-schema-graph\">{\"@context\":\"https:\\\/\\\/schema.org\",\"@graph\":[{\"@type\":\"Article\",\"@id\":\"https:\\\/\\\/ccs-fabricframe.de\\\/wie-sorgen-kreative-eventdrucke-im-messebau-fuer-wow-effekte\\\/#article\",\"isPartOf\":{\"@id\":\"https:\\\/\\\/ccs-fabricframe.de\\\/wie-sorgen-kreative-eventdrucke-im-messebau-fuer-wow-effekte\\\/\"},\"author\":{\"name\":\"Franziska\",\"@id\":\"https:\\\/\\\/ccs-fabricframe.de\\\/#\\\/schema\\\/person\\\/9919b8463e90c461712ee515c3721f79\"},\"headline\":\"Wow-Effekte im Messebau mit Eventdrucken\",\"datePublished\":\"2025-10-09T12:31:52+00:00\",\"dateModified\":\"2025-11-12T07:51:17+00:00\",\"mainEntityOfPage\":{\"@id\":\"https:\\\/\\\/ccs-fabricframe.de\\\/wie-sorgen-kreative-eventdrucke-im-messebau-fuer-wow-effekte\\\/\"},\"wordCount\":1308,\"publisher\":{\"@id\":\"https:\\\/\\\/ccs-fabricframe.de\\\/#organization\"},\"image\":{\"@id\":\"https:\\\/\\\/ccs-fabricframe.de\\\/wie-sorgen-kreative-eventdrucke-im-messebau-fuer-wow-effekte\\\/#primaryimage\"},\"thumbnailUrl\":\"https:\\\/\\\/ccs-fabricframe.de\\\/wp-content\\\/uploads\\\/2025\\\/07\\\/CCS_outdoor_textildruck_header.webp\",\"articleSection\":[\"Messebau\"],\"inLanguage\":\"en-US\"},{\"@type\":\"WebPage\",\"@id\":\"https:\\\/\\\/ccs-fabricframe.de\\\/wie-sorgen-kreative-eventdrucke-im-messebau-fuer-wow-effekte\\\/\",\"url\":\"https:\\\/\\\/ccs-fabricframe.de\\\/wie-sorgen-kreative-eventdrucke-im-messebau-fuer-wow-effekte\\\/\",\"name\":\"Wow-Effekte im Messebau mit Eventdrucken - CCS Fabric Frame\",\"isPartOf\":{\"@id\":\"https:\\\/\\\/ccs-fabricframe.de\\\/#website\"},\"primaryImageOfPage\":{\"@id\":\"https:\\\/\\\/ccs-fabricframe.de\\\/wie-sorgen-kreative-eventdrucke-im-messebau-fuer-wow-effekte\\\/#primaryimage\"},\"image\":{\"@id\":\"https:\\\/\\\/ccs-fabricframe.de\\\/wie-sorgen-kreative-eventdrucke-im-messebau-fuer-wow-effekte\\\/#primaryimage\"},\"thumbnailUrl\":\"https:\\\/\\\/ccs-fabricframe.de\\\/wp-content\\\/uploads\\\/2025\\\/07\\\/CCS_outdoor_textildruck_header.webp\",\"datePublished\":\"2025-10-09T12:31:52+00:00\",\"dateModified\":\"2025-11-12T07:51:17+00:00\",\"description\":\"Ob interaktiv, mit Akustikwirkung oder mit nachhaltigen Rohstoffen: So wird euer Messestand zum Highlight und bleibt im Ged\u00e4chtnis.\",\"breadcrumb\":{\"@id\":\"https:\\\/\\\/ccs-fabricframe.de\\\/wie-sorgen-kreative-eventdrucke-im-messebau-fuer-wow-effekte\\\/#breadcrumb\"},\"inLanguage\":\"en-US\",\"potentialAction\":[{\"@type\":\"ReadAction\",\"target\":[\"https:\\\/\\\/ccs-fabricframe.de\\\/wie-sorgen-kreative-eventdrucke-im-messebau-fuer-wow-effekte\\\/\"]}]},{\"@type\":\"ImageObject\",\"inLanguage\":\"en-US\",\"@id\":\"https:\\\/\\\/ccs-fabricframe.de\\\/wie-sorgen-kreative-eventdrucke-im-messebau-fuer-wow-effekte\\\/#primaryimage\",\"url\":\"https:\\\/\\\/ccs-fabricframe.de\\\/wp-content\\\/uploads\\\/2025\\\/07\\\/CCS_outdoor_textildruck_header.webp\",\"contentUrl\":\"https:\\\/\\\/ccs-fabricframe.de\\\/wp-content\\\/uploads\\\/2025\\\/07\\\/CCS_outdoor_textildruck_header.webp\",\"width\":1000,\"height\":500,\"caption\":\"Outdoor Textildruck als Fassadenbespannung an einem Messegeb\u00e4ude\"},{\"@type\":\"BreadcrumbList\",\"@id\":\"https:\\\/\\\/ccs-fabricframe.de\\\/wie-sorgen-kreative-eventdrucke-im-messebau-fuer-wow-effekte\\\/#breadcrumb\",\"itemListElement\":[{\"@type\":\"ListItem\",\"position\":1,\"name\":\"Startseite\",\"item\":\"https:\\\/\\\/ccs-fabricframe.de\\\/\"},{\"@type\":\"ListItem\",\"position\":2,\"name\":\"Wow-Effekte im Messebau mit Eventdrucken\"}]},{\"@type\":\"WebSite\",\"@id\":\"https:\\\/\\\/ccs-fabricframe.de\\\/#website\",\"url\":\"https:\\\/\\\/ccs-fabricframe.de\\\/\",\"name\":\"CCS Fabric Frame\",\"description\":\"Print. Shape. Impress.\",\"publisher\":{\"@id\":\"https:\\\/\\\/ccs-fabricframe.de\\\/#organization\"},\"potentialAction\":[{\"@type\":\"SearchAction\",\"target\":{\"@type\":\"EntryPoint\",\"urlTemplate\":\"https:\\\/\\\/ccs-fabricframe.de\\\/?s={search_term_string}\"},\"query-input\":{\"@type\":\"PropertyValueSpecification\",\"valueRequired\":true,\"valueName\":\"search_term_string\"}}],\"inLanguage\":\"en-US\"},{\"@type\":\"Organization\",\"@id\":\"https:\\\/\\\/ccs-fabricframe.de\\\/#organization\",\"name\":\"CCS fabric frame\",\"alternateName\":\"CCS\",\"url\":\"https:\\\/\\\/ccs-fabricframe.de\\\/\",\"logo\":{\"@type\":\"ImageObject\",\"inLanguage\":\"en-US\",\"@id\":\"https:\\\/\\\/ccs-fabricframe.de\\\/#\\\/schema\\\/logo\\\/image\\\/\",\"url\":\"https:\\\/\\\/ccs-fabricframe.de\\\/wp-content\\\/uploads\\\/2025\\\/06\\\/Lg_CCS-Fabfra_RedBlack_rgb_EE2737-1E1E1E-1.svg\",\"contentUrl\":\"https:\\\/\\\/ccs-fabricframe.de\\\/wp-content\\\/uploads\\\/2025\\\/06\\\/Lg_CCS-Fabfra_RedBlack_rgb_EE2737-1E1E1E-1.svg\",\"width\":459,\"height\":255,\"caption\":\"CCS fabric frame\"},\"image\":{\"@id\":\"https:\\\/\\\/ccs-fabricframe.de\\\/#\\\/schema\\\/logo\\\/image\\\/\"},\"sameAs\":[\"https:\\\/\\\/www.instagram.com\\\/ccsfabricframe\\\/\",\"https:\\\/\\\/www.linkedin.com\\\/company\\\/ccs-fabricframe\\\/\"]},{\"@type\":\"Person\",\"@id\":\"https:\\\/\\\/ccs-fabricframe.de\\\/#\\\/schema\\\/person\\\/9919b8463e90c461712ee515c3721f79\",\"name\":\"Franziska\",\"url\":\"https:\\\/\\\/ccs-fabricframe.de\\\/en\\\/author\\\/tssq7kmkhdrb\\\/\"}]}<\/script>\n<!-- \/ Yoast SEO plugin. -->","yoast_head_json":{"title":"Wow-Effekte im Messebau mit Eventdrucken - CCS Fabric Frame","description":"Whether interactive, with acoustic effects, or made from sustainable raw materials: this is how your trade fair booth remains memorable.","robots":{"index":"index","follow":"follow","max-snippet":"max-snippet:-1","max-image-preview":"max-image-preview:large","max-video-preview":"max-video-preview:-1"},"canonical":"https:\/\/ccs-fabricframe.de\/en\/wie-sorgen-kreative-eventdrucke-im-messebau-fuer-wow-effekte\/","og_locale":"en_US","og_type":"article","og_title":"Wow-Effekte im Messebau mit Eventdrucken - CCS Fabric Frame","og_description":"Ob interaktiv, mit Akustikwirkung oder mit nachhaltigen Rohstoffen: So wird euer Messestand zum Highlight und bleibt im Ged\u00e4chtnis.","og_url":"https:\/\/ccs-fabricframe.de\/en\/wie-sorgen-kreative-eventdrucke-im-messebau-fuer-wow-effekte\/","og_site_name":"CCS Fabric Frame","article_published_time":"2025-10-09T12:31:52+00:00","article_modified_time":"2025-11-12T07:51:17+00:00","og_image":[{"width":1000,"height":500,"url":"https:\/\/ccs-fabricframe.de\/wp-content\/uploads\/2025\/07\/CCS_outdoor_textildruck_header.webp","type":"image\/webp"}],"author":"Franziska","twitter_card":"summary_large_image","twitter_misc":{"Written by":"Franziska","Est. reading time":"8 minutes"},"schema":{"@context":"https:\/\/schema.org","@graph":[{"@type":"Article","@id":"https:\/\/ccs-fabricframe.de\/wie-sorgen-kreative-eventdrucke-im-messebau-fuer-wow-effekte\/#article","isPartOf":{"@id":"https:\/\/ccs-fabricframe.de\/wie-sorgen-kreative-eventdrucke-im-messebau-fuer-wow-effekte\/"},"author":{"name":"Franziska","@id":"https:\/\/ccs-fabricframe.de\/#\/schema\/person\/9919b8463e90c461712ee515c3721f79"},"headline":"Wow-Effekte im Messebau mit Eventdrucken","datePublished":"2025-10-09T12:31:52+00:00","dateModified":"2025-11-12T07:51:17+00:00","mainEntityOfPage":{"@id":"https:\/\/ccs-fabricframe.de\/wie-sorgen-kreative-eventdrucke-im-messebau-fuer-wow-effekte\/"},"wordCount":1308,"publisher":{"@id":"https:\/\/ccs-fabricframe.de\/#organization"},"image":{"@id":"https:\/\/ccs-fabricframe.de\/wie-sorgen-kreative-eventdrucke-im-messebau-fuer-wow-effekte\/#primaryimage"},"thumbnailUrl":"https:\/\/ccs-fabricframe.de\/wp-content\/uploads\/2025\/07\/CCS_outdoor_textildruck_header.webp","articleSection":["Messebau"],"inLanguage":"en-US"},{"@type":"WebPage","@id":"https:\/\/ccs-fabricframe.de\/wie-sorgen-kreative-eventdrucke-im-messebau-fuer-wow-effekte\/","url":"https:\/\/ccs-fabricframe.de\/wie-sorgen-kreative-eventdrucke-im-messebau-fuer-wow-effekte\/","name":"Wow-Effekte im Messebau mit Eventdrucken - CCS Fabric Frame","isPartOf":{"@id":"https:\/\/ccs-fabricframe.de\/#website"},"primaryImageOfPage":{"@id":"https:\/\/ccs-fabricframe.de\/wie-sorgen-kreative-eventdrucke-im-messebau-fuer-wow-effekte\/#primaryimage"},"image":{"@id":"https:\/\/ccs-fabricframe.de\/wie-sorgen-kreative-eventdrucke-im-messebau-fuer-wow-effekte\/#primaryimage"},"thumbnailUrl":"https:\/\/ccs-fabricframe.de\/wp-content\/uploads\/2025\/07\/CCS_outdoor_textildruck_header.webp","datePublished":"2025-10-09T12:31:52+00:00","dateModified":"2025-11-12T07:51:17+00:00","description":"Whether interactive, with acoustic effects, or made from sustainable raw materials: this is how your trade fair booth remains memorable.","breadcrumb":{"@id":"https:\/\/ccs-fabricframe.de\/wie-sorgen-kreative-eventdrucke-im-messebau-fuer-wow-effekte\/#breadcrumb"},"inLanguage":"en-US","potentialAction":[{"@type":"ReadAction","target":["https:\/\/ccs-fabricframe.de\/wie-sorgen-kreative-eventdrucke-im-messebau-fuer-wow-effekte\/"]}]},{"@type":"ImageObject","inLanguage":"en-US","@id":"https:\/\/ccs-fabricframe.de\/wie-sorgen-kreative-eventdrucke-im-messebau-fuer-wow-effekte\/#primaryimage","url":"https:\/\/ccs-fabricframe.de\/wp-content\/uploads\/2025\/07\/CCS_outdoor_textildruck_header.webp","contentUrl":"https:\/\/ccs-fabricframe.de\/wp-content\/uploads\/2025\/07\/CCS_outdoor_textildruck_header.webp","width":1000,"height":500,"caption":"Outdoor Textildruck als Fassadenbespannung an einem Messegeb\u00e4ude"},{"@type":"BreadcrumbList","@id":"https:\/\/ccs-fabricframe.de\/wie-sorgen-kreative-eventdrucke-im-messebau-fuer-wow-effekte\/#breadcrumb","itemListElement":[{"@type":"ListItem","position":1,"name":"Startseite","item":"https:\/\/ccs-fabricframe.de\/"},{"@type":"ListItem","position":2,"name":"Wow-Effekte im Messebau mit Eventdrucken"}]},{"@type":"WebSite","@id":"https:\/\/ccs-fabricframe.de\/#website","url":"https:\/\/ccs-fabricframe.de\/","name":"CCS Fabric Frame","description":"Print. Shape. Impress.","publisher":{"@id":"https:\/\/ccs-fabricframe.de\/#organization"},"potentialAction":[{"@type":"SearchAction","target":{"@type":"EntryPoint","urlTemplate":"https:\/\/ccs-fabricframe.de\/?s={search_term_string}"},"query-input":{"@type":"PropertyValueSpecification","valueRequired":true,"valueName":"search_term_string"}}],"inLanguage":"en-US"},{"@type":"Organization","@id":"https:\/\/ccs-fabricframe.de\/#organization","name":"CCS fabric frame","alternateName":"CCS","url":"https:\/\/ccs-fabricframe.de\/","logo":{"@type":"ImageObject","inLanguage":"en-US","@id":"https:\/\/ccs-fabricframe.de\/#\/schema\/logo\/image\/","url":"https:\/\/ccs-fabricframe.de\/wp-content\/uploads\/2025\/06\/Lg_CCS-Fabfra_RedBlack_rgb_EE2737-1E1E1E-1.svg","contentUrl":"https:\/\/ccs-fabricframe.de\/wp-content\/uploads\/2025\/06\/Lg_CCS-Fabfra_RedBlack_rgb_EE2737-1E1E1E-1.svg","width":459,"height":255,"caption":"CCS fabric frame"},"image":{"@id":"https:\/\/ccs-fabricframe.de\/#\/schema\/logo\/image\/"},"sameAs":["https:\/\/www.instagram.com\/ccsfabricframe\/","https:\/\/www.linkedin.com\/company\/ccs-fabricframe\/"]},{"@type":"Person","@id":"https:\/\/ccs-fabricframe.de\/#\/schema\/person\/9919b8463e90c461712ee515c3721f79","name":"Franziska","url":"https:\/\/ccs-fabricframe.de\/en\/author\/tssq7kmkhdrb\/"}]}},"_links":{"self":[{"href":"https:\/\/ccs-fabricframe.de\/en\/wp-json\/wp\/v2\/posts\/6661","targetHints":{"allow":["GET"]}}],"collection":[{"href":"https:\/\/ccs-fabricframe.de\/en\/wp-json\/wp\/v2\/posts"}],"about":[{"href":"https:\/\/ccs-fabricframe.de\/en\/wp-json\/wp\/v2\/types\/post"}],"author":[{"embeddable":true,"href":"https:\/\/ccs-fabricframe.de\/en\/wp-json\/wp\/v2\/users\/6"}],"replies":[{"embeddable":true,"href":"https:\/\/ccs-fabricframe.de\/en\/wp-json\/wp\/v2\/comments?post=6661"}],"version-history":[{"count":30,"href":"https:\/\/ccs-fabricframe.de\/en\/wp-json\/wp\/v2\/posts\/6661\/revisions"}],"predecessor-version":[{"id":6880,"href":"https:\/\/ccs-fabricframe.de\/en\/wp-json\/wp\/v2\/posts\/6661\/revisions\/6880"}],"wp:featuredmedia":[{"embeddable":true,"href":"https:\/\/ccs-fabricframe.de\/en\/wp-json\/wp\/v2\/media\/4990"}],"wp:attachment":[{"href":"https:\/\/ccs-fabricframe.de\/en\/wp-json\/wp\/v2\/media?parent=6661"}],"wp:term":[{"taxonomy":"category","embeddable":true,"href":"https:\/\/ccs-fabricframe.de\/en\/wp-json\/wp\/v2\/categories?post=6661"},{"taxonomy":"post_tag","embeddable":true,"href":"https:\/\/ccs-fabricframe.de\/en\/wp-json\/wp\/v2\/tags?post=6661"}],"curies":[{"name":"wp","href":"https:\/\/api.w.org\/{rel}","templated":true}]}}